{"id":453,"date":"2026-04-21T11:22:49","date_gmt":"2026-04-21T09:22:49","guid":{"rendered":"http:\/\/owitsosnowiec.pl\/?p=453"},"modified":"2026-04-21T11:23:56","modified_gmt":"2026-04-21T09:23:56","slug":"20-04-2026-wsparcie-zatrudnienia-i-nowoczesne-technologie-doradcy-zawodowi-up-z-wizyta-w-owit","status":"publish","type":"post","link":"http:\/\/owitsosnowiec.pl\/?p=453","title":{"rendered":"20.04.2026 Wsparcie zatrudnienia i nowoczesne technologie \u2013 doradcy zawodowi UP z wizyt\u0105 w OWiT"},"content":{"rendered":"\n<p>W siedzibie&nbsp;<strong>O\u015brodka Wsparcia i Test\u00f3w (OWiT) w Sosnowcu<\/strong>&nbsp;odby\u0142o si\u0119 spotkanie zorganizowane z inicjatywy&nbsp;<strong>PFRON Oddzia\u0142 \u015al\u0105ski<\/strong>, w ramach dzia\u0142a\u0144&nbsp;<strong>Centrum Informacyjno-Doradczego dla Os\u00f3b z Niepe\u0142nosprawno\u015bci\u0105 (CIDON)<\/strong>.<\/p>\n\n\n\n<p>Celem spotkania by\u0142o wsp\u00f3lne spojrzenie na kwestie\u00a0<strong>aktywno\u015bci, dost\u0119pno\u015bci oraz zatrudnienia os\u00f3b z niepe\u0142nosprawno\u015bciami<\/strong>\u00a0w codziennym \u017cyciu. <br>W wydarzeniu uczestniczy\u0142a Pani Bo\u017cena Borowiec \u2013 Zast\u0119pca Prezesa Zarz\u0105du PFRON, Iwona Spycha\u0142a-D\u0142ugosz &#8211; Dyrektor Oddzia\u0142u \u015al\u0105skiego PFRON, a tak\u017ce doradcy zawodowi oraz przedstawiciele instytucji zaanga\u017cowanych w system wsparcia.<\/p>\n\n\n\n<p>Podczas spotkania&nbsp;<strong>zaprezentowali\u015bmy dzia\u0142alno\u015b\u0107 OWiT Sosnowiec<\/strong>. Prezentacj\u0119 poprowadzi\u0142a kierownik&nbsp;<strong>Maria Flanczewska-Wolny<\/strong>, kt\u00f3ra om\u00f3wi\u0142a zasady funkcjonowania O\u015brodka oraz mo\u017cliwo\u015bci wsparcia oferowane osobom z niepe\u0142nosprawno\u015bciami. Nast\u0119pnie&nbsp;<strong>Jakub Wolny<\/strong>&nbsp;przedstawi\u0142 dost\u0119pny w OWiT sprz\u0119t wspomagaj\u0105cy, omawiaj\u0105c jego praktyczne zastosowanie w codziennym funkcjonowaniu.<\/p>\n\n\n\n<p>Uczestnicy mieli mo\u017cliwo\u015b\u0107&nbsp;<strong>bezpo\u015bredniego testowania technologii asystuj\u0105cych<\/strong>, co pozwoli\u0142o lepiej zrozumie\u0107 ich rol\u0119 w zwi\u0119kszaniu samodzielno\u015bci i komfortu \u017cycia.<\/p>\n\n\n\n<p>W programie spotkania znalaz\u0142y si\u0119 r\u00f3wnie\u017c prezentacje dotycz\u0105ce aktualnych dzia\u0142a\u0144&nbsp;<strong>PFRON Oddzia\u0142 \u015al\u0105ski<\/strong>, a tak\u017ce wyst\u0105pienie przedstawicieli&nbsp;<strong>Wojew\u00f3dzkiego Urz\u0119du Pracy w Katowicach \u2013 Centrum Informacji i Planowania Kariery Zawodowej<\/strong>, kt\u00f3rzy zaprezentowali mo\u017cliwo\u015bci wsparcia w planowaniu przysz\u0142o\u015bci zawodowej.<\/p>\n\n\n\n<p>Spotkanie by\u0142o przestrzeni\u0105 do wymiany do\u015bwiadcze\u0144, zadawania pyta\u0144 oraz rozm\u00f3w o realnych potrzebach i wyzwaniach. Potwierdzi\u0142o r\u00f3wnie\u017c, jak wa\u017cna jest wsp\u00f3\u0142praca instytucji w budowaniu dost\u0119pnego i wspieraj\u0105cego \u015brodowiska dla os\u00f3b z niepe\u0142nosprawno\u015bciami.<\/p>\n\n\n\n<p>Dzi\u0119kujemy wszystkim uczestnikom za obecno\u015b\u0107 oraz&nbsp;<strong>Sosnowieckiej Sp\u00f3\u0142dzielni Socjalnej S3<\/strong>&nbsp;za przygotowanie pocz\u0119stunku dla go\u015bci. \ud83d\udc99<\/p>\n\n\n\n<figure class=\"wp-block-gallery has-nested-images columns-default is-cropped wp-block-gallery-1 is-layout-flex wp-block-gallery-is-layout-flex\">\n<figure class=\"wp-block-image size-large\"><img fetchpriority=\"high\" decoding=\"async\" width=\"768\" height=\"1024\" data-id=\"456\" src=\"http:\/\/owitsosnowiec.pl\/wp-content\/uploads\/2026\/04\/IMG_5796-768x1024.jpeg\" alt=\"\" class=\"wp-image-456\" srcset=\"http:\/\/owitsosnowiec.pl\/wp-content\/uploads\/2026\/04\/IMG_5796-768x1024.jpeg 768w, http:\/\/owitsosnowiec.pl\/wp-content\/uploads\/2026\/04\/IMG_5796-225x300.jpeg 225w, http:\/\/owitsosnowiec.pl\/wp-content\/uploads\/2026\/04\/IMG_5796-1152x1536.jpeg 1152w, http:\/\/owitsosnowiec.pl\/wp-content\/uploads\/2026\/04\/IMG_5796-1536x2048.jpeg 1536w, http:\/\/owitsosnowiec.pl\/wp-content\/uploads\/2026\/04\/IMG_5796-scaled.jpeg 1920w\" sizes=\"(max-width: 768px) 100vw, 768px\" \/><\/figure>\n\n\n\n<figure class=\"wp-block-image size-large\"><img decoding=\"async\" width=\"768\" height=\"1024\" data-id=\"454\" src=\"http:\/\/owitsosnowiec.pl\/wp-content\/uploads\/2026\/04\/IMG_5802-768x1024.jpeg\" alt=\"\" class=\"wp-image-454\" srcset=\"http:\/\/owitsosnowiec.pl\/wp-content\/uploads\/2026\/04\/IMG_5802-768x1024.jpeg 768w, http:\/\/owitsosnowiec.pl\/wp-content\/uploads\/2026\/04\/IMG_5802-225x300.jpeg 225w, http:\/\/owitsosnowiec.pl\/wp-content\/uploads\/2026\/04\/IMG_5802-1152x1536.jpeg 1152w, http:\/\/owitsosnowiec.pl\/wp-content\/uploads\/2026\/04\/IMG_5802-1536x2048.jpeg 1536w, http:\/\/owitsosnowiec.pl\/wp-content\/uploads\/2026\/04\/IMG_5802-scaled.jpeg 1920w\" sizes=\"(max-width: 768px) 100vw, 768px\" \/><\/figure>\n\n\n\n<figure class=\"wp-block-image size-large\"><img decoding=\"async\" width=\"576\" height=\"1024\" data-id=\"455\" src=\"http:\/\/owitsosnowiec.pl\/wp-content\/uploads\/2026\/04\/IMG_5821-576x1024.jpeg\" alt=\"\" class=\"wp-image-455\" srcset=\"http:\/\/owitsosnowiec.pl\/wp-content\/uploads\/2026\/04\/IMG_5821-576x1024.jpeg 576w, http:\/\/owitsosnowiec.pl\/wp-content\/uploads\/2026\/04\/IMG_5821-169x300.jpeg 169w, http:\/\/owitsosnowiec.pl\/wp-content\/uploads\/2026\/04\/IMG_5821-768x1365.jpeg 768w, http:\/\/owitsosnowiec.pl\/wp-content\/uploads\/2026\/04\/IMG_5821-864x1536.jpeg 864w, http:\/\/owitsosnowiec.pl\/wp-content\/uploads\/2026\/04\/IMG_5821-1152x2048.jpeg 1152w, http:\/\/owitsosnowiec.pl\/wp-content\/uploads\/2026\/04\/IMG_5821-scaled.jpeg 1440w\" sizes=\"(max-width: 576px) 100vw, 576px\" \/><\/figure>\n\n\n\n<figure class=\"wp-block-image size-large\"><img loading=\"lazy\" decoding=\"async\" width=\"1024\" height=\"768\" data-id=\"459\" src=\"http:\/\/owitsosnowiec.pl\/wp-content\/uploads\/2026\/04\/IMG_5849-1024x768.jpeg\" alt=\"\" class=\"wp-image-459\" srcset=\"http:\/\/owitsosnowiec.pl\/wp-content\/uploads\/2026\/04\/IMG_5849-1024x768.jpeg 1024w, http:\/\/owitsosnowiec.pl\/wp-content\/uploads\/2026\/04\/IMG_5849-300x225.jpeg 300w, http:\/\/owitsosnowiec.pl\/wp-content\/uploads\/2026\/04\/IMG_5849-768x576.jpeg 768w, http:\/\/owitsosnowiec.pl\/wp-content\/uploads\/2026\/04\/IMG_5849-1536x1152.jpeg 1536w, http:\/\/owitsosnowiec.pl\/wp-content\/uploads\/2026\/04\/IMG_5849-2048x1536.jpeg 2048w\" sizes=\"(max-width: 1024px) 100vw, 1024px\" \/><\/figure>\n\n\n\n<figure class=\"wp-block-image size-large\"><img loading=\"lazy\" decoding=\"async\" width=\"768\" height=\"1024\" data-id=\"458\" src=\"http:\/\/owitsosnowiec.pl\/wp-content\/uploads\/2026\/04\/IMG_5875-768x1024.jpeg\" alt=\"\" class=\"wp-image-458\" srcset=\"http:\/\/owitsosnowiec.pl\/wp-content\/uploads\/2026\/04\/IMG_5875-768x1024.jpeg 768w, http:\/\/owitsosnowiec.pl\/wp-content\/uploads\/2026\/04\/IMG_5875-225x300.jpeg 225w, http:\/\/owitsosnowiec.pl\/wp-content\/uploads\/2026\/04\/IMG_5875-1152x1536.jpeg 1152w, http:\/\/owitsosnowiec.pl\/wp-content\/uploads\/2026\/04\/IMG_5875-1536x2048.jpeg 1536w, http:\/\/owitsosnowiec.pl\/wp-content\/uploads\/2026\/04\/IMG_5875-scaled.jpeg 1920w\" sizes=\"(max-width: 768px) 100vw, 768px\" \/><\/figure>\n\n\n\n<figure class=\"wp-block-image size-large\"><img loading=\"lazy\" decoding=\"async\" width=\"768\" height=\"1024\" data-id=\"457\" src=\"http:\/\/owitsosnowiec.pl\/wp-content\/uploads\/2026\/04\/IMG_5882-768x1024.jpeg\" alt=\"\" class=\"wp-image-457\" srcset=\"http:\/\/owitsosnowiec.pl\/wp-content\/uploads\/2026\/04\/IMG_5882-768x1024.jpeg 768w, http:\/\/owitsosnowiec.pl\/wp-content\/uploads\/2026\/04\/IMG_5882-225x300.jpeg 225w, http:\/\/owitsosnowiec.pl\/wp-content\/uploads\/2026\/04\/IMG_5882-1152x1536.jpeg 1152w, http:\/\/owitsosnowiec.pl\/wp-content\/uploads\/2026\/04\/IMG_5882-1536x2048.jpeg 1536w, http:\/\/owitsosnowiec.pl\/wp-content\/uploads\/2026\/04\/IMG_5882-scaled.jpeg 1920w\" sizes=\"(max-width: 768px) 100vw, 768px\" \/><\/figure>\n\n\n\n<figure class=\"wp-block-image size-large\"><img loading=\"lazy\" decoding=\"async\" width=\"1024\" height=\"768\" data-id=\"460\" src=\"http:\/\/owitsosnowiec.pl\/wp-content\/uploads\/2026\/04\/IMG_5894-1024x768.jpeg\" alt=\"\" class=\"wp-image-460\" srcset=\"http:\/\/owitsosnowiec.pl\/wp-content\/uploads\/2026\/04\/IMG_5894-1024x768.jpeg 1024w, http:\/\/owitsosnowiec.pl\/wp-content\/uploads\/2026\/04\/IMG_5894-300x225.jpeg 300w, http:\/\/owitsosnowiec.pl\/wp-content\/uploads\/2026\/04\/IMG_5894-768x576.jpeg 768w, http:\/\/owitsosnowiec.pl\/wp-content\/uploads\/2026\/04\/IMG_5894.jpeg 1500w\" sizes=\"(max-width: 1024px) 100vw, 1024px\" \/><\/figure>\n\n\n\n<figure class=\"wp-block-image size-large\"><img loading=\"lazy\" decoding=\"async\" width=\"1024\" height=\"768\" data-id=\"461\" src=\"http:\/\/owitsosnowiec.pl\/wp-content\/uploads\/2026\/04\/IMG_5892-1024x768.jpeg\" alt=\"\" class=\"wp-image-461\" srcset=\"http:\/\/owitsosnowiec.pl\/wp-content\/uploads\/2026\/04\/IMG_5892-1024x768.jpeg 1024w, http:\/\/owitsosnowiec.pl\/wp-content\/uploads\/2026\/04\/IMG_5892-300x225.jpeg 300w, http:\/\/owitsosnowiec.pl\/wp-content\/uploads\/2026\/04\/IMG_5892-768x576.jpeg 768w, http:\/\/owitsosnowiec.pl\/wp-content\/uploads\/2026\/04\/IMG_5892.jpeg 1500w\" sizes=\"(max-width: 1024px) 100vw, 1024px\" \/><\/figure>\n<\/figure>\n","protected":false},"excerpt":{"rendered":"<p>W siedzibie&nbsp;O\u015brodka Wsparcia i Test\u00f3w (OWiT) w Sosnowcu&nbsp;odby\u0142o si\u0119 spotkanie zorganizowane z inicjatywy&nbsp;PFRON Oddzia\u0142 \u015al\u0105ski, w ramach dzia\u0142a\u0144&nbsp;Centrum Informacyjno-Doradczego dla Os\u00f3b z Niepe\u0142nosprawno\u015bci\u0105 (CIDON). Celem spotkania by\u0142o wsp\u00f3lne spojrzenie na kwestie\u00a0aktywno\u015bci, dost\u0119pno\u015bci oraz zatrudnienia os\u00f3b z niepe\u0142nosprawno\u015bciami\u00a0w codziennym \u017cyciu. W wydarzeniu uczestniczy\u0142a Pani Bo\u017cena Borowiec \u2013 Zast\u0119pca Prezesa Zarz\u0105du PFRON, [&hellip;]<\/p>\n","protected":false},"author":1,"featured_media":456,"comment_status":"open","ping_status":"open","sticky":false,"template":"","format":"standard","meta":{"footnotes":""},"categories":[1],"tags":[8,9,10,11,12],"class_list":["post-453","post","type-post","status-publish","format-standard","has-post-thumbnail","hentry","category-bez-kategorii","tag-niepelnosprawnosc","tag-osrodek-wsparcia-i-testow","tag-owit","tag-pfron","tag-sosnowiec"],"yoast_head":"<!-- This site is optimized with the Yoast SEO plugin v27.2 - https:\/\/yoast.com\/product\/yoast-seo-wordpress\/ -->\n<title>20.04.2026 Wsparcie zatrudnienia i nowoczesne technologie \u2013 doradcy zawodowi UP z wizyt\u0105 w OWiT - O\u015brodek Wsparcia i Test\u00f3w w Sosnowcu<\/title>\n<meta name=\"robots\" content=\"index, follow, max-snippet:-1, max-image-preview:large, max-video-preview:-1\" \/>\n<link rel=\"canonical\" href=\"https:\/\/owitsosnowiec.pl\/?p=453\" \/>\n<meta property=\"og:locale\" content=\"pl_PL\" \/>\n<meta property=\"og:type\" content=\"article\" \/>\n<meta property=\"og:title\" content=\"20.04.2026 Wsparcie zatrudnienia i nowoczesne technologie \u2013 doradcy zawodowi UP z wizyt\u0105 w OWiT - O\u015brodek Wsparcia i Test\u00f3w w Sosnowcu\" \/>\n<meta property=\"og:description\" content=\"W siedzibie&nbsp;O\u015brodka Wsparcia i Test\u00f3w (OWiT) w Sosnowcu&nbsp;odby\u0142o si\u0119 spotkanie zorganizowane z inicjatywy&nbsp;PFRON Oddzia\u0142 \u015al\u0105ski, w ramach dzia\u0142a\u0144&nbsp;Centrum Informacyjno-Doradczego dla Os\u00f3b z Niepe\u0142nosprawno\u015bci\u0105 (CIDON). Celem spotkania by\u0142o wsp\u00f3lne spojrzenie na kwestie\u00a0aktywno\u015bci, dost\u0119pno\u015bci oraz zatrudnienia os\u00f3b z niepe\u0142nosprawno\u015bciami\u00a0w codziennym \u017cyciu. W wydarzeniu uczestniczy\u0142a Pani Bo\u017cena Borowiec \u2013 Zast\u0119pca Prezesa Zarz\u0105du PFRON, [&hellip;]\" \/>\n<meta property=\"og:url\" content=\"https:\/\/owitsosnowiec.pl\/?p=453\" \/>\n<meta property=\"og:site_name\" content=\"O\u015brodek Wsparcia i Test\u00f3w w Sosnowcu\" \/>\n<meta property=\"article:published_time\" content=\"2026-04-21T09:22:49+00:00\" \/>\n<meta property=\"article:modified_time\" content=\"2026-04-21T09:23:56+00:00\" \/>\n<meta property=\"og:image\" content=\"http:\/\/owitsosnowiec.pl\/wp-content\/uploads\/2026\/04\/IMG_5796-scaled.jpeg\" \/>\n\t<meta property=\"og:image:width\" content=\"1920\" \/>\n\t<meta property=\"og:image:height\" content=\"2560\" \/>\n\t<meta property=\"og:image:type\" content=\"image\/jpeg\" \/>\n<meta name=\"author\" content=\"admin\" \/>\n<meta name=\"twitter:card\" content=\"summary_large_image\" \/>\n<meta name=\"twitter:label1\" content=\"Napisane przez\" \/>\n\t<meta name=\"twitter:data1\" content=\"admin\" \/>\n\t<meta name=\"twitter:label2\" content=\"Szacowany czas czytania\" \/>\n\t<meta name=\"twitter:data2\" content=\"4 minuty\" \/>\n<script type=\"application\/ld+json\" class=\"yoast-schema-graph\">{\"@context\":\"https:\/\/schema.org\",\"@graph\":[{\"@type\":\"Article\",\"@id\":\"https:\/\/owitsosnowiec.pl\/?p=453#article\",\"isPartOf\":{\"@id\":\"https:\/\/owitsosnowiec.pl\/?p=453\"},\"author\":{\"name\":\"admin\",\"@id\":\"http:\/\/owitsosnowiec.pl\/#\/schema\/person\/a89842fe862e6af003c5d0d36d630c7c\"},\"headline\":\"20.04.2026 Wsparcie zatrudnienia i nowoczesne technologie \u2013 doradcy zawodowi UP z wizyt\u0105 w OWiT\",\"datePublished\":\"2026-04-21T09:22:49+00:00\",\"dateModified\":\"2026-04-21T09:23:56+00:00\",\"mainEntityOfPage\":{\"@id\":\"https:\/\/owitsosnowiec.pl\/?p=453\"},\"wordCount\":317,\"commentCount\":0,\"publisher\":{\"@id\":\"http:\/\/owitsosnowiec.pl\/#organization\"},\"image\":{\"@id\":\"https:\/\/owitsosnowiec.pl\/?p=453#primaryimage\"},\"thumbnailUrl\":\"http:\/\/owitsosnowiec.pl\/wp-content\/uploads\/2026\/04\/IMG_5796-scaled.jpeg\",\"keywords\":[\"niepe\u0142nosprawno\u015b\u0107\",\"O\u015brodek Wsparcia i Test\u00f3w\",\"OWIT\",\"Pfron\",\"Sosnowiec\"],\"inLanguage\":\"pl-PL\",\"potentialAction\":[{\"@type\":\"CommentAction\",\"name\":\"Comment\",\"target\":[\"https:\/\/owitsosnowiec.pl\/?p=453#respond\"]}]},{\"@type\":\"WebPage\",\"@id\":\"https:\/\/owitsosnowiec.pl\/?p=453\",\"url\":\"https:\/\/owitsosnowiec.pl\/?p=453\",\"name\":\"20.04.2026 Wsparcie zatrudnienia i nowoczesne technologie \u2013 doradcy zawodowi UP z wizyt\u0105 w OWiT - O\u015brodek Wsparcia i Test\u00f3w w Sosnowcu\",\"isPartOf\":{\"@id\":\"http:\/\/owitsosnowiec.pl\/#website\"},\"primaryImageOfPage\":{\"@id\":\"https:\/\/owitsosnowiec.pl\/?p=453#primaryimage\"},\"image\":{\"@id\":\"https:\/\/owitsosnowiec.pl\/?p=453#primaryimage\"},\"thumbnailUrl\":\"http:\/\/owitsosnowiec.pl\/wp-content\/uploads\/2026\/04\/IMG_5796-scaled.jpeg\",\"datePublished\":\"2026-04-21T09:22:49+00:00\",\"dateModified\":\"2026-04-21T09:23:56+00:00\",\"breadcrumb\":{\"@id\":\"https:\/\/owitsosnowiec.pl\/?p=453#breadcrumb\"},\"inLanguage\":\"pl-PL\",\"potentialAction\":[{\"@type\":\"ReadAction\",\"target\":[\"https:\/\/owitsosnowiec.pl\/?p=453\"]}]},{\"@type\":\"ImageObject\",\"inLanguage\":\"pl-PL\",\"@id\":\"https:\/\/owitsosnowiec.pl\/?p=453#primaryimage\",\"url\":\"http:\/\/owitsosnowiec.pl\/wp-content\/uploads\/2026\/04\/IMG_5796-scaled.jpeg\",\"contentUrl\":\"http:\/\/owitsosnowiec.pl\/wp-content\/uploads\/2026\/04\/IMG_5796-scaled.jpeg\",\"width\":1920,\"height\":2560},{\"@type\":\"BreadcrumbList\",\"@id\":\"https:\/\/owitsosnowiec.pl\/?p=453#breadcrumb\",\"itemListElement\":[{\"@type\":\"ListItem\",\"position\":1,\"name\":\"Home\",\"item\":\"http:\/\/owitsosnowiec.pl\/\"},{\"@type\":\"ListItem\",\"position\":2,\"name\":\"20.04.2026 Wsparcie zatrudnienia i nowoczesne technologie \u2013 doradcy zawodowi UP z wizyt\u0105 w OWiT\"}]},{\"@type\":\"WebSite\",\"@id\":\"http:\/\/owitsosnowiec.pl\/#website\",\"url\":\"http:\/\/owitsosnowiec.pl\/\",\"name\":\"O\u015brodek Wsparcia i Test\u00f3w w Sosnowcu\",\"description\":\"\",\"publisher\":{\"@id\":\"http:\/\/owitsosnowiec.pl\/#organization\"},\"potentialAction\":[{\"@type\":\"SearchAction\",\"target\":{\"@type\":\"EntryPoint\",\"urlTemplate\":\"http:\/\/owitsosnowiec.pl\/?s={search_term_string}\"},\"query-input\":{\"@type\":\"PropertyValueSpecification\",\"valueRequired\":true,\"valueName\":\"search_term_string\"}}],\"inLanguage\":\"pl-PL\"},{\"@type\":\"Organization\",\"@id\":\"http:\/\/owitsosnowiec.pl\/#organization\",\"name\":\"O\u015brodek Wsparcia i Test\u00f3w w Sosnowcu\",\"url\":\"http:\/\/owitsosnowiec.pl\/\",\"logo\":{\"@type\":\"ImageObject\",\"inLanguage\":\"pl-PL\",\"@id\":\"http:\/\/owitsosnowiec.pl\/#\/schema\/logo\/image\/\",\"url\":\"http:\/\/owitsosnowiec.pl\/wp-content\/uploads\/2026\/04\/Projekt-bez-nazwy.png\",\"contentUrl\":\"http:\/\/owitsosnowiec.pl\/wp-content\/uploads\/2026\/04\/Projekt-bez-nazwy.png\",\"width\":2017,\"height\":733,\"caption\":\"O\u015brodek Wsparcia i Test\u00f3w w Sosnowcu\"},\"image\":{\"@id\":\"http:\/\/owitsosnowiec.pl\/#\/schema\/logo\/image\/\"}},{\"@type\":\"Person\",\"@id\":\"http:\/\/owitsosnowiec.pl\/#\/schema\/person\/a89842fe862e6af003c5d0d36d630c7c\",\"name\":\"admin\",\"image\":{\"@type\":\"ImageObject\",\"inLanguage\":\"pl-PL\",\"@id\":\"https:\/\/secure.gravatar.com\/avatar\/5e4944fe247161ff26b33b416ef5c794327c5dc77e48a59d6fa95ae7d24c4ed6?s=96&d=mm&r=g\",\"url\":\"https:\/\/secure.gravatar.com\/avatar\/5e4944fe247161ff26b33b416ef5c794327c5dc77e48a59d6fa95ae7d24c4ed6?s=96&d=mm&r=g\",\"contentUrl\":\"https:\/\/secure.gravatar.com\/avatar\/5e4944fe247161ff26b33b416ef5c794327c5dc77e48a59d6fa95ae7d24c4ed6?s=96&d=mm&r=g\",\"caption\":\"admin\"},\"sameAs\":[\"https:\/\/example.com\"],\"url\":\"http:\/\/owitsosnowiec.pl\/?author=1\"}]}<\/script>\n<!-- \/ Yoast SEO plugin. -->","yoast_head_json":{"title":"20.04.2026 Wsparcie zatrudnienia i nowoczesne technologie \u2013 doradcy zawodowi UP z wizyt\u0105 w OWiT - O\u015brodek Wsparcia i Test\u00f3w w Sosnowcu","robots":{"index":"index","follow":"follow","max-snippet":"max-snippet:-1","max-image-preview":"max-image-preview:large","max-video-preview":"max-video-preview:-1"},"canonical":"https:\/\/owitsosnowiec.pl\/?p=453","og_locale":"pl_PL","og_type":"article","og_title":"20.04.2026 Wsparcie zatrudnienia i nowoczesne technologie \u2013 doradcy zawodowi UP z wizyt\u0105 w OWiT - O\u015brodek Wsparcia i Test\u00f3w w Sosnowcu","og_description":"W siedzibie&nbsp;O\u015brodka Wsparcia i Test\u00f3w (OWiT) w Sosnowcu&nbsp;odby\u0142o si\u0119 spotkanie zorganizowane z inicjatywy&nbsp;PFRON Oddzia\u0142 \u015al\u0105ski, w ramach dzia\u0142a\u0144&nbsp;Centrum Informacyjno-Doradczego dla Os\u00f3b z Niepe\u0142nosprawno\u015bci\u0105 (CIDON). Celem spotkania by\u0142o wsp\u00f3lne spojrzenie na kwestie\u00a0aktywno\u015bci, dost\u0119pno\u015bci oraz zatrudnienia os\u00f3b z niepe\u0142nosprawno\u015bciami\u00a0w codziennym \u017cyciu. W wydarzeniu uczestniczy\u0142a Pani Bo\u017cena Borowiec \u2013 Zast\u0119pca Prezesa Zarz\u0105du PFRON, [&hellip;]","og_url":"https:\/\/owitsosnowiec.pl\/?p=453","og_site_name":"O\u015brodek Wsparcia i Test\u00f3w w Sosnowcu","article_published_time":"2026-04-21T09:22:49+00:00","article_modified_time":"2026-04-21T09:23:56+00:00","og_image":[{"width":1920,"height":2560,"url":"http:\/\/owitsosnowiec.pl\/wp-content\/uploads\/2026\/04\/IMG_5796-scaled.jpeg","type":"image\/jpeg"}],"author":"admin","twitter_card":"summary_large_image","twitter_misc":{"Napisane przez":"admin","Szacowany czas czytania":"4 minuty"},"schema":{"@context":"https:\/\/schema.org","@graph":[{"@type":"Article","@id":"https:\/\/owitsosnowiec.pl\/?p=453#article","isPartOf":{"@id":"https:\/\/owitsosnowiec.pl\/?p=453"},"author":{"name":"admin","@id":"http:\/\/owitsosnowiec.pl\/#\/schema\/person\/a89842fe862e6af003c5d0d36d630c7c"},"headline":"20.04.2026 Wsparcie zatrudnienia i nowoczesne technologie \u2013 doradcy zawodowi UP z wizyt\u0105 w OWiT","datePublished":"2026-04-21T09:22:49+00:00","dateModified":"2026-04-21T09:23:56+00:00","mainEntityOfPage":{"@id":"https:\/\/owitsosnowiec.pl\/?p=453"},"wordCount":317,"commentCount":0,"publisher":{"@id":"http:\/\/owitsosnowiec.pl\/#organization"},"image":{"@id":"https:\/\/owitsosnowiec.pl\/?p=453#primaryimage"},"thumbnailUrl":"http:\/\/owitsosnowiec.pl\/wp-content\/uploads\/2026\/04\/IMG_5796-scaled.jpeg","keywords":["niepe\u0142nosprawno\u015b\u0107","O\u015brodek Wsparcia i Test\u00f3w","OWIT","Pfron","Sosnowiec"],"inLanguage":"pl-PL","potentialAction":[{"@type":"CommentAction","name":"Comment","target":["https:\/\/owitsosnowiec.pl\/?p=453#respond"]}]},{"@type":"WebPage","@id":"https:\/\/owitsosnowiec.pl\/?p=453","url":"https:\/\/owitsosnowiec.pl\/?p=453","name":"20.04.2026 Wsparcie zatrudnienia i nowoczesne technologie \u2013 doradcy zawodowi UP z wizyt\u0105 w OWiT - O\u015brodek Wsparcia i Test\u00f3w w Sosnowcu","isPartOf":{"@id":"http:\/\/owitsosnowiec.pl\/#website"},"primaryImageOfPage":{"@id":"https:\/\/owitsosnowiec.pl\/?p=453#primaryimage"},"image":{"@id":"https:\/\/owitsosnowiec.pl\/?p=453#primaryimage"},"thumbnailUrl":"http:\/\/owitsosnowiec.pl\/wp-content\/uploads\/2026\/04\/IMG_5796-scaled.jpeg","datePublished":"2026-04-21T09:22:49+00:00","dateModified":"2026-04-21T09:23:56+00:00","breadcrumb":{"@id":"https:\/\/owitsosnowiec.pl\/?p=453#breadcrumb"},"inLanguage":"pl-PL","potentialAction":[{"@type":"ReadAction","target":["https:\/\/owitsosnowiec.pl\/?p=453"]}]},{"@type":"ImageObject","inLanguage":"pl-PL","@id":"https:\/\/owitsosnowiec.pl\/?p=453#primaryimage","url":"http:\/\/owitsosnowiec.pl\/wp-content\/uploads\/2026\/04\/IMG_5796-scaled.jpeg","contentUrl":"http:\/\/owitsosnowiec.pl\/wp-content\/uploads\/2026\/04\/IMG_5796-scaled.jpeg","width":1920,"height":2560},{"@type":"BreadcrumbList","@id":"https:\/\/owitsosnowiec.pl\/?p=453#breadcrumb","itemListElement":[{"@type":"ListItem","position":1,"name":"Home","item":"http:\/\/owitsosnowiec.pl\/"},{"@type":"ListItem","position":2,"name":"20.04.2026 Wsparcie zatrudnienia i nowoczesne technologie \u2013 doradcy zawodowi UP z wizyt\u0105 w OWiT"}]},{"@type":"WebSite","@id":"http:\/\/owitsosnowiec.pl\/#website","url":"http:\/\/owitsosnowiec.pl\/","name":"O\u015brodek Wsparcia i Test\u00f3w w Sosnowcu","description":"","publisher":{"@id":"http:\/\/owitsosnowiec.pl\/#organization"},"potentialAction":[{"@type":"SearchAction","target":{"@type":"EntryPoint","urlTemplate":"http:\/\/owitsosnowiec.pl\/?s={search_term_string}"},"query-input":{"@type":"PropertyValueSpecification","valueRequired":true,"valueName":"search_term_string"}}],"inLanguage":"pl-PL"},{"@type":"Organization","@id":"http:\/\/owitsosnowiec.pl\/#organization","name":"O\u015brodek Wsparcia i Test\u00f3w w Sosnowcu","url":"http:\/\/owitsosnowiec.pl\/","logo":{"@type":"ImageObject","inLanguage":"pl-PL","@id":"http:\/\/owitsosnowiec.pl\/#\/schema\/logo\/image\/","url":"http:\/\/owitsosnowiec.pl\/wp-content\/uploads\/2026\/04\/Projekt-bez-nazwy.png","contentUrl":"http:\/\/owitsosnowiec.pl\/wp-content\/uploads\/2026\/04\/Projekt-bez-nazwy.png","width":2017,"height":733,"caption":"O\u015brodek Wsparcia i Test\u00f3w w Sosnowcu"},"image":{"@id":"http:\/\/owitsosnowiec.pl\/#\/schema\/logo\/image\/"}},{"@type":"Person","@id":"http:\/\/owitsosnowiec.pl\/#\/schema\/person\/a89842fe862e6af003c5d0d36d630c7c","name":"admin","image":{"@type":"ImageObject","inLanguage":"pl-PL","@id":"https:\/\/secure.gravatar.com\/avatar\/5e4944fe247161ff26b33b416ef5c794327c5dc77e48a59d6fa95ae7d24c4ed6?s=96&d=mm&r=g","url":"https:\/\/secure.gravatar.com\/avatar\/5e4944fe247161ff26b33b416ef5c794327c5dc77e48a59d6fa95ae7d24c4ed6?s=96&d=mm&r=g","contentUrl":"https:\/\/secure.gravatar.com\/avatar\/5e4944fe247161ff26b33b416ef5c794327c5dc77e48a59d6fa95ae7d24c4ed6?s=96&d=mm&r=g","caption":"admin"},"sameAs":["https:\/\/example.com"],"url":"http:\/\/owitsosnowiec.pl\/?author=1"}]}},"_links":{"self":[{"href":"http:\/\/owitsosnowiec.pl\/index.php?rest_route=\/wp\/v2\/posts\/453","targetHints":{"allow":["GET"]}}],"collection":[{"href":"http:\/\/owitsosnowiec.pl\/index.php?rest_route=\/wp\/v2\/posts"}],"about":[{"href":"http:\/\/owitsosnowiec.pl\/index.php?rest_route=\/wp\/v2\/types\/post"}],"author":[{"embeddable":true,"href":"http:\/\/owitsosnowiec.pl\/index.php?rest_route=\/wp\/v2\/users\/1"}],"replies":[{"embeddable":true,"href":"http:\/\/owitsosnowiec.pl\/index.php?rest_route=%2Fwp%2Fv2%2Fcomments&post=453"}],"version-history":[{"count":1,"href":"http:\/\/owitsosnowiec.pl\/index.php?rest_route=\/wp\/v2\/posts\/453\/revisions"}],"predecessor-version":[{"id":462,"href":"http:\/\/owitsosnowiec.pl\/index.php?rest_route=\/wp\/v2\/posts\/453\/revisions\/462"}],"wp:featuredmedia":[{"embeddable":true,"href":"http:\/\/owitsosnowiec.pl\/index.php?rest_route=\/wp\/v2\/media\/456"}],"wp:attachment":[{"href":"http:\/\/owitsosnowiec.pl\/index.php?rest_route=%2Fwp%2Fv2%2Fmedia&parent=453"}],"wp:term":[{"taxonomy":"category","embeddable":true,"href":"http:\/\/owitsosnowiec.pl\/index.php?rest_route=%2Fwp%2Fv2%2Fcategories&post=453"},{"taxonomy":"post_tag","embeddable":true,"href":"http:\/\/owitsosnowiec.pl\/index.php?rest_route=%2Fwp%2Fv2%2Ftags&post=453"}],"curies":[{"name":"wp","href":"https:\/\/api.w.org\/{rel}","templated":true}]}}