{"id":339,"date":"2026-01-21T09:04:15","date_gmt":"2026-01-21T08:04:15","guid":{"rendered":"https:\/\/owitsosnowiec.pl\/?p=339"},"modified":"2026-04-16T09:09:22","modified_gmt":"2026-04-16T07:09:22","slug":"spotkania-ze-studentami-uniwersytetu-slaskiego-pedagogika-specjalna","status":"publish","type":"post","link":"http:\/\/owitsosnowiec.pl\/?p=339","title":{"rendered":"Spotkania ze studentami Uniwersytetu \u015al\u0105skiego \u2013 pedagogika specjalna"},"content":{"rendered":"\n<p>W dniach <strong>9, 16 i 19 stycznia 2026 r.<\/strong> w O\u015brodku Wsparcia i Test\u00f3w w Sosnowcu odby\u0142y si\u0119 spotkania ze studentami <strong>Uniwersytetu \u015al\u0105skiego<\/strong> z kierunku pedagogika specjalna, kt\u00f3rym towarzyszy\u0142a <strong>dr Alina Stosor<\/strong>.<\/p>\n\n\n\n<p>Podczas wizyt zaprezentowali\u015bmy specyfik\u0119 funkcjonowania OWiT oraz szczeg\u00f3\u0142owo om\u00f3wili\u015bmy nasz\u0105 ofert\u0119 skierowan\u0105 do os\u00f3b z niepe\u0142nosprawno\u015bciami i ich otoczenia. Studenci mieli mo\u017cliwo\u015b\u0107 zapoznania si\u0119 z zasadami dzia\u0142ania O\u015brodka, procesem doboru technologii wspomagaj\u0105cych oraz praktycznym zastosowaniem dost\u0119pnych rozwi\u0105za\u0144.<\/p>\n\n\n\n<p>Spotkania mia\u0142y charakter edukacyjny i praktyczny \u2013 uczestnicy mogli zobaczy\u0107, w jaki spos\u00f3b nowoczesne technologie wspieraj\u0105ce wp\u0142ywaj\u0105 na popraw\u0119 funkcjonowania os\u00f3b z niepe\u0142nosprawno\u015bciami oraz jak wygl\u0105da praca zespo\u0142u OWiT w codziennej praktyce.<\/p>\n\n\n\n<p>Dzi\u0119kujemy za zainteresowanie oraz inspiruj\u0105ce rozmowy. Cieszymy si\u0119, \u017ce mogli\u015bmy podzieli\u0107 si\u0119 naszym do\u015bwiadczeniem i przybli\u017cy\u0107 studentom realne dzia\u0142ania w obszarze wsparcia i dost\u0119pno\u015bci.<\/p>\n\n\n\n<div class=\"wp-block-columns is-layout-flex wp-container-core-columns-is-layout-28f84493 wp-block-columns-is-layout-flex\">\n<div class=\"wp-block-column is-layout-flow wp-block-column-is-layout-flow\">\n<figure class=\"wp-block-image size-large\"><img fetchpriority=\"high\" decoding=\"async\" width=\"768\" height=\"1024\" src=\"http:\/\/owitsosnowiec.pl\/wp-content\/uploads\/2026\/04\/IMG_6436-768x1024.jpg\" alt=\"\" class=\"wp-image-340\" srcset=\"http:\/\/owitsosnowiec.pl\/wp-content\/uploads\/2026\/04\/IMG_6436-768x1024.jpg 768w, http:\/\/owitsosnowiec.pl\/wp-content\/uploads\/2026\/04\/IMG_6436-225x300.jpg 225w, http:\/\/owitsosnowiec.pl\/wp-content\/uploads\/2026\/04\/IMG_6436-1152x1536.jpg 1152w, http:\/\/owitsosnowiec.pl\/wp-content\/uploads\/2026\/04\/IMG_6436-1536x2048.jpg 1536w, http:\/\/owitsosnowiec.pl\/wp-content\/uploads\/2026\/04\/IMG_6436-scaled.jpg 1920w\" sizes=\"(max-width: 768px) 100vw, 768px\" \/><\/figure>\n<\/div>\n\n\n\n<div class=\"wp-block-column is-layout-flow wp-block-column-is-layout-flow\">\n<figure class=\"wp-block-image size-large\"><img decoding=\"async\" width=\"768\" height=\"1024\" src=\"https:\/\/owitsosnowiec.pl\/wp-content\/uploads\/2026\/04\/IMG_6437-768x1024.jpg\" alt=\"\" class=\"wp-image-341\" srcset=\"http:\/\/owitsosnowiec.pl\/wp-content\/uploads\/2026\/04\/IMG_6437-768x1024.jpg 768w, http:\/\/owitsosnowiec.pl\/wp-content\/uploads\/2026\/04\/IMG_6437-225x300.jpg 225w, http:\/\/owitsosnowiec.pl\/wp-content\/uploads\/2026\/04\/IMG_6437-1152x1536.jpg 1152w, http:\/\/owitsosnowiec.pl\/wp-content\/uploads\/2026\/04\/IMG_6437-1536x2048.jpg 1536w, http:\/\/owitsosnowiec.pl\/wp-content\/uploads\/2026\/04\/IMG_6437-scaled.jpg 1920w\" sizes=\"(max-width: 768px) 100vw, 768px\" \/><\/figure>\n<\/div>\n<\/div>\n","protected":false},"excerpt":{"rendered":"<p>W dniach 9, 16 i 19 stycznia 2026 r. w O\u015brodku Wsparcia i Test\u00f3w w Sosnowcu odby\u0142y si\u0119 spotkania ze studentami Uniwersytetu \u015al\u0105skiego z kierunku pedagogika specjalna, kt\u00f3rym towarzyszy\u0142a dr Alina Stosor. Podczas wizyt zaprezentowali\u015bmy specyfik\u0119 funkcjonowania OWiT oraz szczeg\u00f3\u0142owo om\u00f3wili\u015bmy nasz\u0105 ofert\u0119 skierowan\u0105 do os\u00f3b z niepe\u0142nosprawno\u015bciami i ich [&hellip;]<\/p>\n","protected":false},"author":1,"featured_media":342,"comment_status":"open","ping_status":"open","sticky":false,"template":"","format":"standard","meta":{"footnotes":""},"categories":[1],"tags":[],"class_list":["post-339","post","type-post","status-publish","format-standard","has-post-thumbnail","hentry","category-bez-kategorii"],"yoast_head":"<!-- This site is optimized with the Yoast SEO plugin v27.2 - https:\/\/yoast.com\/product\/yoast-seo-wordpress\/ -->\n<title>Spotkania ze studentami Uniwersytetu \u015al\u0105skiego \u2013 pedagogika specjalna - O\u015brodek Wsparcia i Test\u00f3w w Sosnowcu<\/title>\n<meta name=\"robots\" content=\"index, follow, max-snippet:-1, max-image-preview:large, max-video-preview:-1\" \/>\n<link rel=\"canonical\" href=\"https:\/\/owitsosnowiec.pl\/?p=339\" \/>\n<meta property=\"og:locale\" content=\"pl_PL\" \/>\n<meta property=\"og:type\" content=\"article\" \/>\n<meta property=\"og:title\" content=\"Spotkania ze studentami Uniwersytetu \u015al\u0105skiego \u2013 pedagogika specjalna - O\u015brodek Wsparcia i Test\u00f3w w Sosnowcu\" \/>\n<meta property=\"og:description\" content=\"W dniach 9, 16 i 19 stycznia 2026 r. w O\u015brodku Wsparcia i Test\u00f3w w Sosnowcu odby\u0142y si\u0119 spotkania ze studentami Uniwersytetu \u015al\u0105skiego z kierunku pedagogika specjalna, kt\u00f3rym towarzyszy\u0142a dr Alina Stosor. Podczas wizyt zaprezentowali\u015bmy specyfik\u0119 funkcjonowania OWiT oraz szczeg\u00f3\u0142owo om\u00f3wili\u015bmy nasz\u0105 ofert\u0119 skierowan\u0105 do os\u00f3b z niepe\u0142nosprawno\u015bciami i ich [&hellip;]\" \/>\n<meta property=\"og:url\" content=\"https:\/\/owitsosnowiec.pl\/?p=339\" \/>\n<meta property=\"og:site_name\" content=\"O\u015brodek Wsparcia i Test\u00f3w w Sosnowcu\" \/>\n<meta property=\"article:published_time\" content=\"2026-01-21T08:04:15+00:00\" \/>\n<meta property=\"article:modified_time\" content=\"2026-04-16T07:09:22+00:00\" \/>\n<meta property=\"og:image\" content=\"http:\/\/owitsosnowiec.pl\/wp-content\/uploads\/2026\/04\/owit-2.jpg\" \/>\n\t<meta property=\"og:image:width\" content=\"1772\" \/>\n\t<meta property=\"og:image:height\" content=\"1181\" \/>\n\t<meta property=\"og:image:type\" content=\"image\/jpeg\" \/>\n<meta name=\"author\" content=\"admin\" \/>\n<meta name=\"twitter:card\" content=\"summary_large_image\" \/>\n<meta name=\"twitter:label1\" content=\"Napisane przez\" \/>\n\t<meta name=\"twitter:data1\" content=\"admin\" \/>\n\t<meta name=\"twitter:label2\" content=\"Szacowany czas czytania\" \/>\n\t<meta name=\"twitter:data2\" content=\"2 minuty\" \/>\n<script type=\"application\/ld+json\" class=\"yoast-schema-graph\">{\"@context\":\"https:\/\/schema.org\",\"@graph\":[{\"@type\":\"Article\",\"@id\":\"https:\/\/owitsosnowiec.pl\/?p=339#article\",\"isPartOf\":{\"@id\":\"https:\/\/owitsosnowiec.pl\/?p=339\"},\"author\":{\"name\":\"admin\",\"@id\":\"http:\/\/owitsosnowiec.pl\/#\/schema\/person\/a89842fe862e6af003c5d0d36d630c7c\"},\"headline\":\"Spotkania ze studentami Uniwersytetu \u015al\u0105skiego \u2013 pedagogika specjalna\",\"datePublished\":\"2026-01-21T08:04:15+00:00\",\"dateModified\":\"2026-04-16T07:09:22+00:00\",\"mainEntityOfPage\":{\"@id\":\"https:\/\/owitsosnowiec.pl\/?p=339\"},\"wordCount\":164,\"commentCount\":0,\"publisher\":{\"@id\":\"http:\/\/owitsosnowiec.pl\/#organization\"},\"image\":{\"@id\":\"https:\/\/owitsosnowiec.pl\/?p=339#primaryimage\"},\"thumbnailUrl\":\"http:\/\/owitsosnowiec.pl\/wp-content\/uploads\/2026\/04\/owit-2.jpg\",\"inLanguage\":\"pl-PL\",\"potentialAction\":[{\"@type\":\"CommentAction\",\"name\":\"Comment\",\"target\":[\"https:\/\/owitsosnowiec.pl\/?p=339#respond\"]}]},{\"@type\":\"WebPage\",\"@id\":\"https:\/\/owitsosnowiec.pl\/?p=339\",\"url\":\"https:\/\/owitsosnowiec.pl\/?p=339\",\"name\":\"Spotkania ze studentami Uniwersytetu \u015al\u0105skiego \u2013 pedagogika specjalna - O\u015brodek Wsparcia i Test\u00f3w w Sosnowcu\",\"isPartOf\":{\"@id\":\"http:\/\/owitsosnowiec.pl\/#website\"},\"primaryImageOfPage\":{\"@id\":\"https:\/\/owitsosnowiec.pl\/?p=339#primaryimage\"},\"image\":{\"@id\":\"https:\/\/owitsosnowiec.pl\/?p=339#primaryimage\"},\"thumbnailUrl\":\"http:\/\/owitsosnowiec.pl\/wp-content\/uploads\/2026\/04\/owit-2.jpg\",\"datePublished\":\"2026-01-21T08:04:15+00:00\",\"dateModified\":\"2026-04-16T07:09:22+00:00\",\"breadcrumb\":{\"@id\":\"https:\/\/owitsosnowiec.pl\/?p=339#breadcrumb\"},\"inLanguage\":\"pl-PL\",\"potentialAction\":[{\"@type\":\"ReadAction\",\"target\":[\"https:\/\/owitsosnowiec.pl\/?p=339\"]}]},{\"@type\":\"ImageObject\",\"inLanguage\":\"pl-PL\",\"@id\":\"https:\/\/owitsosnowiec.pl\/?p=339#primaryimage\",\"url\":\"http:\/\/owitsosnowiec.pl\/wp-content\/uploads\/2026\/04\/owit-2.jpg\",\"contentUrl\":\"http:\/\/owitsosnowiec.pl\/wp-content\/uploads\/2026\/04\/owit-2.jpg\",\"width\":1772,\"height\":1181},{\"@type\":\"BreadcrumbList\",\"@id\":\"https:\/\/owitsosnowiec.pl\/?p=339#breadcrumb\",\"itemListElement\":[{\"@type\":\"ListItem\",\"position\":1,\"name\":\"Home\",\"item\":\"http:\/\/owitsosnowiec.pl\/\"},{\"@type\":\"ListItem\",\"position\":2,\"name\":\"Spotkania ze studentami Uniwersytetu \u015al\u0105skiego \u2013 pedagogika specjalna\"}]},{\"@type\":\"WebSite\",\"@id\":\"http:\/\/owitsosnowiec.pl\/#website\",\"url\":\"http:\/\/owitsosnowiec.pl\/\",\"name\":\"O\u015brodek Wsparcia i Test\u00f3w w Sosnowcu\",\"description\":\"\",\"publisher\":{\"@id\":\"http:\/\/owitsosnowiec.pl\/#organization\"},\"potentialAction\":[{\"@type\":\"SearchAction\",\"target\":{\"@type\":\"EntryPoint\",\"urlTemplate\":\"http:\/\/owitsosnowiec.pl\/?s={search_term_string}\"},\"query-input\":{\"@type\":\"PropertyValueSpecification\",\"valueRequired\":true,\"valueName\":\"search_term_string\"}}],\"inLanguage\":\"pl-PL\"},{\"@type\":\"Organization\",\"@id\":\"http:\/\/owitsosnowiec.pl\/#organization\",\"name\":\"O\u015brodek Wsparcia i Test\u00f3w w Sosnowcu\",\"url\":\"http:\/\/owitsosnowiec.pl\/\",\"logo\":{\"@type\":\"ImageObject\",\"inLanguage\":\"pl-PL\",\"@id\":\"http:\/\/owitsosnowiec.pl\/#\/schema\/logo\/image\/\",\"url\":\"http:\/\/owitsosnowiec.pl\/wp-content\/uploads\/2026\/04\/Projekt-bez-nazwy.png\",\"contentUrl\":\"http:\/\/owitsosnowiec.pl\/wp-content\/uploads\/2026\/04\/Projekt-bez-nazwy.png\",\"width\":2017,\"height\":733,\"caption\":\"O\u015brodek Wsparcia i Test\u00f3w w Sosnowcu\"},\"image\":{\"@id\":\"http:\/\/owitsosnowiec.pl\/#\/schema\/logo\/image\/\"}},{\"@type\":\"Person\",\"@id\":\"http:\/\/owitsosnowiec.pl\/#\/schema\/person\/a89842fe862e6af003c5d0d36d630c7c\",\"name\":\"admin\",\"image\":{\"@type\":\"ImageObject\",\"inLanguage\":\"pl-PL\",\"@id\":\"https:\/\/secure.gravatar.com\/avatar\/5e4944fe247161ff26b33b416ef5c794327c5dc77e48a59d6fa95ae7d24c4ed6?s=96&d=mm&r=g\",\"url\":\"https:\/\/secure.gravatar.com\/avatar\/5e4944fe247161ff26b33b416ef5c794327c5dc77e48a59d6fa95ae7d24c4ed6?s=96&d=mm&r=g\",\"contentUrl\":\"https:\/\/secure.gravatar.com\/avatar\/5e4944fe247161ff26b33b416ef5c794327c5dc77e48a59d6fa95ae7d24c4ed6?s=96&d=mm&r=g\",\"caption\":\"admin\"},\"sameAs\":[\"https:\/\/example.com\"],\"url\":\"http:\/\/owitsosnowiec.pl\/?author=1\"}]}<\/script>\n<!-- \/ Yoast SEO plugin. -->","yoast_head_json":{"title":"Spotkania ze studentami Uniwersytetu \u015al\u0105skiego \u2013 pedagogika specjalna - O\u015brodek Wsparcia i Test\u00f3w w Sosnowcu","robots":{"index":"index","follow":"follow","max-snippet":"max-snippet:-1","max-image-preview":"max-image-preview:large","max-video-preview":"max-video-preview:-1"},"canonical":"https:\/\/owitsosnowiec.pl\/?p=339","og_locale":"pl_PL","og_type":"article","og_title":"Spotkania ze studentami Uniwersytetu \u015al\u0105skiego \u2013 pedagogika specjalna - O\u015brodek Wsparcia i Test\u00f3w w Sosnowcu","og_description":"W dniach 9, 16 i 19 stycznia 2026 r. w O\u015brodku Wsparcia i Test\u00f3w w Sosnowcu odby\u0142y si\u0119 spotkania ze studentami Uniwersytetu \u015al\u0105skiego z kierunku pedagogika specjalna, kt\u00f3rym towarzyszy\u0142a dr Alina Stosor. Podczas wizyt zaprezentowali\u015bmy specyfik\u0119 funkcjonowania OWiT oraz szczeg\u00f3\u0142owo om\u00f3wili\u015bmy nasz\u0105 ofert\u0119 skierowan\u0105 do os\u00f3b z niepe\u0142nosprawno\u015bciami i ich [&hellip;]","og_url":"https:\/\/owitsosnowiec.pl\/?p=339","og_site_name":"O\u015brodek Wsparcia i Test\u00f3w w Sosnowcu","article_published_time":"2026-01-21T08:04:15+00:00","article_modified_time":"2026-04-16T07:09:22+00:00","og_image":[{"width":1772,"height":1181,"url":"http:\/\/owitsosnowiec.pl\/wp-content\/uploads\/2026\/04\/owit-2.jpg","type":"image\/jpeg"}],"author":"admin","twitter_card":"summary_large_image","twitter_misc":{"Napisane przez":"admin","Szacowany czas czytania":"2 minuty"},"schema":{"@context":"https:\/\/schema.org","@graph":[{"@type":"Article","@id":"https:\/\/owitsosnowiec.pl\/?p=339#article","isPartOf":{"@id":"https:\/\/owitsosnowiec.pl\/?p=339"},"author":{"name":"admin","@id":"http:\/\/owitsosnowiec.pl\/#\/schema\/person\/a89842fe862e6af003c5d0d36d630c7c"},"headline":"Spotkania ze studentami Uniwersytetu \u015al\u0105skiego \u2013 pedagogika specjalna","datePublished":"2026-01-21T08:04:15+00:00","dateModified":"2026-04-16T07:09:22+00:00","mainEntityOfPage":{"@id":"https:\/\/owitsosnowiec.pl\/?p=339"},"wordCount":164,"commentCount":0,"publisher":{"@id":"http:\/\/owitsosnowiec.pl\/#organization"},"image":{"@id":"https:\/\/owitsosnowiec.pl\/?p=339#primaryimage"},"thumbnailUrl":"http:\/\/owitsosnowiec.pl\/wp-content\/uploads\/2026\/04\/owit-2.jpg","inLanguage":"pl-PL","potentialAction":[{"@type":"CommentAction","name":"Comment","target":["https:\/\/owitsosnowiec.pl\/?p=339#respond"]}]},{"@type":"WebPage","@id":"https:\/\/owitsosnowiec.pl\/?p=339","url":"https:\/\/owitsosnowiec.pl\/?p=339","name":"Spotkania ze studentami Uniwersytetu \u015al\u0105skiego \u2013 pedagogika specjalna - O\u015brodek Wsparcia i Test\u00f3w w Sosnowcu","isPartOf":{"@id":"http:\/\/owitsosnowiec.pl\/#website"},"primaryImageOfPage":{"@id":"https:\/\/owitsosnowiec.pl\/?p=339#primaryimage"},"image":{"@id":"https:\/\/owitsosnowiec.pl\/?p=339#primaryimage"},"thumbnailUrl":"http:\/\/owitsosnowiec.pl\/wp-content\/uploads\/2026\/04\/owit-2.jpg","datePublished":"2026-01-21T08:04:15+00:00","dateModified":"2026-04-16T07:09:22+00:00","breadcrumb":{"@id":"https:\/\/owitsosnowiec.pl\/?p=339#breadcrumb"},"inLanguage":"pl-PL","potentialAction":[{"@type":"ReadAction","target":["https:\/\/owitsosnowiec.pl\/?p=339"]}]},{"@type":"ImageObject","inLanguage":"pl-PL","@id":"https:\/\/owitsosnowiec.pl\/?p=339#primaryimage","url":"http:\/\/owitsosnowiec.pl\/wp-content\/uploads\/2026\/04\/owit-2.jpg","contentUrl":"http:\/\/owitsosnowiec.pl\/wp-content\/uploads\/2026\/04\/owit-2.jpg","width":1772,"height":1181},{"@type":"BreadcrumbList","@id":"https:\/\/owitsosnowiec.pl\/?p=339#breadcrumb","itemListElement":[{"@type":"ListItem","position":1,"name":"Home","item":"http:\/\/owitsosnowiec.pl\/"},{"@type":"ListItem","position":2,"name":"Spotkania ze studentami Uniwersytetu \u015al\u0105skiego \u2013 pedagogika specjalna"}]},{"@type":"WebSite","@id":"http:\/\/owitsosnowiec.pl\/#website","url":"http:\/\/owitsosnowiec.pl\/","name":"O\u015brodek Wsparcia i Test\u00f3w w Sosnowcu","description":"","publisher":{"@id":"http:\/\/owitsosnowiec.pl\/#organization"},"potentialAction":[{"@type":"SearchAction","target":{"@type":"EntryPoint","urlTemplate":"http:\/\/owitsosnowiec.pl\/?s={search_term_string}"},"query-input":{"@type":"PropertyValueSpecification","valueRequired":true,"valueName":"search_term_string"}}],"inLanguage":"pl-PL"},{"@type":"Organization","@id":"http:\/\/owitsosnowiec.pl\/#organization","name":"O\u015brodek Wsparcia i Test\u00f3w w Sosnowcu","url":"http:\/\/owitsosnowiec.pl\/","logo":{"@type":"ImageObject","inLanguage":"pl-PL","@id":"http:\/\/owitsosnowiec.pl\/#\/schema\/logo\/image\/","url":"http:\/\/owitsosnowiec.pl\/wp-content\/uploads\/2026\/04\/Projekt-bez-nazwy.png","contentUrl":"http:\/\/owitsosnowiec.pl\/wp-content\/uploads\/2026\/04\/Projekt-bez-nazwy.png","width":2017,"height":733,"caption":"O\u015brodek Wsparcia i Test\u00f3w w Sosnowcu"},"image":{"@id":"http:\/\/owitsosnowiec.pl\/#\/schema\/logo\/image\/"}},{"@type":"Person","@id":"http:\/\/owitsosnowiec.pl\/#\/schema\/person\/a89842fe862e6af003c5d0d36d630c7c","name":"admin","image":{"@type":"ImageObject","inLanguage":"pl-PL","@id":"https:\/\/secure.gravatar.com\/avatar\/5e4944fe247161ff26b33b416ef5c794327c5dc77e48a59d6fa95ae7d24c4ed6?s=96&d=mm&r=g","url":"https:\/\/secure.gravatar.com\/avatar\/5e4944fe247161ff26b33b416ef5c794327c5dc77e48a59d6fa95ae7d24c4ed6?s=96&d=mm&r=g","contentUrl":"https:\/\/secure.gravatar.com\/avatar\/5e4944fe247161ff26b33b416ef5c794327c5dc77e48a59d6fa95ae7d24c4ed6?s=96&d=mm&r=g","caption":"admin"},"sameAs":["https:\/\/example.com"],"url":"http:\/\/owitsosnowiec.pl\/?author=1"}]}},"_links":{"self":[{"href":"http:\/\/owitsosnowiec.pl\/index.php?rest_route=\/wp\/v2\/posts\/339","targetHints":{"allow":["GET"]}}],"collection":[{"href":"http:\/\/owitsosnowiec.pl\/index.php?rest_route=\/wp\/v2\/posts"}],"about":[{"href":"http:\/\/owitsosnowiec.pl\/index.php?rest_route=\/wp\/v2\/types\/post"}],"author":[{"embeddable":true,"href":"http:\/\/owitsosnowiec.pl\/index.php?rest_route=\/wp\/v2\/users\/1"}],"replies":[{"embeddable":true,"href":"http:\/\/owitsosnowiec.pl\/index.php?rest_route=%2Fwp%2Fv2%2Fcomments&post=339"}],"version-history":[{"count":1,"href":"http:\/\/owitsosnowiec.pl\/index.php?rest_route=\/wp\/v2\/posts\/339\/revisions"}],"predecessor-version":[{"id":343,"href":"http:\/\/owitsosnowiec.pl\/index.php?rest_route=\/wp\/v2\/posts\/339\/revisions\/343"}],"wp:featuredmedia":[{"embeddable":true,"href":"http:\/\/owitsosnowiec.pl\/index.php?rest_route=\/wp\/v2\/media\/342"}],"wp:attachment":[{"href":"http:\/\/owitsosnowiec.pl\/index.php?rest_route=%2Fwp%2Fv2%2Fmedia&parent=339"}],"wp:term":[{"taxonomy":"category","embeddable":true,"href":"http:\/\/owitsosnowiec.pl\/index.php?rest_route=%2Fwp%2Fv2%2Fcategories&post=339"},{"taxonomy":"post_tag","embeddable":true,"href":"http:\/\/owitsosnowiec.pl\/index.php?rest_route=%2Fwp%2Fv2%2Ftags&post=339"}],"curies":[{"name":"wp","href":"https:\/\/api.w.org\/{rel}","templated":true}]}}