{"id":330,"date":"2026-03-24T08:48:22","date_gmt":"2026-03-24T07:48:22","guid":{"rendered":"https:\/\/owitsosnowiec.pl\/?p=330"},"modified":"2026-04-16T09:03:54","modified_gmt":"2026-04-16T07:03:54","slug":"wizyta-monitorujaca-pani-dyrektor-slaskiego-oddzialu-pfron-iwony-spychaly-dlugosz","status":"publish","type":"post","link":"http:\/\/owitsosnowiec.pl\/?p=330","title":{"rendered":"Wizyta monitoruj\u0105ca Pani Dyrektor \u015al\u0105skiego Oddzia\u0142u PFRON Iwony Spycha\u0142y-D\u0142ugosz"},"content":{"rendered":"\n<p>W O\u015brodku Wsparcia i Test\u00f3w w Sosnowcu go\u015bcili\u015bmy <strong>Pani\u0105 Dyrektor \u015al\u0105skiego Oddzia\u0142u PFRON Iwon\u0119 Spycha\u0142\u0119-D\u0142ugosz<\/strong> w ramach wizyty monitoruj\u0105cej dotycz\u0105cej realizacji programu <strong>\u201eCentra informacyjno-doradcze dla os\u00f3b z niepe\u0142nosprawno\u015bci\u0105\u201d<\/strong>.<\/p>\n\n\n\n<p>Podczas spotkania zaprezentowali\u015bmy dzia\u0142alno\u015b\u0107 naszego O\u015brodka, kt\u00f3ry pe\u0142ni nie tylko funkcj\u0119 wypo\u017cyczalni technologii wspomagaj\u0105cych, ale przede wszystkim stanowi <strong>przestrze\u0144 konsultacji, testowania i doboru rozwi\u0105za\u0144 dopasowanych do indywidualnych potrzeb u\u017cytkownik\u00f3w<\/strong>.<\/p>\n\n\n\n<p>W trakcie wizyty Pani Dyrektor mia\u0142a mo\u017cliwo\u015b\u0107 zapoznania si\u0119 z dost\u0119pnym sprz\u0119tem, przetestowania wybranych urz\u0105dze\u0144 oraz rozmowy z zespo\u0142em OWiT na temat procesu wsparcia \u2013 od pierwszej konsultacji, przez dob\u00f3r technologii, a\u017c po instrukta\u017c u\u017cytkowania.<\/p>\n\n\n\n<p>Spotkanie by\u0142o r\u00f3wnie\u017c okazj\u0105 do wymiany do\u015bwiadcze\u0144 oraz podkre\u015blenia roli, jak\u0105 pe\u0142ni\u0105 nowoczesne technologie wspomagaj\u0105ce w zwi\u0119kszaniu samodzielno\u015bci os\u00f3b z niepe\u0142nosprawno\u015bciami.<\/p>\n\n\n\n<p>Dzi\u0119kujemy Pani Dyrektor za wizyt\u0119 i rozmow\u0119. Cieszymy si\u0119, \u017ce nasza dzia\u0142alno\u015b\u0107 zosta\u0142a dostrze\u017cona jako realne wsparcie dla os\u00f3b z niepe\u0142nosprawno\u015bciami. <\/p>\n\n\n\n<figure class=\"wp-block-gallery has-nested-images columns-default is-cropped wp-block-gallery-1 is-layout-flex wp-block-gallery-is-layout-flex\">\n<figure class=\"wp-block-image size-large\"><img fetchpriority=\"high\" decoding=\"async\" width=\"704\" height=\"918\" data-id=\"331\" src=\"https:\/\/owitsosnowiec.pl\/wp-content\/uploads\/2026\/04\/658690666_1535467605248256_2358559928955861792_n.jpg\" alt=\"\" class=\"wp-image-331\" srcset=\"http:\/\/owitsosnowiec.pl\/wp-content\/uploads\/2026\/04\/658690666_1535467605248256_2358559928955861792_n.jpg 704w, http:\/\/owitsosnowiec.pl\/wp-content\/uploads\/2026\/04\/658690666_1535467605248256_2358559928955861792_n-230x300.jpg 230w\" sizes=\"(max-width: 704px) 100vw, 704px\" \/><\/figure>\n\n\n\n<figure class=\"wp-block-image size-large\"><img decoding=\"async\" width=\"1024\" height=\"768\" data-id=\"334\" src=\"https:\/\/owitsosnowiec.pl\/wp-content\/uploads\/2026\/04\/658099996_1535470698581280_5716756830933322705_n-1024x768.jpg\" alt=\"\" class=\"wp-image-334\" srcset=\"http:\/\/owitsosnowiec.pl\/wp-content\/uploads\/2026\/04\/658099996_1535470698581280_5716756830933322705_n-1024x768.jpg 1024w, http:\/\/owitsosnowiec.pl\/wp-content\/uploads\/2026\/04\/658099996_1535470698581280_5716756830933322705_n-300x225.jpg 300w, http:\/\/owitsosnowiec.pl\/wp-content\/uploads\/2026\/04\/658099996_1535470698581280_5716756830933322705_n-768x576.jpg 768w, http:\/\/owitsosnowiec.pl\/wp-content\/uploads\/2026\/04\/658099996_1535470698581280_5716756830933322705_n-1536x1152.jpg 1536w, http:\/\/owitsosnowiec.pl\/wp-content\/uploads\/2026\/04\/658099996_1535470698581280_5716756830933322705_n.jpg 2048w\" sizes=\"(max-width: 1024px) 100vw, 1024px\" \/><\/figure>\n\n\n\n<figure class=\"wp-block-image size-large\"><img decoding=\"async\" width=\"768\" height=\"1024\" data-id=\"333\" src=\"https:\/\/owitsosnowiec.pl\/wp-content\/uploads\/2026\/04\/657297406_1535471331914550_8999165432008635744_n-768x1024.jpg\" alt=\"\" class=\"wp-image-333\" srcset=\"http:\/\/owitsosnowiec.pl\/wp-content\/uploads\/2026\/04\/657297406_1535471331914550_8999165432008635744_n-768x1024.jpg 768w, http:\/\/owitsosnowiec.pl\/wp-content\/uploads\/2026\/04\/657297406_1535471331914550_8999165432008635744_n-225x300.jpg 225w, http:\/\/owitsosnowiec.pl\/wp-content\/uploads\/2026\/04\/657297406_1535471331914550_8999165432008635744_n-1152x1536.jpg 1152w, http:\/\/owitsosnowiec.pl\/wp-content\/uploads\/2026\/04\/657297406_1535471331914550_8999165432008635744_n.jpg 1536w\" sizes=\"(max-width: 768px) 100vw, 768px\" \/><\/figure>\n\n\n\n<figure class=\"wp-block-image size-large\"><img loading=\"lazy\" decoding=\"async\" width=\"768\" height=\"1024\" data-id=\"332\" src=\"https:\/\/owitsosnowiec.pl\/wp-content\/uploads\/2026\/04\/656464911_1535471298581220_5261319117765580448_n-768x1024.jpg\" alt=\"\" class=\"wp-image-332\" srcset=\"http:\/\/owitsosnowiec.pl\/wp-content\/uploads\/2026\/04\/656464911_1535471298581220_5261319117765580448_n-768x1024.jpg 768w, http:\/\/owitsosnowiec.pl\/wp-content\/uploads\/2026\/04\/656464911_1535471298581220_5261319117765580448_n-225x300.jpg 225w, http:\/\/owitsosnowiec.pl\/wp-content\/uploads\/2026\/04\/656464911_1535471298581220_5261319117765580448_n-1152x1536.jpg 1152w, http:\/\/owitsosnowiec.pl\/wp-content\/uploads\/2026\/04\/656464911_1535471298581220_5261319117765580448_n.jpg 1536w\" sizes=\"(max-width: 768px) 100vw, 768px\" \/><\/figure>\n\n\n\n<figure class=\"wp-block-image size-large\"><img loading=\"lazy\" decoding=\"async\" width=\"768\" height=\"1024\" data-id=\"335\" src=\"https:\/\/owitsosnowiec.pl\/wp-content\/uploads\/2026\/04\/IMG_0374-768x1024.jpeg\" alt=\"\" class=\"wp-image-335\" srcset=\"http:\/\/owitsosnowiec.pl\/wp-content\/uploads\/2026\/04\/IMG_0374-768x1024.jpeg 768w, http:\/\/owitsosnowiec.pl\/wp-content\/uploads\/2026\/04\/IMG_0374-225x300.jpeg 225w, http:\/\/owitsosnowiec.pl\/wp-content\/uploads\/2026\/04\/IMG_0374-1152x1536.jpeg 1152w, http:\/\/owitsosnowiec.pl\/wp-content\/uploads\/2026\/04\/IMG_0374-1536x2048.jpeg 1536w, http:\/\/owitsosnowiec.pl\/wp-content\/uploads\/2026\/04\/IMG_0374-scaled.jpeg 1920w\" sizes=\"(max-width: 768px) 100vw, 768px\" \/><\/figure>\n<\/figure>\n","protected":false},"excerpt":{"rendered":"<p>W O\u015brodku Wsparcia i Test\u00f3w w Sosnowcu go\u015bcili\u015bmy Pani\u0105 Dyrektor \u015al\u0105skiego Oddzia\u0142u PFRON Iwon\u0119 Spycha\u0142\u0119-D\u0142ugosz w ramach wizyty monitoruj\u0105cej dotycz\u0105cej realizacji programu \u201eCentra informacyjno-doradcze dla os\u00f3b z niepe\u0142nosprawno\u015bci\u0105\u201d. Podczas spotkania zaprezentowali\u015bmy dzia\u0142alno\u015b\u0107 naszego O\u015brodka, kt\u00f3ry pe\u0142ni nie tylko funkcj\u0119 wypo\u017cyczalni technologii wspomagaj\u0105cych, ale przede wszystkim stanowi przestrze\u0144 konsultacji, testowania i [&hellip;]<\/p>\n","protected":false},"author":1,"featured_media":338,"comment_status":"open","ping_status":"open","sticky":false,"template":"","format":"standard","meta":{"footnotes":""},"categories":[1],"tags":[],"class_list":["post-330","post","type-post","status-publish","format-standard","has-post-thumbnail","hentry","category-bez-kategorii"],"yoast_head":"<!-- This site is optimized with the Yoast SEO plugin v27.2 - https:\/\/yoast.com\/product\/yoast-seo-wordpress\/ -->\n<title>Wizyta monitoruj\u0105ca Pani Dyrektor \u015al\u0105skiego Oddzia\u0142u PFRON Iwony Spycha\u0142y-D\u0142ugosz - O\u015brodek Wsparcia i Test\u00f3w w Sosnowcu<\/title>\n<meta name=\"robots\" content=\"index, follow, max-snippet:-1, max-image-preview:large, max-video-preview:-1\" \/>\n<link rel=\"canonical\" href=\"https:\/\/owitsosnowiec.pl\/?p=330\" \/>\n<meta property=\"og:locale\" content=\"pl_PL\" \/>\n<meta property=\"og:type\" content=\"article\" \/>\n<meta property=\"og:title\" content=\"Wizyta monitoruj\u0105ca Pani Dyrektor \u015al\u0105skiego Oddzia\u0142u PFRON Iwony Spycha\u0142y-D\u0142ugosz - O\u015brodek Wsparcia i Test\u00f3w w Sosnowcu\" \/>\n<meta property=\"og:description\" content=\"W O\u015brodku Wsparcia i Test\u00f3w w Sosnowcu go\u015bcili\u015bmy Pani\u0105 Dyrektor \u015al\u0105skiego Oddzia\u0142u PFRON Iwon\u0119 Spycha\u0142\u0119-D\u0142ugosz w ramach wizyty monitoruj\u0105cej dotycz\u0105cej realizacji programu \u201eCentra informacyjno-doradcze dla os\u00f3b z niepe\u0142nosprawno\u015bci\u0105\u201d. Podczas spotkania zaprezentowali\u015bmy dzia\u0142alno\u015b\u0107 naszego O\u015brodka, kt\u00f3ry pe\u0142ni nie tylko funkcj\u0119 wypo\u017cyczalni technologii wspomagaj\u0105cych, ale przede wszystkim stanowi przestrze\u0144 konsultacji, testowania i [&hellip;]\" \/>\n<meta property=\"og:url\" content=\"https:\/\/owitsosnowiec.pl\/?p=330\" \/>\n<meta property=\"og:site_name\" content=\"O\u015brodek Wsparcia i Test\u00f3w w Sosnowcu\" \/>\n<meta property=\"article:published_time\" content=\"2026-03-24T07:48:22+00:00\" \/>\n<meta property=\"article:modified_time\" content=\"2026-04-16T07:03:54+00:00\" \/>\n<meta property=\"og:image\" content=\"http:\/\/owitsosnowiec.pl\/wp-content\/uploads\/2026\/03\/owit-1.jpg\" \/>\n\t<meta property=\"og:image:width\" content=\"1772\" \/>\n\t<meta property=\"og:image:height\" content=\"1181\" \/>\n\t<meta property=\"og:image:type\" content=\"image\/jpeg\" \/>\n<meta name=\"author\" content=\"admin\" \/>\n<meta name=\"twitter:card\" content=\"summary_large_image\" \/>\n<meta name=\"twitter:label1\" content=\"Napisane przez\" \/>\n\t<meta name=\"twitter:data1\" content=\"admin\" \/>\n\t<meta name=\"twitter:label2\" content=\"Szacowany czas czytania\" \/>\n\t<meta name=\"twitter:data2\" content=\"3 minuty\" \/>\n<script type=\"application\/ld+json\" class=\"yoast-schema-graph\">{\"@context\":\"https:\/\/schema.org\",\"@graph\":[{\"@type\":\"Article\",\"@id\":\"https:\/\/owitsosnowiec.pl\/?p=330#article\",\"isPartOf\":{\"@id\":\"https:\/\/owitsosnowiec.pl\/?p=330\"},\"author\":{\"name\":\"admin\",\"@id\":\"http:\/\/owitsosnowiec.pl\/#\/schema\/person\/a89842fe862e6af003c5d0d36d630c7c\"},\"headline\":\"Wizyta monitoruj\u0105ca Pani Dyrektor \u015al\u0105skiego Oddzia\u0142u PFRON Iwony Spycha\u0142y-D\u0142ugosz\",\"datePublished\":\"2026-03-24T07:48:22+00:00\",\"dateModified\":\"2026-04-16T07:03:54+00:00\",\"mainEntityOfPage\":{\"@id\":\"https:\/\/owitsosnowiec.pl\/?p=330\"},\"wordCount\":196,\"commentCount\":0,\"publisher\":{\"@id\":\"http:\/\/owitsosnowiec.pl\/#organization\"},\"image\":{\"@id\":\"https:\/\/owitsosnowiec.pl\/?p=330#primaryimage\"},\"thumbnailUrl\":\"http:\/\/owitsosnowiec.pl\/wp-content\/uploads\/2026\/03\/owit-1.jpg\",\"inLanguage\":\"pl-PL\",\"potentialAction\":[{\"@type\":\"CommentAction\",\"name\":\"Comment\",\"target\":[\"https:\/\/owitsosnowiec.pl\/?p=330#respond\"]}]},{\"@type\":\"WebPage\",\"@id\":\"https:\/\/owitsosnowiec.pl\/?p=330\",\"url\":\"https:\/\/owitsosnowiec.pl\/?p=330\",\"name\":\"Wizyta monitoruj\u0105ca Pani Dyrektor \u015al\u0105skiego Oddzia\u0142u PFRON Iwony Spycha\u0142y-D\u0142ugosz - O\u015brodek Wsparcia i Test\u00f3w w Sosnowcu\",\"isPartOf\":{\"@id\":\"http:\/\/owitsosnowiec.pl\/#website\"},\"primaryImageOfPage\":{\"@id\":\"https:\/\/owitsosnowiec.pl\/?p=330#primaryimage\"},\"image\":{\"@id\":\"https:\/\/owitsosnowiec.pl\/?p=330#primaryimage\"},\"thumbnailUrl\":\"http:\/\/owitsosnowiec.pl\/wp-content\/uploads\/2026\/03\/owit-1.jpg\",\"datePublished\":\"2026-03-24T07:48:22+00:00\",\"dateModified\":\"2026-04-16T07:03:54+00:00\",\"breadcrumb\":{\"@id\":\"https:\/\/owitsosnowiec.pl\/?p=330#breadcrumb\"},\"inLanguage\":\"pl-PL\",\"potentialAction\":[{\"@type\":\"ReadAction\",\"target\":[\"https:\/\/owitsosnowiec.pl\/?p=330\"]}]},{\"@type\":\"ImageObject\",\"inLanguage\":\"pl-PL\",\"@id\":\"https:\/\/owitsosnowiec.pl\/?p=330#primaryimage\",\"url\":\"http:\/\/owitsosnowiec.pl\/wp-content\/uploads\/2026\/03\/owit-1.jpg\",\"contentUrl\":\"http:\/\/owitsosnowiec.pl\/wp-content\/uploads\/2026\/03\/owit-1.jpg\",\"width\":1772,\"height\":1181},{\"@type\":\"BreadcrumbList\",\"@id\":\"https:\/\/owitsosnowiec.pl\/?p=330#breadcrumb\",\"itemListElement\":[{\"@type\":\"ListItem\",\"position\":1,\"name\":\"Home\",\"item\":\"http:\/\/owitsosnowiec.pl\/\"},{\"@type\":\"ListItem\",\"position\":2,\"name\":\"Wizyta monitoruj\u0105ca Pani Dyrektor \u015al\u0105skiego Oddzia\u0142u PFRON Iwony Spycha\u0142y-D\u0142ugosz\"}]},{\"@type\":\"WebSite\",\"@id\":\"http:\/\/owitsosnowiec.pl\/#website\",\"url\":\"http:\/\/owitsosnowiec.pl\/\",\"name\":\"O\u015brodek Wsparcia i Test\u00f3w w Sosnowcu\",\"description\":\"\",\"publisher\":{\"@id\":\"http:\/\/owitsosnowiec.pl\/#organization\"},\"potentialAction\":[{\"@type\":\"SearchAction\",\"target\":{\"@type\":\"EntryPoint\",\"urlTemplate\":\"http:\/\/owitsosnowiec.pl\/?s={search_term_string}\"},\"query-input\":{\"@type\":\"PropertyValueSpecification\",\"valueRequired\":true,\"valueName\":\"search_term_string\"}}],\"inLanguage\":\"pl-PL\"},{\"@type\":\"Organization\",\"@id\":\"http:\/\/owitsosnowiec.pl\/#organization\",\"name\":\"O\u015brodek Wsparcia i Test\u00f3w w Sosnowcu\",\"url\":\"http:\/\/owitsosnowiec.pl\/\",\"logo\":{\"@type\":\"ImageObject\",\"inLanguage\":\"pl-PL\",\"@id\":\"http:\/\/owitsosnowiec.pl\/#\/schema\/logo\/image\/\",\"url\":\"http:\/\/owitsosnowiec.pl\/wp-content\/uploads\/2026\/04\/Projekt-bez-nazwy.png\",\"contentUrl\":\"http:\/\/owitsosnowiec.pl\/wp-content\/uploads\/2026\/04\/Projekt-bez-nazwy.png\",\"width\":2017,\"height\":733,\"caption\":\"O\u015brodek Wsparcia i Test\u00f3w w Sosnowcu\"},\"image\":{\"@id\":\"http:\/\/owitsosnowiec.pl\/#\/schema\/logo\/image\/\"}},{\"@type\":\"Person\",\"@id\":\"http:\/\/owitsosnowiec.pl\/#\/schema\/person\/a89842fe862e6af003c5d0d36d630c7c\",\"name\":\"admin\",\"image\":{\"@type\":\"ImageObject\",\"inLanguage\":\"pl-PL\",\"@id\":\"https:\/\/secure.gravatar.com\/avatar\/5e4944fe247161ff26b33b416ef5c794327c5dc77e48a59d6fa95ae7d24c4ed6?s=96&d=mm&r=g\",\"url\":\"https:\/\/secure.gravatar.com\/avatar\/5e4944fe247161ff26b33b416ef5c794327c5dc77e48a59d6fa95ae7d24c4ed6?s=96&d=mm&r=g\",\"contentUrl\":\"https:\/\/secure.gravatar.com\/avatar\/5e4944fe247161ff26b33b416ef5c794327c5dc77e48a59d6fa95ae7d24c4ed6?s=96&d=mm&r=g\",\"caption\":\"admin\"},\"sameAs\":[\"https:\/\/example.com\"],\"url\":\"http:\/\/owitsosnowiec.pl\/?author=1\"}]}<\/script>\n<!-- \/ Yoast SEO plugin. -->","yoast_head_json":{"title":"Wizyta monitoruj\u0105ca Pani Dyrektor \u015al\u0105skiego Oddzia\u0142u PFRON Iwony Spycha\u0142y-D\u0142ugosz - O\u015brodek Wsparcia i Test\u00f3w w Sosnowcu","robots":{"index":"index","follow":"follow","max-snippet":"max-snippet:-1","max-image-preview":"max-image-preview:large","max-video-preview":"max-video-preview:-1"},"canonical":"https:\/\/owitsosnowiec.pl\/?p=330","og_locale":"pl_PL","og_type":"article","og_title":"Wizyta monitoruj\u0105ca Pani Dyrektor \u015al\u0105skiego Oddzia\u0142u PFRON Iwony Spycha\u0142y-D\u0142ugosz - O\u015brodek Wsparcia i Test\u00f3w w Sosnowcu","og_description":"W O\u015brodku Wsparcia i Test\u00f3w w Sosnowcu go\u015bcili\u015bmy Pani\u0105 Dyrektor \u015al\u0105skiego Oddzia\u0142u PFRON Iwon\u0119 Spycha\u0142\u0119-D\u0142ugosz w ramach wizyty monitoruj\u0105cej dotycz\u0105cej realizacji programu \u201eCentra informacyjno-doradcze dla os\u00f3b z niepe\u0142nosprawno\u015bci\u0105\u201d. Podczas spotkania zaprezentowali\u015bmy dzia\u0142alno\u015b\u0107 naszego O\u015brodka, kt\u00f3ry pe\u0142ni nie tylko funkcj\u0119 wypo\u017cyczalni technologii wspomagaj\u0105cych, ale przede wszystkim stanowi przestrze\u0144 konsultacji, testowania i [&hellip;]","og_url":"https:\/\/owitsosnowiec.pl\/?p=330","og_site_name":"O\u015brodek Wsparcia i Test\u00f3w w Sosnowcu","article_published_time":"2026-03-24T07:48:22+00:00","article_modified_time":"2026-04-16T07:03:54+00:00","og_image":[{"width":1772,"height":1181,"url":"http:\/\/owitsosnowiec.pl\/wp-content\/uploads\/2026\/03\/owit-1.jpg","type":"image\/jpeg"}],"author":"admin","twitter_card":"summary_large_image","twitter_misc":{"Napisane przez":"admin","Szacowany czas czytania":"3 minuty"},"schema":{"@context":"https:\/\/schema.org","@graph":[{"@type":"Article","@id":"https:\/\/owitsosnowiec.pl\/?p=330#article","isPartOf":{"@id":"https:\/\/owitsosnowiec.pl\/?p=330"},"author":{"name":"admin","@id":"http:\/\/owitsosnowiec.pl\/#\/schema\/person\/a89842fe862e6af003c5d0d36d630c7c"},"headline":"Wizyta monitoruj\u0105ca Pani Dyrektor \u015al\u0105skiego Oddzia\u0142u PFRON Iwony Spycha\u0142y-D\u0142ugosz","datePublished":"2026-03-24T07:48:22+00:00","dateModified":"2026-04-16T07:03:54+00:00","mainEntityOfPage":{"@id":"https:\/\/owitsosnowiec.pl\/?p=330"},"wordCount":196,"commentCount":0,"publisher":{"@id":"http:\/\/owitsosnowiec.pl\/#organization"},"image":{"@id":"https:\/\/owitsosnowiec.pl\/?p=330#primaryimage"},"thumbnailUrl":"http:\/\/owitsosnowiec.pl\/wp-content\/uploads\/2026\/03\/owit-1.jpg","inLanguage":"pl-PL","potentialAction":[{"@type":"CommentAction","name":"Comment","target":["https:\/\/owitsosnowiec.pl\/?p=330#respond"]}]},{"@type":"WebPage","@id":"https:\/\/owitsosnowiec.pl\/?p=330","url":"https:\/\/owitsosnowiec.pl\/?p=330","name":"Wizyta monitoruj\u0105ca Pani Dyrektor \u015al\u0105skiego Oddzia\u0142u PFRON Iwony Spycha\u0142y-D\u0142ugosz - O\u015brodek Wsparcia i Test\u00f3w w Sosnowcu","isPartOf":{"@id":"http:\/\/owitsosnowiec.pl\/#website"},"primaryImageOfPage":{"@id":"https:\/\/owitsosnowiec.pl\/?p=330#primaryimage"},"image":{"@id":"https:\/\/owitsosnowiec.pl\/?p=330#primaryimage"},"thumbnailUrl":"http:\/\/owitsosnowiec.pl\/wp-content\/uploads\/2026\/03\/owit-1.jpg","datePublished":"2026-03-24T07:48:22+00:00","dateModified":"2026-04-16T07:03:54+00:00","breadcrumb":{"@id":"https:\/\/owitsosnowiec.pl\/?p=330#breadcrumb"},"inLanguage":"pl-PL","potentialAction":[{"@type":"ReadAction","target":["https:\/\/owitsosnowiec.pl\/?p=330"]}]},{"@type":"ImageObject","inLanguage":"pl-PL","@id":"https:\/\/owitsosnowiec.pl\/?p=330#primaryimage","url":"http:\/\/owitsosnowiec.pl\/wp-content\/uploads\/2026\/03\/owit-1.jpg","contentUrl":"http:\/\/owitsosnowiec.pl\/wp-content\/uploads\/2026\/03\/owit-1.jpg","width":1772,"height":1181},{"@type":"BreadcrumbList","@id":"https:\/\/owitsosnowiec.pl\/?p=330#breadcrumb","itemListElement":[{"@type":"ListItem","position":1,"name":"Home","item":"http:\/\/owitsosnowiec.pl\/"},{"@type":"ListItem","position":2,"name":"Wizyta monitoruj\u0105ca Pani Dyrektor \u015al\u0105skiego Oddzia\u0142u PFRON Iwony Spycha\u0142y-D\u0142ugosz"}]},{"@type":"WebSite","@id":"http:\/\/owitsosnowiec.pl\/#website","url":"http:\/\/owitsosnowiec.pl\/","name":"O\u015brodek Wsparcia i Test\u00f3w w Sosnowcu","description":"","publisher":{"@id":"http:\/\/owitsosnowiec.pl\/#organization"},"potentialAction":[{"@type":"SearchAction","target":{"@type":"EntryPoint","urlTemplate":"http:\/\/owitsosnowiec.pl\/?s={search_term_string}"},"query-input":{"@type":"PropertyValueSpecification","valueRequired":true,"valueName":"search_term_string"}}],"inLanguage":"pl-PL"},{"@type":"Organization","@id":"http:\/\/owitsosnowiec.pl\/#organization","name":"O\u015brodek Wsparcia i Test\u00f3w w Sosnowcu","url":"http:\/\/owitsosnowiec.pl\/","logo":{"@type":"ImageObject","inLanguage":"pl-PL","@id":"http:\/\/owitsosnowiec.pl\/#\/schema\/logo\/image\/","url":"http:\/\/owitsosnowiec.pl\/wp-content\/uploads\/2026\/04\/Projekt-bez-nazwy.png","contentUrl":"http:\/\/owitsosnowiec.pl\/wp-content\/uploads\/2026\/04\/Projekt-bez-nazwy.png","width":2017,"height":733,"caption":"O\u015brodek Wsparcia i Test\u00f3w w Sosnowcu"},"image":{"@id":"http:\/\/owitsosnowiec.pl\/#\/schema\/logo\/image\/"}},{"@type":"Person","@id":"http:\/\/owitsosnowiec.pl\/#\/schema\/person\/a89842fe862e6af003c5d0d36d630c7c","name":"admin","image":{"@type":"ImageObject","inLanguage":"pl-PL","@id":"https:\/\/secure.gravatar.com\/avatar\/5e4944fe247161ff26b33b416ef5c794327c5dc77e48a59d6fa95ae7d24c4ed6?s=96&d=mm&r=g","url":"https:\/\/secure.gravatar.com\/avatar\/5e4944fe247161ff26b33b416ef5c794327c5dc77e48a59d6fa95ae7d24c4ed6?s=96&d=mm&r=g","contentUrl":"https:\/\/secure.gravatar.com\/avatar\/5e4944fe247161ff26b33b416ef5c794327c5dc77e48a59d6fa95ae7d24c4ed6?s=96&d=mm&r=g","caption":"admin"},"sameAs":["https:\/\/example.com"],"url":"http:\/\/owitsosnowiec.pl\/?author=1"}]}},"_links":{"self":[{"href":"http:\/\/owitsosnowiec.pl\/index.php?rest_route=\/wp\/v2\/posts\/330","targetHints":{"allow":["GET"]}}],"collection":[{"href":"http:\/\/owitsosnowiec.pl\/index.php?rest_route=\/wp\/v2\/posts"}],"about":[{"href":"http:\/\/owitsosnowiec.pl\/index.php?rest_route=\/wp\/v2\/types\/post"}],"author":[{"embeddable":true,"href":"http:\/\/owitsosnowiec.pl\/index.php?rest_route=\/wp\/v2\/users\/1"}],"replies":[{"embeddable":true,"href":"http:\/\/owitsosnowiec.pl\/index.php?rest_route=%2Fwp%2Fv2%2Fcomments&post=330"}],"version-history":[{"count":1,"href":"http:\/\/owitsosnowiec.pl\/index.php?rest_route=\/wp\/v2\/posts\/330\/revisions"}],"predecessor-version":[{"id":337,"href":"http:\/\/owitsosnowiec.pl\/index.php?rest_route=\/wp\/v2\/posts\/330\/revisions\/337"}],"wp:featuredmedia":[{"embeddable":true,"href":"http:\/\/owitsosnowiec.pl\/index.php?rest_route=\/wp\/v2\/media\/338"}],"wp:attachment":[{"href":"http:\/\/owitsosnowiec.pl\/index.php?rest_route=%2Fwp%2Fv2%2Fmedia&parent=330"}],"wp:term":[{"taxonomy":"category","embeddable":true,"href":"http:\/\/owitsosnowiec.pl\/index.php?rest_route=%2Fwp%2Fv2%2Fcategories&post=330"},{"taxonomy":"post_tag","embeddable":true,"href":"http:\/\/owitsosnowiec.pl\/index.php?rest_route=%2Fwp%2Fv2%2Ftags&post=330"}],"curies":[{"name":"wp","href":"https:\/\/api.w.org\/{rel}","templated":true}]}}