{"id":326,"date":"2026-02-10T08:37:00","date_gmt":"2026-02-10T07:37:00","guid":{"rendered":"https:\/\/owitsosnowiec.pl\/?p=326"},"modified":"2026-04-16T08:47:10","modified_gmt":"2026-04-16T06:47:10","slug":"9-02-2026-spotkanie-informacyjne-z-beneficjentami-i-wychowawcami-dps-w-pszczynie","status":"publish","type":"post","link":"http:\/\/owitsosnowiec.pl\/?p=326","title":{"rendered":"9.02.2026-Spotkanie informacyjne z beneficjentami i wychowawcami DPS w Pszczynie"},"content":{"rendered":"\n<p><strong>9 lutego 2026 r.<\/strong> w siedzibie <strong>O\u015brodka Wsparcia i Test\u00f3w (OWiT) w Sosnowcu<\/strong> odby\u0142o si\u0119 spotkanie informacyjne z udzia\u0142em beneficjent\u00f3w oraz wychowawc\u00f3w z Domu Pomocy Spo\u0142ecznej w Pszczynie.<\/p>\n\n\n\n<p>Podczas wizyty <strong>zaprezentowali\u015bmy dzia\u0142alno\u015b\u0107 naszego O\u015brodka<\/strong>, ze szczeg\u00f3lnym uwzgl\u0119dnieniem mo\u017cliwo\u015bci testowania i wypo\u017cyczania technologii wspomagaj\u0105cych. Spotkanie mia\u0142o charakter praktyczny \u2013 uczestnicy mogli zapozna\u0107 si\u0119 z dzia\u0142aniem nowoczesnego sprz\u0119tu wspieraj\u0105cego osoby z niepe\u0142nosprawno\u015bciami w codziennym funkcjonowaniu.<\/p>\n\n\n\n<p>Prezentacj\u0119 sprz\u0119tu poprowadzi\u0142a nasza specjalistka <strong>Paulina<\/strong>, kt\u00f3ra om\u00f3wi\u0142a jego zastosowanie oraz odpowiada\u0142a na pytania uczestnik\u00f3w. <\/p>\n\n\n\n<p>Dzi\u0119kujemy za wizyt\u0119 oraz zainteresowanie dzia\u0142alno\u015bci\u0105 OWiT. Cieszymy si\u0119, \u017ce mogli\u015bmy podzieli\u0107 si\u0119 wiedz\u0105 i zaprezentowa\u0107 rozwi\u0105zania wspieraj\u0105ce samodzielno\u015b\u0107 i komfort \u017cycia. \ud83d\udc99<\/p>\n\n\n\n<figure class=\"wp-block-image size-large\"><img fetchpriority=\"high\" decoding=\"async\" width=\"1024\" height=\"768\" src=\"https:\/\/owitsosnowiec.pl\/wp-content\/uploads\/2026\/04\/PHOTO-2026-04-15-18-50-56-1024x768.jpg\" alt=\"\" class=\"wp-image-327\" srcset=\"http:\/\/owitsosnowiec.pl\/wp-content\/uploads\/2026\/04\/PHOTO-2026-04-15-18-50-56-1024x768.jpg 1024w, http:\/\/owitsosnowiec.pl\/wp-content\/uploads\/2026\/04\/PHOTO-2026-04-15-18-50-56-300x225.jpg 300w, http:\/\/owitsosnowiec.pl\/wp-content\/uploads\/2026\/04\/PHOTO-2026-04-15-18-50-56-768x576.jpg 768w, http:\/\/owitsosnowiec.pl\/wp-content\/uploads\/2026\/04\/PHOTO-2026-04-15-18-50-56-1536x1152.jpg 1536w, http:\/\/owitsosnowiec.pl\/wp-content\/uploads\/2026\/04\/PHOTO-2026-04-15-18-50-56.jpg 1600w\" sizes=\"(max-width: 1024px) 100vw, 1024px\" \/><\/figure>\n","protected":false},"excerpt":{"rendered":"<p>9 lutego 2026 r. w siedzibie O\u015brodka Wsparcia i Test\u00f3w (OWiT) w Sosnowcu odby\u0142o si\u0119 spotkanie informacyjne z udzia\u0142em beneficjent\u00f3w oraz wychowawc\u00f3w z Domu Pomocy Spo\u0142ecznej w Pszczynie. Podczas wizyty zaprezentowali\u015bmy dzia\u0142alno\u015b\u0107 naszego O\u015brodka, ze szczeg\u00f3lnym uwzgl\u0119dnieniem mo\u017cliwo\u015bci testowania i wypo\u017cyczania technologii wspomagaj\u0105cych. Spotkanie mia\u0142o charakter praktyczny \u2013 uczestnicy mogli [&hellip;]<\/p>\n","protected":false},"author":1,"featured_media":327,"comment_status":"open","ping_status":"open","sticky":false,"template":"","format":"standard","meta":{"footnotes":""},"categories":[1],"tags":[],"class_list":["post-326","post","type-post","status-publish","format-standard","has-post-thumbnail","hentry","category-bez-kategorii"],"yoast_head":"<!-- This site is optimized with the Yoast SEO plugin v27.2 - https:\/\/yoast.com\/product\/yoast-seo-wordpress\/ -->\n<title>9.02.2026-Spotkanie informacyjne z beneficjentami i wychowawcami DPS w Pszczynie - O\u015brodek Wsparcia i Test\u00f3w w Sosnowcu<\/title>\n<meta name=\"robots\" content=\"index, follow, max-snippet:-1, max-image-preview:large, max-video-preview:-1\" \/>\n<link rel=\"canonical\" href=\"https:\/\/owitsosnowiec.pl\/?p=326\" \/>\n<meta property=\"og:locale\" content=\"pl_PL\" \/>\n<meta property=\"og:type\" content=\"article\" \/>\n<meta property=\"og:title\" content=\"9.02.2026-Spotkanie informacyjne z beneficjentami i wychowawcami DPS w Pszczynie - O\u015brodek Wsparcia i Test\u00f3w w Sosnowcu\" \/>\n<meta property=\"og:description\" content=\"9 lutego 2026 r. w siedzibie O\u015brodka Wsparcia i Test\u00f3w (OWiT) w Sosnowcu odby\u0142o si\u0119 spotkanie informacyjne z udzia\u0142em beneficjent\u00f3w oraz wychowawc\u00f3w z Domu Pomocy Spo\u0142ecznej w Pszczynie. Podczas wizyty zaprezentowali\u015bmy dzia\u0142alno\u015b\u0107 naszego O\u015brodka, ze szczeg\u00f3lnym uwzgl\u0119dnieniem mo\u017cliwo\u015bci testowania i wypo\u017cyczania technologii wspomagaj\u0105cych. Spotkanie mia\u0142o charakter praktyczny \u2013 uczestnicy mogli [&hellip;]\" \/>\n<meta property=\"og:url\" content=\"https:\/\/owitsosnowiec.pl\/?p=326\" \/>\n<meta property=\"og:site_name\" content=\"O\u015brodek Wsparcia i Test\u00f3w w Sosnowcu\" \/>\n<meta property=\"article:published_time\" content=\"2026-02-10T07:37:00+00:00\" \/>\n<meta property=\"article:modified_time\" content=\"2026-04-16T06:47:10+00:00\" \/>\n<meta property=\"og:image\" content=\"http:\/\/owitsosnowiec.pl\/wp-content\/uploads\/2026\/04\/PHOTO-2026-04-15-18-50-56.jpg\" \/>\n\t<meta property=\"og:image:width\" content=\"1600\" \/>\n\t<meta property=\"og:image:height\" content=\"1200\" \/>\n\t<meta property=\"og:image:type\" content=\"image\/jpeg\" \/>\n<meta name=\"author\" content=\"admin\" \/>\n<meta name=\"twitter:card\" content=\"summary_large_image\" \/>\n<meta name=\"twitter:label1\" content=\"Napisane przez\" \/>\n\t<meta name=\"twitter:data1\" content=\"admin\" \/>\n\t<meta name=\"twitter:label2\" content=\"Szacowany czas czytania\" \/>\n\t<meta name=\"twitter:data2\" content=\"2 minuty\" \/>\n<script type=\"application\/ld+json\" class=\"yoast-schema-graph\">{\"@context\":\"https:\/\/schema.org\",\"@graph\":[{\"@type\":\"Article\",\"@id\":\"https:\/\/owitsosnowiec.pl\/?p=326#article\",\"isPartOf\":{\"@id\":\"https:\/\/owitsosnowiec.pl\/?p=326\"},\"author\":{\"name\":\"admin\",\"@id\":\"http:\/\/owitsosnowiec.pl\/#\/schema\/person\/a89842fe862e6af003c5d0d36d630c7c\"},\"headline\":\"9.02.2026-Spotkanie informacyjne z beneficjentami i wychowawcami DPS w Pszczynie\",\"datePublished\":\"2026-02-10T07:37:00+00:00\",\"dateModified\":\"2026-04-16T06:47:10+00:00\",\"mainEntityOfPage\":{\"@id\":\"https:\/\/owitsosnowiec.pl\/?p=326\"},\"wordCount\":141,\"commentCount\":0,\"publisher\":{\"@id\":\"http:\/\/owitsosnowiec.pl\/#organization\"},\"image\":{\"@id\":\"https:\/\/owitsosnowiec.pl\/?p=326#primaryimage\"},\"thumbnailUrl\":\"http:\/\/owitsosnowiec.pl\/wp-content\/uploads\/2026\/04\/PHOTO-2026-04-15-18-50-56.jpg\",\"inLanguage\":\"pl-PL\",\"potentialAction\":[{\"@type\":\"CommentAction\",\"name\":\"Comment\",\"target\":[\"https:\/\/owitsosnowiec.pl\/?p=326#respond\"]}]},{\"@type\":\"WebPage\",\"@id\":\"https:\/\/owitsosnowiec.pl\/?p=326\",\"url\":\"https:\/\/owitsosnowiec.pl\/?p=326\",\"name\":\"9.02.2026-Spotkanie informacyjne z beneficjentami i wychowawcami DPS w Pszczynie - O\u015brodek Wsparcia i Test\u00f3w w Sosnowcu\",\"isPartOf\":{\"@id\":\"http:\/\/owitsosnowiec.pl\/#website\"},\"primaryImageOfPage\":{\"@id\":\"https:\/\/owitsosnowiec.pl\/?p=326#primaryimage\"},\"image\":{\"@id\":\"https:\/\/owitsosnowiec.pl\/?p=326#primaryimage\"},\"thumbnailUrl\":\"http:\/\/owitsosnowiec.pl\/wp-content\/uploads\/2026\/04\/PHOTO-2026-04-15-18-50-56.jpg\",\"datePublished\":\"2026-02-10T07:37:00+00:00\",\"dateModified\":\"2026-04-16T06:47:10+00:00\",\"breadcrumb\":{\"@id\":\"https:\/\/owitsosnowiec.pl\/?p=326#breadcrumb\"},\"inLanguage\":\"pl-PL\",\"potentialAction\":[{\"@type\":\"ReadAction\",\"target\":[\"https:\/\/owitsosnowiec.pl\/?p=326\"]}]},{\"@type\":\"ImageObject\",\"inLanguage\":\"pl-PL\",\"@id\":\"https:\/\/owitsosnowiec.pl\/?p=326#primaryimage\",\"url\":\"http:\/\/owitsosnowiec.pl\/wp-content\/uploads\/2026\/04\/PHOTO-2026-04-15-18-50-56.jpg\",\"contentUrl\":\"http:\/\/owitsosnowiec.pl\/wp-content\/uploads\/2026\/04\/PHOTO-2026-04-15-18-50-56.jpg\",\"width\":1600,\"height\":1200},{\"@type\":\"BreadcrumbList\",\"@id\":\"https:\/\/owitsosnowiec.pl\/?p=326#breadcrumb\",\"itemListElement\":[{\"@type\":\"ListItem\",\"position\":1,\"name\":\"Home\",\"item\":\"http:\/\/owitsosnowiec.pl\/\"},{\"@type\":\"ListItem\",\"position\":2,\"name\":\"9.02.2026-Spotkanie informacyjne z beneficjentami i wychowawcami DPS w Pszczynie\"}]},{\"@type\":\"WebSite\",\"@id\":\"http:\/\/owitsosnowiec.pl\/#website\",\"url\":\"http:\/\/owitsosnowiec.pl\/\",\"name\":\"O\u015brodek Wsparcia i Test\u00f3w w Sosnowcu\",\"description\":\"\",\"publisher\":{\"@id\":\"http:\/\/owitsosnowiec.pl\/#organization\"},\"potentialAction\":[{\"@type\":\"SearchAction\",\"target\":{\"@type\":\"EntryPoint\",\"urlTemplate\":\"http:\/\/owitsosnowiec.pl\/?s={search_term_string}\"},\"query-input\":{\"@type\":\"PropertyValueSpecification\",\"valueRequired\":true,\"valueName\":\"search_term_string\"}}],\"inLanguage\":\"pl-PL\"},{\"@type\":\"Organization\",\"@id\":\"http:\/\/owitsosnowiec.pl\/#organization\",\"name\":\"O\u015brodek Wsparcia i Test\u00f3w w Sosnowcu\",\"url\":\"http:\/\/owitsosnowiec.pl\/\",\"logo\":{\"@type\":\"ImageObject\",\"inLanguage\":\"pl-PL\",\"@id\":\"http:\/\/owitsosnowiec.pl\/#\/schema\/logo\/image\/\",\"url\":\"http:\/\/owitsosnowiec.pl\/wp-content\/uploads\/2026\/04\/Projekt-bez-nazwy.png\",\"contentUrl\":\"http:\/\/owitsosnowiec.pl\/wp-content\/uploads\/2026\/04\/Projekt-bez-nazwy.png\",\"width\":2017,\"height\":733,\"caption\":\"O\u015brodek Wsparcia i Test\u00f3w w Sosnowcu\"},\"image\":{\"@id\":\"http:\/\/owitsosnowiec.pl\/#\/schema\/logo\/image\/\"}},{\"@type\":\"Person\",\"@id\":\"http:\/\/owitsosnowiec.pl\/#\/schema\/person\/a89842fe862e6af003c5d0d36d630c7c\",\"name\":\"admin\",\"image\":{\"@type\":\"ImageObject\",\"inLanguage\":\"pl-PL\",\"@id\":\"https:\/\/secure.gravatar.com\/avatar\/5e4944fe247161ff26b33b416ef5c794327c5dc77e48a59d6fa95ae7d24c4ed6?s=96&d=mm&r=g\",\"url\":\"https:\/\/secure.gravatar.com\/avatar\/5e4944fe247161ff26b33b416ef5c794327c5dc77e48a59d6fa95ae7d24c4ed6?s=96&d=mm&r=g\",\"contentUrl\":\"https:\/\/secure.gravatar.com\/avatar\/5e4944fe247161ff26b33b416ef5c794327c5dc77e48a59d6fa95ae7d24c4ed6?s=96&d=mm&r=g\",\"caption\":\"admin\"},\"sameAs\":[\"https:\/\/example.com\"],\"url\":\"http:\/\/owitsosnowiec.pl\/?author=1\"}]}<\/script>\n<!-- \/ Yoast SEO plugin. -->","yoast_head_json":{"title":"9.02.2026-Spotkanie informacyjne z beneficjentami i wychowawcami DPS w Pszczynie - O\u015brodek Wsparcia i Test\u00f3w w Sosnowcu","robots":{"index":"index","follow":"follow","max-snippet":"max-snippet:-1","max-image-preview":"max-image-preview:large","max-video-preview":"max-video-preview:-1"},"canonical":"https:\/\/owitsosnowiec.pl\/?p=326","og_locale":"pl_PL","og_type":"article","og_title":"9.02.2026-Spotkanie informacyjne z beneficjentami i wychowawcami DPS w Pszczynie - O\u015brodek Wsparcia i Test\u00f3w w Sosnowcu","og_description":"9 lutego 2026 r. w siedzibie O\u015brodka Wsparcia i Test\u00f3w (OWiT) w Sosnowcu odby\u0142o si\u0119 spotkanie informacyjne z udzia\u0142em beneficjent\u00f3w oraz wychowawc\u00f3w z Domu Pomocy Spo\u0142ecznej w Pszczynie. Podczas wizyty zaprezentowali\u015bmy dzia\u0142alno\u015b\u0107 naszego O\u015brodka, ze szczeg\u00f3lnym uwzgl\u0119dnieniem mo\u017cliwo\u015bci testowania i wypo\u017cyczania technologii wspomagaj\u0105cych. Spotkanie mia\u0142o charakter praktyczny \u2013 uczestnicy mogli [&hellip;]","og_url":"https:\/\/owitsosnowiec.pl\/?p=326","og_site_name":"O\u015brodek Wsparcia i Test\u00f3w w Sosnowcu","article_published_time":"2026-02-10T07:37:00+00:00","article_modified_time":"2026-04-16T06:47:10+00:00","og_image":[{"width":1600,"height":1200,"url":"http:\/\/owitsosnowiec.pl\/wp-content\/uploads\/2026\/04\/PHOTO-2026-04-15-18-50-56.jpg","type":"image\/jpeg"}],"author":"admin","twitter_card":"summary_large_image","twitter_misc":{"Napisane przez":"admin","Szacowany czas czytania":"2 minuty"},"schema":{"@context":"https:\/\/schema.org","@graph":[{"@type":"Article","@id":"https:\/\/owitsosnowiec.pl\/?p=326#article","isPartOf":{"@id":"https:\/\/owitsosnowiec.pl\/?p=326"},"author":{"name":"admin","@id":"http:\/\/owitsosnowiec.pl\/#\/schema\/person\/a89842fe862e6af003c5d0d36d630c7c"},"headline":"9.02.2026-Spotkanie informacyjne z beneficjentami i wychowawcami DPS w Pszczynie","datePublished":"2026-02-10T07:37:00+00:00","dateModified":"2026-04-16T06:47:10+00:00","mainEntityOfPage":{"@id":"https:\/\/owitsosnowiec.pl\/?p=326"},"wordCount":141,"commentCount":0,"publisher":{"@id":"http:\/\/owitsosnowiec.pl\/#organization"},"image":{"@id":"https:\/\/owitsosnowiec.pl\/?p=326#primaryimage"},"thumbnailUrl":"http:\/\/owitsosnowiec.pl\/wp-content\/uploads\/2026\/04\/PHOTO-2026-04-15-18-50-56.jpg","inLanguage":"pl-PL","potentialAction":[{"@type":"CommentAction","name":"Comment","target":["https:\/\/owitsosnowiec.pl\/?p=326#respond"]}]},{"@type":"WebPage","@id":"https:\/\/owitsosnowiec.pl\/?p=326","url":"https:\/\/owitsosnowiec.pl\/?p=326","name":"9.02.2026-Spotkanie informacyjne z beneficjentami i wychowawcami DPS w Pszczynie - O\u015brodek Wsparcia i Test\u00f3w w Sosnowcu","isPartOf":{"@id":"http:\/\/owitsosnowiec.pl\/#website"},"primaryImageOfPage":{"@id":"https:\/\/owitsosnowiec.pl\/?p=326#primaryimage"},"image":{"@id":"https:\/\/owitsosnowiec.pl\/?p=326#primaryimage"},"thumbnailUrl":"http:\/\/owitsosnowiec.pl\/wp-content\/uploads\/2026\/04\/PHOTO-2026-04-15-18-50-56.jpg","datePublished":"2026-02-10T07:37:00+00:00","dateModified":"2026-04-16T06:47:10+00:00","breadcrumb":{"@id":"https:\/\/owitsosnowiec.pl\/?p=326#breadcrumb"},"inLanguage":"pl-PL","potentialAction":[{"@type":"ReadAction","target":["https:\/\/owitsosnowiec.pl\/?p=326"]}]},{"@type":"ImageObject","inLanguage":"pl-PL","@id":"https:\/\/owitsosnowiec.pl\/?p=326#primaryimage","url":"http:\/\/owitsosnowiec.pl\/wp-content\/uploads\/2026\/04\/PHOTO-2026-04-15-18-50-56.jpg","contentUrl":"http:\/\/owitsosnowiec.pl\/wp-content\/uploads\/2026\/04\/PHOTO-2026-04-15-18-50-56.jpg","width":1600,"height":1200},{"@type":"BreadcrumbList","@id":"https:\/\/owitsosnowiec.pl\/?p=326#breadcrumb","itemListElement":[{"@type":"ListItem","position":1,"name":"Home","item":"http:\/\/owitsosnowiec.pl\/"},{"@type":"ListItem","position":2,"name":"9.02.2026-Spotkanie informacyjne z beneficjentami i wychowawcami DPS w Pszczynie"}]},{"@type":"WebSite","@id":"http:\/\/owitsosnowiec.pl\/#website","url":"http:\/\/owitsosnowiec.pl\/","name":"O\u015brodek Wsparcia i Test\u00f3w w Sosnowcu","description":"","publisher":{"@id":"http:\/\/owitsosnowiec.pl\/#organization"},"potentialAction":[{"@type":"SearchAction","target":{"@type":"EntryPoint","urlTemplate":"http:\/\/owitsosnowiec.pl\/?s={search_term_string}"},"query-input":{"@type":"PropertyValueSpecification","valueRequired":true,"valueName":"search_term_string"}}],"inLanguage":"pl-PL"},{"@type":"Organization","@id":"http:\/\/owitsosnowiec.pl\/#organization","name":"O\u015brodek Wsparcia i Test\u00f3w w Sosnowcu","url":"http:\/\/owitsosnowiec.pl\/","logo":{"@type":"ImageObject","inLanguage":"pl-PL","@id":"http:\/\/owitsosnowiec.pl\/#\/schema\/logo\/image\/","url":"http:\/\/owitsosnowiec.pl\/wp-content\/uploads\/2026\/04\/Projekt-bez-nazwy.png","contentUrl":"http:\/\/owitsosnowiec.pl\/wp-content\/uploads\/2026\/04\/Projekt-bez-nazwy.png","width":2017,"height":733,"caption":"O\u015brodek Wsparcia i Test\u00f3w w Sosnowcu"},"image":{"@id":"http:\/\/owitsosnowiec.pl\/#\/schema\/logo\/image\/"}},{"@type":"Person","@id":"http:\/\/owitsosnowiec.pl\/#\/schema\/person\/a89842fe862e6af003c5d0d36d630c7c","name":"admin","image":{"@type":"ImageObject","inLanguage":"pl-PL","@id":"https:\/\/secure.gravatar.com\/avatar\/5e4944fe247161ff26b33b416ef5c794327c5dc77e48a59d6fa95ae7d24c4ed6?s=96&d=mm&r=g","url":"https:\/\/secure.gravatar.com\/avatar\/5e4944fe247161ff26b33b416ef5c794327c5dc77e48a59d6fa95ae7d24c4ed6?s=96&d=mm&r=g","contentUrl":"https:\/\/secure.gravatar.com\/avatar\/5e4944fe247161ff26b33b416ef5c794327c5dc77e48a59d6fa95ae7d24c4ed6?s=96&d=mm&r=g","caption":"admin"},"sameAs":["https:\/\/example.com"],"url":"http:\/\/owitsosnowiec.pl\/?author=1"}]}},"_links":{"self":[{"href":"http:\/\/owitsosnowiec.pl\/index.php?rest_route=\/wp\/v2\/posts\/326","targetHints":{"allow":["GET"]}}],"collection":[{"href":"http:\/\/owitsosnowiec.pl\/index.php?rest_route=\/wp\/v2\/posts"}],"about":[{"href":"http:\/\/owitsosnowiec.pl\/index.php?rest_route=\/wp\/v2\/types\/post"}],"author":[{"embeddable":true,"href":"http:\/\/owitsosnowiec.pl\/index.php?rest_route=\/wp\/v2\/users\/1"}],"replies":[{"embeddable":true,"href":"http:\/\/owitsosnowiec.pl\/index.php?rest_route=%2Fwp%2Fv2%2Fcomments&post=326"}],"version-history":[{"count":2,"href":"http:\/\/owitsosnowiec.pl\/index.php?rest_route=\/wp\/v2\/posts\/326\/revisions"}],"predecessor-version":[{"id":329,"href":"http:\/\/owitsosnowiec.pl\/index.php?rest_route=\/wp\/v2\/posts\/326\/revisions\/329"}],"wp:featuredmedia":[{"embeddable":true,"href":"http:\/\/owitsosnowiec.pl\/index.php?rest_route=\/wp\/v2\/media\/327"}],"wp:attachment":[{"href":"http:\/\/owitsosnowiec.pl\/index.php?rest_route=%2Fwp%2Fv2%2Fmedia&parent=326"}],"wp:term":[{"taxonomy":"category","embeddable":true,"href":"http:\/\/owitsosnowiec.pl\/index.php?rest_route=%2Fwp%2Fv2%2Fcategories&post=326"},{"taxonomy":"post_tag","embeddable":true,"href":"http:\/\/owitsosnowiec.pl\/index.php?rest_route=%2Fwp%2Fv2%2Ftags&post=326"}],"curies":[{"name":"wp","href":"https:\/\/api.w.org\/{rel}","templated":true}]}}