{"id":316,"date":"2026-04-16T08:31:33","date_gmt":"2026-04-16T06:31:33","guid":{"rendered":"https:\/\/owitsosnowiec.pl\/?p=316"},"modified":"2026-04-16T08:36:53","modified_gmt":"2026-04-16T06:36:53","slug":"15-04-2026-dzien-otwarty-dla-osob-starszych-i-osob-z-niepelnosprawnosciami-bielsko-biala","status":"publish","type":"post","link":"http:\/\/owitsosnowiec.pl\/?p=316","title":{"rendered":"15.04.2026-Dzie\u0144 Otwarty dla os\u00f3b starszych i os\u00f3b z niepe\u0142nosprawno\u015bciami \u2013 Bielsko-Bia\u0142a"},"content":{"rendered":"\n<p><\/p>\n\n\n\n<p><strong>15 kwietnia 2026 r.<\/strong> uczestniczyli\u015bmy w <strong>Dniu Otwartym dla os\u00f3b starszych i os\u00f3b z niepe\u0142nosprawno\u015bciami<\/strong>, kt\u00f3ry odby\u0142 si\u0119 w Centrum Seniora w Bielsku-Bia\u0142ej. Wydarzenie zgromadzi\u0142o mieszka\u0144c\u00f3w zainteresowanych zdrowiem, profilaktyk\u0105 oraz dost\u0119pnymi formami wsparcia.<\/p>\n\n\n\n<p>Podczas wydarzenia <strong>zaprezentowali\u015bmy dzia\u0142alno\u015b\u0107 O\u015brodka Wsparcia i Test\u00f3w (OWiT) w Sosnowcu<\/strong>, przedstawiaj\u0105c <strong>nowoczesne technologie wspieraj\u0105ce osoby starsze i osoby z niepe\u0142nosprawno\u015bciami<\/strong>. Uczestnicy mogli zapozna\u0107 si\u0119 ze sprz\u0119tem oraz skorzysta\u0107 z <strong>indywidualnych konsultacji<\/strong>, podczas kt\u00f3rych nasi specjali\u015bci doradzali w zakresie doboru odpowiednich rozwi\u0105za\u0144.<\/p>\n\n\n\n<p>Program wydarzenia obejmowa\u0142 liczne dzia\u0142ania prozdrowotne, m.in. badania profilaktyczne, pomiary glukozy i ci\u015bnienia, konsultacje specjalistyczne oraz wyk\u0142ad ekspercki dotycz\u0105cy zdrowia senior\u00f3w. Na miejscu dost\u0119pne by\u0142y tak\u017ce stanowiska informacyjne instytucji publicznych, takich jak ZUS, NFZ czy PFRON, co umo\u017cliwi\u0142o uczestnikom uzyskanie kompleksowego wsparcia i informacji.<\/p>\n\n\n\n<p>Dzi\u0119kujemy organizatorom za zaproszenie, a wszystkim uczestnikom za obecno\u015b\u0107, rozmowy i zainteresowanie tematyk\u0105 technologii wspieraj\u0105cych. Cieszymy si\u0119, \u017ce mogli\u015bmy by\u0107 cz\u0119\u015bci\u0105 tego wydarzenia! \ud83d\udc99<\/p>\n\n\n\n<div class=\"wp-block-columns is-layout-flex wp-container-core-columns-is-layout-28f84493 wp-block-columns-is-layout-flex\">\n<div class=\"wp-block-column is-layout-flow wp-block-column-is-layout-flow\">\n<figure class=\"wp-block-image size-large\"><img fetchpriority=\"high\" decoding=\"async\" width=\"768\" height=\"1024\" src=\"http:\/\/owitsosnowiec.pl\/wp-content\/uploads\/2026\/04\/image-4-scaled-e1776321214463-768x1024.png\" alt=\"\" class=\"wp-image-320\" srcset=\"http:\/\/owitsosnowiec.pl\/wp-content\/uploads\/2026\/04\/image-4-scaled-e1776321214463-768x1024.png 768w, http:\/\/owitsosnowiec.pl\/wp-content\/uploads\/2026\/04\/image-4-scaled-e1776321214463-225x300.png 225w, http:\/\/owitsosnowiec.pl\/wp-content\/uploads\/2026\/04\/image-4-scaled-e1776321214463-1152x1536.png 1152w, http:\/\/owitsosnowiec.pl\/wp-content\/uploads\/2026\/04\/image-4-scaled-e1776321214463-1536x2048.png 1536w, http:\/\/owitsosnowiec.pl\/wp-content\/uploads\/2026\/04\/image-4-scaled-e1776321214463.png 1920w\" sizes=\"(max-width: 768px) 100vw, 768px\" \/><\/figure>\n<\/div>\n\n\n\n<div class=\"wp-block-column is-layout-flow wp-block-column-is-layout-flow\">\n<figure class=\"wp-block-image size-large\"><img decoding=\"async\" width=\"724\" height=\"1024\" src=\"https:\/\/owitsosnowiec.pl\/wp-content\/uploads\/2026\/04\/image-3-724x1024.png\" alt=\"\" class=\"wp-image-318\" srcset=\"http:\/\/owitsosnowiec.pl\/wp-content\/uploads\/2026\/04\/image-3-724x1024.png 724w, http:\/\/owitsosnowiec.pl\/wp-content\/uploads\/2026\/04\/image-3-212x300.png 212w, http:\/\/owitsosnowiec.pl\/wp-content\/uploads\/2026\/04\/image-3-768x1086.png 768w, http:\/\/owitsosnowiec.pl\/wp-content\/uploads\/2026\/04\/image-3-1086x1536.png 1086w, http:\/\/owitsosnowiec.pl\/wp-content\/uploads\/2026\/04\/image-3.png 1448w\" sizes=\"(max-width: 724px) 100vw, 724px\" \/><\/figure>\n<\/div>\n<\/div>\n","protected":false},"excerpt":{"rendered":"<p>15 kwietnia 2026 r. uczestniczyli\u015bmy w Dniu Otwartym dla os\u00f3b starszych i os\u00f3b z niepe\u0142nosprawno\u015bciami, kt\u00f3ry odby\u0142 si\u0119 w Centrum Seniora w Bielsku-Bia\u0142ej. Wydarzenie zgromadzi\u0142o mieszka\u0144c\u00f3w zainteresowanych zdrowiem, profilaktyk\u0105 oraz dost\u0119pnymi formami wsparcia. Podczas wydarzenia zaprezentowali\u015bmy dzia\u0142alno\u015b\u0107 O\u015brodka Wsparcia i Test\u00f3w (OWiT) w Sosnowcu, przedstawiaj\u0105c nowoczesne technologie wspieraj\u0105ce osoby starsze [&hellip;]<\/p>\n","protected":false},"author":1,"featured_media":319,"comment_status":"open","ping_status":"open","sticky":false,"template":"","format":"standard","meta":{"footnotes":""},"categories":[1],"tags":[],"class_list":["post-316","post","type-post","status-publish","format-standard","has-post-thumbnail","hentry","category-bez-kategorii"],"yoast_head":"<!-- This site is optimized with the Yoast SEO plugin v27.2 - https:\/\/yoast.com\/product\/yoast-seo-wordpress\/ -->\n<title>15.04.2026-Dzie\u0144 Otwarty dla os\u00f3b starszych i os\u00f3b z niepe\u0142nosprawno\u015bciami \u2013 Bielsko-Bia\u0142a - O\u015brodek Wsparcia i Test\u00f3w w Sosnowcu<\/title>\n<meta name=\"robots\" content=\"index, follow, max-snippet:-1, max-image-preview:large, max-video-preview:-1\" \/>\n<link rel=\"canonical\" href=\"http:\/\/owitsosnowiec.pl\/?p=316\" \/>\n<meta property=\"og:locale\" content=\"pl_PL\" \/>\n<meta property=\"og:type\" content=\"article\" \/>\n<meta property=\"og:title\" content=\"15.04.2026-Dzie\u0144 Otwarty dla os\u00f3b starszych i os\u00f3b z niepe\u0142nosprawno\u015bciami \u2013 Bielsko-Bia\u0142a - O\u015brodek Wsparcia i Test\u00f3w w Sosnowcu\" \/>\n<meta property=\"og:description\" content=\"15 kwietnia 2026 r. uczestniczyli\u015bmy w Dniu Otwartym dla os\u00f3b starszych i os\u00f3b z niepe\u0142nosprawno\u015bciami, kt\u00f3ry odby\u0142 si\u0119 w Centrum Seniora w Bielsku-Bia\u0142ej. Wydarzenie zgromadzi\u0142o mieszka\u0144c\u00f3w zainteresowanych zdrowiem, profilaktyk\u0105 oraz dost\u0119pnymi formami wsparcia. Podczas wydarzenia zaprezentowali\u015bmy dzia\u0142alno\u015b\u0107 O\u015brodka Wsparcia i Test\u00f3w (OWiT) w Sosnowcu, przedstawiaj\u0105c nowoczesne technologie wspieraj\u0105ce osoby starsze [&hellip;]\" \/>\n<meta property=\"og:url\" content=\"http:\/\/owitsosnowiec.pl\/?p=316\" \/>\n<meta property=\"og:site_name\" content=\"O\u015brodek Wsparcia i Test\u00f3w w Sosnowcu\" \/>\n<meta property=\"article:published_time\" content=\"2026-04-16T06:31:33+00:00\" \/>\n<meta property=\"article:modified_time\" content=\"2026-04-16T06:36:53+00:00\" \/>\n<meta property=\"og:image\" content=\"http:\/\/owitsosnowiec.pl\/wp-content\/uploads\/2026\/04\/owit-post.jpg\" \/>\n\t<meta property=\"og:image:width\" content=\"2000\" \/>\n\t<meta property=\"og:image:height\" content=\"1414\" \/>\n\t<meta property=\"og:image:type\" content=\"image\/jpeg\" \/>\n<meta name=\"author\" content=\"admin\" \/>\n<meta name=\"twitter:card\" content=\"summary_large_image\" \/>\n<meta name=\"twitter:label1\" content=\"Napisane przez\" \/>\n\t<meta name=\"twitter:data1\" content=\"admin\" \/>\n\t<meta name=\"twitter:label2\" content=\"Szacowany czas czytania\" \/>\n\t<meta name=\"twitter:data2\" content=\"2 minuty\" \/>\n<script type=\"application\/ld+json\" class=\"yoast-schema-graph\">{\"@context\":\"https:\/\/schema.org\",\"@graph\":[{\"@type\":\"Article\",\"@id\":\"http:\/\/owitsosnowiec.pl\/?p=316#article\",\"isPartOf\":{\"@id\":\"http:\/\/owitsosnowiec.pl\/?p=316\"},\"author\":{\"name\":\"admin\",\"@id\":\"http:\/\/owitsosnowiec.pl\/#\/schema\/person\/a89842fe862e6af003c5d0d36d630c7c\"},\"headline\":\"15.04.2026-Dzie\u0144 Otwarty dla os\u00f3b starszych i os\u00f3b z niepe\u0142nosprawno\u015bciami \u2013 Bielsko-Bia\u0142a\",\"datePublished\":\"2026-04-16T06:31:33+00:00\",\"dateModified\":\"2026-04-16T06:36:53+00:00\",\"mainEntityOfPage\":{\"@id\":\"http:\/\/owitsosnowiec.pl\/?p=316\"},\"wordCount\":193,\"commentCount\":0,\"publisher\":{\"@id\":\"http:\/\/owitsosnowiec.pl\/#organization\"},\"image\":{\"@id\":\"http:\/\/owitsosnowiec.pl\/?p=316#primaryimage\"},\"thumbnailUrl\":\"http:\/\/owitsosnowiec.pl\/wp-content\/uploads\/2026\/04\/owit-post.jpg\",\"inLanguage\":\"pl-PL\",\"potentialAction\":[{\"@type\":\"CommentAction\",\"name\":\"Comment\",\"target\":[\"http:\/\/owitsosnowiec.pl\/?p=316#respond\"]}]},{\"@type\":\"WebPage\",\"@id\":\"http:\/\/owitsosnowiec.pl\/?p=316\",\"url\":\"http:\/\/owitsosnowiec.pl\/?p=316\",\"name\":\"15.04.2026-Dzie\u0144 Otwarty dla os\u00f3b starszych i os\u00f3b z niepe\u0142nosprawno\u015bciami \u2013 Bielsko-Bia\u0142a - O\u015brodek Wsparcia i Test\u00f3w w Sosnowcu\",\"isPartOf\":{\"@id\":\"http:\/\/owitsosnowiec.pl\/#website\"},\"primaryImageOfPage\":{\"@id\":\"http:\/\/owitsosnowiec.pl\/?p=316#primaryimage\"},\"image\":{\"@id\":\"http:\/\/owitsosnowiec.pl\/?p=316#primaryimage\"},\"thumbnailUrl\":\"http:\/\/owitsosnowiec.pl\/wp-content\/uploads\/2026\/04\/owit-post.jpg\",\"datePublished\":\"2026-04-16T06:31:33+00:00\",\"dateModified\":\"2026-04-16T06:36:53+00:00\",\"breadcrumb\":{\"@id\":\"http:\/\/owitsosnowiec.pl\/?p=316#breadcrumb\"},\"inLanguage\":\"pl-PL\",\"potentialAction\":[{\"@type\":\"ReadAction\",\"target\":[\"http:\/\/owitsosnowiec.pl\/?p=316\"]}]},{\"@type\":\"ImageObject\",\"inLanguage\":\"pl-PL\",\"@id\":\"http:\/\/owitsosnowiec.pl\/?p=316#primaryimage\",\"url\":\"http:\/\/owitsosnowiec.pl\/wp-content\/uploads\/2026\/04\/owit-post.jpg\",\"contentUrl\":\"http:\/\/owitsosnowiec.pl\/wp-content\/uploads\/2026\/04\/owit-post.jpg\",\"width\":2000,\"height\":1414},{\"@type\":\"BreadcrumbList\",\"@id\":\"http:\/\/owitsosnowiec.pl\/?p=316#breadcrumb\",\"itemListElement\":[{\"@type\":\"ListItem\",\"position\":1,\"name\":\"Home\",\"item\":\"http:\/\/owitsosnowiec.pl\/\"},{\"@type\":\"ListItem\",\"position\":2,\"name\":\"15.04.2026-Dzie\u0144 Otwarty dla os\u00f3b starszych i os\u00f3b z niepe\u0142nosprawno\u015bciami \u2013 Bielsko-Bia\u0142a\"}]},{\"@type\":\"WebSite\",\"@id\":\"http:\/\/owitsosnowiec.pl\/#website\",\"url\":\"http:\/\/owitsosnowiec.pl\/\",\"name\":\"O\u015brodek Wsparcia i Test\u00f3w w Sosnowcu\",\"description\":\"\",\"publisher\":{\"@id\":\"http:\/\/owitsosnowiec.pl\/#organization\"},\"potentialAction\":[{\"@type\":\"SearchAction\",\"target\":{\"@type\":\"EntryPoint\",\"urlTemplate\":\"http:\/\/owitsosnowiec.pl\/?s={search_term_string}\"},\"query-input\":{\"@type\":\"PropertyValueSpecification\",\"valueRequired\":true,\"valueName\":\"search_term_string\"}}],\"inLanguage\":\"pl-PL\"},{\"@type\":\"Organization\",\"@id\":\"http:\/\/owitsosnowiec.pl\/#organization\",\"name\":\"O\u015brodek Wsparcia i Test\u00f3w w Sosnowcu\",\"url\":\"http:\/\/owitsosnowiec.pl\/\",\"logo\":{\"@type\":\"ImageObject\",\"inLanguage\":\"pl-PL\",\"@id\":\"http:\/\/owitsosnowiec.pl\/#\/schema\/logo\/image\/\",\"url\":\"http:\/\/owitsosnowiec.pl\/wp-content\/uploads\/2026\/04\/Projekt-bez-nazwy.png\",\"contentUrl\":\"http:\/\/owitsosnowiec.pl\/wp-content\/uploads\/2026\/04\/Projekt-bez-nazwy.png\",\"width\":2017,\"height\":733,\"caption\":\"O\u015brodek Wsparcia i Test\u00f3w w Sosnowcu\"},\"image\":{\"@id\":\"http:\/\/owitsosnowiec.pl\/#\/schema\/logo\/image\/\"}},{\"@type\":\"Person\",\"@id\":\"http:\/\/owitsosnowiec.pl\/#\/schema\/person\/a89842fe862e6af003c5d0d36d630c7c\",\"name\":\"admin\",\"image\":{\"@type\":\"ImageObject\",\"inLanguage\":\"pl-PL\",\"@id\":\"https:\/\/secure.gravatar.com\/avatar\/5e4944fe247161ff26b33b416ef5c794327c5dc77e48a59d6fa95ae7d24c4ed6?s=96&d=mm&r=g\",\"url\":\"https:\/\/secure.gravatar.com\/avatar\/5e4944fe247161ff26b33b416ef5c794327c5dc77e48a59d6fa95ae7d24c4ed6?s=96&d=mm&r=g\",\"contentUrl\":\"https:\/\/secure.gravatar.com\/avatar\/5e4944fe247161ff26b33b416ef5c794327c5dc77e48a59d6fa95ae7d24c4ed6?s=96&d=mm&r=g\",\"caption\":\"admin\"},\"sameAs\":[\"https:\/\/example.com\"],\"url\":\"http:\/\/owitsosnowiec.pl\/?author=1\"}]}<\/script>\n<!-- \/ Yoast SEO plugin. -->","yoast_head_json":{"title":"15.04.2026-Dzie\u0144 Otwarty dla os\u00f3b starszych i os\u00f3b z niepe\u0142nosprawno\u015bciami \u2013 Bielsko-Bia\u0142a - O\u015brodek Wsparcia i Test\u00f3w w Sosnowcu","robots":{"index":"index","follow":"follow","max-snippet":"max-snippet:-1","max-image-preview":"max-image-preview:large","max-video-preview":"max-video-preview:-1"},"canonical":"http:\/\/owitsosnowiec.pl\/?p=316","og_locale":"pl_PL","og_type":"article","og_title":"15.04.2026-Dzie\u0144 Otwarty dla os\u00f3b starszych i os\u00f3b z niepe\u0142nosprawno\u015bciami \u2013 Bielsko-Bia\u0142a - O\u015brodek Wsparcia i Test\u00f3w w Sosnowcu","og_description":"15 kwietnia 2026 r. uczestniczyli\u015bmy w Dniu Otwartym dla os\u00f3b starszych i os\u00f3b z niepe\u0142nosprawno\u015bciami, kt\u00f3ry odby\u0142 si\u0119 w Centrum Seniora w Bielsku-Bia\u0142ej. Wydarzenie zgromadzi\u0142o mieszka\u0144c\u00f3w zainteresowanych zdrowiem, profilaktyk\u0105 oraz dost\u0119pnymi formami wsparcia. Podczas wydarzenia zaprezentowali\u015bmy dzia\u0142alno\u015b\u0107 O\u015brodka Wsparcia i Test\u00f3w (OWiT) w Sosnowcu, przedstawiaj\u0105c nowoczesne technologie wspieraj\u0105ce osoby starsze [&hellip;]","og_url":"http:\/\/owitsosnowiec.pl\/?p=316","og_site_name":"O\u015brodek Wsparcia i Test\u00f3w w Sosnowcu","article_published_time":"2026-04-16T06:31:33+00:00","article_modified_time":"2026-04-16T06:36:53+00:00","og_image":[{"width":2000,"height":1414,"url":"http:\/\/owitsosnowiec.pl\/wp-content\/uploads\/2026\/04\/owit-post.jpg","type":"image\/jpeg"}],"author":"admin","twitter_card":"summary_large_image","twitter_misc":{"Napisane przez":"admin","Szacowany czas czytania":"2 minuty"},"schema":{"@context":"https:\/\/schema.org","@graph":[{"@type":"Article","@id":"http:\/\/owitsosnowiec.pl\/?p=316#article","isPartOf":{"@id":"http:\/\/owitsosnowiec.pl\/?p=316"},"author":{"name":"admin","@id":"http:\/\/owitsosnowiec.pl\/#\/schema\/person\/a89842fe862e6af003c5d0d36d630c7c"},"headline":"15.04.2026-Dzie\u0144 Otwarty dla os\u00f3b starszych i os\u00f3b z niepe\u0142nosprawno\u015bciami \u2013 Bielsko-Bia\u0142a","datePublished":"2026-04-16T06:31:33+00:00","dateModified":"2026-04-16T06:36:53+00:00","mainEntityOfPage":{"@id":"http:\/\/owitsosnowiec.pl\/?p=316"},"wordCount":193,"commentCount":0,"publisher":{"@id":"http:\/\/owitsosnowiec.pl\/#organization"},"image":{"@id":"http:\/\/owitsosnowiec.pl\/?p=316#primaryimage"},"thumbnailUrl":"http:\/\/owitsosnowiec.pl\/wp-content\/uploads\/2026\/04\/owit-post.jpg","inLanguage":"pl-PL","potentialAction":[{"@type":"CommentAction","name":"Comment","target":["http:\/\/owitsosnowiec.pl\/?p=316#respond"]}]},{"@type":"WebPage","@id":"http:\/\/owitsosnowiec.pl\/?p=316","url":"http:\/\/owitsosnowiec.pl\/?p=316","name":"15.04.2026-Dzie\u0144 Otwarty dla os\u00f3b starszych i os\u00f3b z niepe\u0142nosprawno\u015bciami \u2013 Bielsko-Bia\u0142a - O\u015brodek Wsparcia i Test\u00f3w w Sosnowcu","isPartOf":{"@id":"http:\/\/owitsosnowiec.pl\/#website"},"primaryImageOfPage":{"@id":"http:\/\/owitsosnowiec.pl\/?p=316#primaryimage"},"image":{"@id":"http:\/\/owitsosnowiec.pl\/?p=316#primaryimage"},"thumbnailUrl":"http:\/\/owitsosnowiec.pl\/wp-content\/uploads\/2026\/04\/owit-post.jpg","datePublished":"2026-04-16T06:31:33+00:00","dateModified":"2026-04-16T06:36:53+00:00","breadcrumb":{"@id":"http:\/\/owitsosnowiec.pl\/?p=316#breadcrumb"},"inLanguage":"pl-PL","potentialAction":[{"@type":"ReadAction","target":["http:\/\/owitsosnowiec.pl\/?p=316"]}]},{"@type":"ImageObject","inLanguage":"pl-PL","@id":"http:\/\/owitsosnowiec.pl\/?p=316#primaryimage","url":"http:\/\/owitsosnowiec.pl\/wp-content\/uploads\/2026\/04\/owit-post.jpg","contentUrl":"http:\/\/owitsosnowiec.pl\/wp-content\/uploads\/2026\/04\/owit-post.jpg","width":2000,"height":1414},{"@type":"BreadcrumbList","@id":"http:\/\/owitsosnowiec.pl\/?p=316#breadcrumb","itemListElement":[{"@type":"ListItem","position":1,"name":"Home","item":"http:\/\/owitsosnowiec.pl\/"},{"@type":"ListItem","position":2,"name":"15.04.2026-Dzie\u0144 Otwarty dla os\u00f3b starszych i os\u00f3b z niepe\u0142nosprawno\u015bciami \u2013 Bielsko-Bia\u0142a"}]},{"@type":"WebSite","@id":"http:\/\/owitsosnowiec.pl\/#website","url":"http:\/\/owitsosnowiec.pl\/","name":"O\u015brodek Wsparcia i Test\u00f3w w Sosnowcu","description":"","publisher":{"@id":"http:\/\/owitsosnowiec.pl\/#organization"},"potentialAction":[{"@type":"SearchAction","target":{"@type":"EntryPoint","urlTemplate":"http:\/\/owitsosnowiec.pl\/?s={search_term_string}"},"query-input":{"@type":"PropertyValueSpecification","valueRequired":true,"valueName":"search_term_string"}}],"inLanguage":"pl-PL"},{"@type":"Organization","@id":"http:\/\/owitsosnowiec.pl\/#organization","name":"O\u015brodek Wsparcia i Test\u00f3w w Sosnowcu","url":"http:\/\/owitsosnowiec.pl\/","logo":{"@type":"ImageObject","inLanguage":"pl-PL","@id":"http:\/\/owitsosnowiec.pl\/#\/schema\/logo\/image\/","url":"http:\/\/owitsosnowiec.pl\/wp-content\/uploads\/2026\/04\/Projekt-bez-nazwy.png","contentUrl":"http:\/\/owitsosnowiec.pl\/wp-content\/uploads\/2026\/04\/Projekt-bez-nazwy.png","width":2017,"height":733,"caption":"O\u015brodek Wsparcia i Test\u00f3w w Sosnowcu"},"image":{"@id":"http:\/\/owitsosnowiec.pl\/#\/schema\/logo\/image\/"}},{"@type":"Person","@id":"http:\/\/owitsosnowiec.pl\/#\/schema\/person\/a89842fe862e6af003c5d0d36d630c7c","name":"admin","image":{"@type":"ImageObject","inLanguage":"pl-PL","@id":"https:\/\/secure.gravatar.com\/avatar\/5e4944fe247161ff26b33b416ef5c794327c5dc77e48a59d6fa95ae7d24c4ed6?s=96&d=mm&r=g","url":"https:\/\/secure.gravatar.com\/avatar\/5e4944fe247161ff26b33b416ef5c794327c5dc77e48a59d6fa95ae7d24c4ed6?s=96&d=mm&r=g","contentUrl":"https:\/\/secure.gravatar.com\/avatar\/5e4944fe247161ff26b33b416ef5c794327c5dc77e48a59d6fa95ae7d24c4ed6?s=96&d=mm&r=g","caption":"admin"},"sameAs":["https:\/\/example.com"],"url":"http:\/\/owitsosnowiec.pl\/?author=1"}]}},"_links":{"self":[{"href":"http:\/\/owitsosnowiec.pl\/index.php?rest_route=\/wp\/v2\/posts\/316","targetHints":{"allow":["GET"]}}],"collection":[{"href":"http:\/\/owitsosnowiec.pl\/index.php?rest_route=\/wp\/v2\/posts"}],"about":[{"href":"http:\/\/owitsosnowiec.pl\/index.php?rest_route=\/wp\/v2\/types\/post"}],"author":[{"embeddable":true,"href":"http:\/\/owitsosnowiec.pl\/index.php?rest_route=\/wp\/v2\/users\/1"}],"replies":[{"embeddable":true,"href":"http:\/\/owitsosnowiec.pl\/index.php?rest_route=%2Fwp%2Fv2%2Fcomments&post=316"}],"version-history":[{"count":2,"href":"http:\/\/owitsosnowiec.pl\/index.php?rest_route=\/wp\/v2\/posts\/316\/revisions"}],"predecessor-version":[{"id":325,"href":"http:\/\/owitsosnowiec.pl\/index.php?rest_route=\/wp\/v2\/posts\/316\/revisions\/325"}],"wp:featuredmedia":[{"embeddable":true,"href":"http:\/\/owitsosnowiec.pl\/index.php?rest_route=\/wp\/v2\/media\/319"}],"wp:attachment":[{"href":"http:\/\/owitsosnowiec.pl\/index.php?rest_route=%2Fwp%2Fv2%2Fmedia&parent=316"}],"wp:term":[{"taxonomy":"category","embeddable":true,"href":"http:\/\/owitsosnowiec.pl\/index.php?rest_route=%2Fwp%2Fv2%2Fcategories&post=316"},{"taxonomy":"post_tag","embeddable":true,"href":"http:\/\/owitsosnowiec.pl\/index.php?rest_route=%2Fwp%2Fv2%2Ftags&post=316"}],"curies":[{"name":"wp","href":"https:\/\/api.w.org\/{rel}","templated":true}]}}