{"id":311,"date":"2026-04-11T08:07:21","date_gmt":"2026-04-11T06:07:21","guid":{"rendered":"https:\/\/owitsosnowiec.pl\/?p=311"},"modified":"2026-04-16T08:24:19","modified_gmt":"2026-04-16T06:24:19","slug":"10-04-2026-ii-zabrzanskie-targi-krzepkiego-seniora","status":"publish","type":"post","link":"http:\/\/owitsosnowiec.pl\/?p=311","title":{"rendered":"10.04.2026 &#8211; II Zabrza\u0144skie Targi Krzepkiego Seniora"},"content":{"rendered":"\n<p><strong>10 kwietnia 2026 r.<\/strong> uczestniczyli\u015bmy w <strong>II Zabrza\u0144skich Targach Krzepkiego Seniora<\/strong>, kt\u00f3re odby\u0142y si\u0119 w Centrum Us\u0142ug Spo\u0142ecznych w Zabrzu. Wydarzenie zgromadzi\u0142o licznych senior\u00f3w, ich bliskich oraz przedstawicieli instytucji dzia\u0142aj\u0105cych na rzecz zdrowia, aktywno\u015bci i bezpiecze\u0144stwa os\u00f3b starszych.<\/p>\n\n\n\n<p>Podczas targ\u00f3w <strong>zaprezentowali\u015bmy dzia\u0142alno\u015b\u0107 O\u015brodka Wsparcia i Test\u00f3w (OWiT) w Sosnowcu<\/strong>, przedstawiaj\u0105c <strong>nowoczesne technologie wspieraj\u0105ce codzienne funkcjonowanie os\u00f3b starszych i os\u00f3b z niepe\u0142nosprawno\u015bciami<\/strong>. Uczestnicy mieli mo\u017cliwo\u015b\u0107 zapoznania si\u0119 ze sprz\u0119tem w praktyce oraz skorzystania z <strong>indywidualnych konsultacji<\/strong> prowadzonych przez naszych specjalist\u00f3w.<\/p>\n\n\n\n<p>W programie wydarzenia znalaz\u0142y si\u0119 r\u00f3wnie\u017c bezp\u0142atne badania, porady ekspert\u00f3w, warsztaty oraz liczne stoiska tematyczne, co stworzy\u0142o przestrze\u0144 do rozm\u00f3w, wymiany do\u015bwiadcze\u0144 i zdobywania wiedzy.<\/p>\n\n\n\n<p>Dzi\u0119kujemy organizatorom za zaproszenie, a wszystkim uczestnikom za zainteresowanie i inspiruj\u0105ce spotkania. Cieszymy si\u0119, \u017ce mogli\u015bmy by\u0107 cz\u0119\u015bci\u0105 tego wydarzenia i wspiera\u0107 senior\u00f3w w poznawaniu nowoczesnych rozwi\u0105za\u0144 poprawiaj\u0105cych jako\u015b\u0107 \u017cycia. \ud83d\udc99<\/p>\n\n\n\n<div class=\"wp-block-columns is-layout-flex wp-container-core-columns-is-layout-28f84493 wp-block-columns-is-layout-flex\">\n<div class=\"wp-block-column is-layout-flow wp-block-column-is-layout-flow\">\n<figure class=\"wp-block-image size-large\"><img fetchpriority=\"high\" decoding=\"async\" width=\"724\" height=\"1024\" src=\"https:\/\/owitsosnowiec.pl\/wp-content\/uploads\/2026\/04\/image-724x1024.png\" alt=\"\" class=\"wp-image-312\" srcset=\"http:\/\/owitsosnowiec.pl\/wp-content\/uploads\/2026\/04\/image-724x1024.png 724w, http:\/\/owitsosnowiec.pl\/wp-content\/uploads\/2026\/04\/image-212x300.png 212w, http:\/\/owitsosnowiec.pl\/wp-content\/uploads\/2026\/04\/image-768x1086.png 768w, http:\/\/owitsosnowiec.pl\/wp-content\/uploads\/2026\/04\/image-1086x1536.png 1086w, http:\/\/owitsosnowiec.pl\/wp-content\/uploads\/2026\/04\/image.png 1448w\" sizes=\"(max-width: 724px) 100vw, 724px\" \/><\/figure>\n<\/div>\n\n\n\n<div class=\"wp-block-column is-layout-flow wp-block-column-is-layout-flow\">\n<figure class=\"wp-block-image size-large\"><img decoding=\"async\" width=\"1024\" height=\"768\" src=\"https:\/\/owitsosnowiec.pl\/wp-content\/uploads\/2026\/04\/image-1-1024x768.png\" alt=\"\" class=\"wp-image-313\" srcset=\"http:\/\/owitsosnowiec.pl\/wp-content\/uploads\/2026\/04\/image-1-1024x768.png 1024w, http:\/\/owitsosnowiec.pl\/wp-content\/uploads\/2026\/04\/image-1-300x225.png 300w, http:\/\/owitsosnowiec.pl\/wp-content\/uploads\/2026\/04\/image-1-768x576.png 768w, http:\/\/owitsosnowiec.pl\/wp-content\/uploads\/2026\/04\/image-1-1536x1152.png 1536w, http:\/\/owitsosnowiec.pl\/wp-content\/uploads\/2026\/04\/image-1.png 1600w\" sizes=\"(max-width: 1024px) 100vw, 1024px\" \/><\/figure>\n<\/div>\n<\/div>\n","protected":false},"excerpt":{"rendered":"<p>10 kwietnia 2026 r. uczestniczyli\u015bmy w II Zabrza\u0144skich Targach Krzepkiego Seniora, kt\u00f3re odby\u0142y si\u0119 w Centrum Us\u0142ug Spo\u0142ecznych w Zabrzu. Wydarzenie zgromadzi\u0142o licznych senior\u00f3w, ich bliskich oraz przedstawicieli instytucji dzia\u0142aj\u0105cych na rzecz zdrowia, aktywno\u015bci i bezpiecze\u0144stwa os\u00f3b starszych. Podczas targ\u00f3w zaprezentowali\u015bmy dzia\u0142alno\u015b\u0107 O\u015brodka Wsparcia i Test\u00f3w (OWiT) w Sosnowcu, przedstawiaj\u0105c [&hellip;]<\/p>\n","protected":false},"author":1,"featured_media":315,"comment_status":"open","ping_status":"open","sticky":false,"template":"","format":"standard","meta":{"footnotes":""},"categories":[1],"tags":[9,10,11,24,22,23],"class_list":["post-311","post","type-post","status-publish","format-standard","has-post-thumbnail","hentry","category-bez-kategorii","tag-osrodek-wsparcia-i-testow","tag-owit","tag-pfron","tag-senior","tag-targi","tag-zabrze"],"yoast_head":"<!-- This site is optimized with the Yoast SEO plugin v27.2 - https:\/\/yoast.com\/product\/yoast-seo-wordpress\/ -->\n<title>10.04.2026 - II Zabrza\u0144skie Targi Krzepkiego Seniora - O\u015brodek Wsparcia i Test\u00f3w w Sosnowcu<\/title>\n<meta name=\"robots\" content=\"index, follow, max-snippet:-1, max-image-preview:large, max-video-preview:-1\" \/>\n<link rel=\"canonical\" href=\"https:\/\/owitsosnowiec.pl\/?p=311\" \/>\n<meta property=\"og:locale\" content=\"pl_PL\" \/>\n<meta property=\"og:type\" content=\"article\" \/>\n<meta property=\"og:title\" content=\"10.04.2026 - II Zabrza\u0144skie Targi Krzepkiego Seniora - O\u015brodek Wsparcia i Test\u00f3w w Sosnowcu\" \/>\n<meta property=\"og:description\" content=\"10 kwietnia 2026 r. uczestniczyli\u015bmy w II Zabrza\u0144skich Targach Krzepkiego Seniora, kt\u00f3re odby\u0142y si\u0119 w Centrum Us\u0142ug Spo\u0142ecznych w Zabrzu. Wydarzenie zgromadzi\u0142o licznych senior\u00f3w, ich bliskich oraz przedstawicieli instytucji dzia\u0142aj\u0105cych na rzecz zdrowia, aktywno\u015bci i bezpiecze\u0144stwa os\u00f3b starszych. Podczas targ\u00f3w zaprezentowali\u015bmy dzia\u0142alno\u015b\u0107 O\u015brodka Wsparcia i Test\u00f3w (OWiT) w Sosnowcu, przedstawiaj\u0105c [&hellip;]\" \/>\n<meta property=\"og:url\" content=\"https:\/\/owitsosnowiec.pl\/?p=311\" \/>\n<meta property=\"og:site_name\" content=\"O\u015brodek Wsparcia i Test\u00f3w w Sosnowcu\" \/>\n<meta property=\"article:published_time\" content=\"2026-04-11T06:07:21+00:00\" \/>\n<meta property=\"article:modified_time\" content=\"2026-04-16T06:24:19+00:00\" \/>\n<meta property=\"og:image\" content=\"http:\/\/owitsosnowiec.pl\/wp-content\/uploads\/2026\/04\/swieta-2023.jpg\" \/>\n\t<meta property=\"og:image:width\" content=\"2000\" \/>\n\t<meta property=\"og:image:height\" content=\"1414\" \/>\n\t<meta property=\"og:image:type\" content=\"image\/jpeg\" \/>\n<meta name=\"author\" content=\"admin\" \/>\n<meta name=\"twitter:card\" content=\"summary_large_image\" \/>\n<meta name=\"twitter:label1\" content=\"Napisane przez\" \/>\n\t<meta name=\"twitter:data1\" content=\"admin\" \/>\n\t<meta name=\"twitter:label2\" content=\"Szacowany czas czytania\" \/>\n\t<meta name=\"twitter:data2\" content=\"2 minuty\" \/>\n<script type=\"application\/ld+json\" class=\"yoast-schema-graph\">{\"@context\":\"https:\/\/schema.org\",\"@graph\":[{\"@type\":\"Article\",\"@id\":\"https:\/\/owitsosnowiec.pl\/?p=311#article\",\"isPartOf\":{\"@id\":\"https:\/\/owitsosnowiec.pl\/?p=311\"},\"author\":{\"name\":\"admin\",\"@id\":\"http:\/\/owitsosnowiec.pl\/#\/schema\/person\/a89842fe862e6af003c5d0d36d630c7c\"},\"headline\":\"10.04.2026 &#8211; II Zabrza\u0144skie Targi Krzepkiego Seniora\",\"datePublished\":\"2026-04-11T06:07:21+00:00\",\"dateModified\":\"2026-04-16T06:24:19+00:00\",\"mainEntityOfPage\":{\"@id\":\"https:\/\/owitsosnowiec.pl\/?p=311\"},\"wordCount\":180,\"commentCount\":0,\"publisher\":{\"@id\":\"http:\/\/owitsosnowiec.pl\/#organization\"},\"image\":{\"@id\":\"https:\/\/owitsosnowiec.pl\/?p=311#primaryimage\"},\"thumbnailUrl\":\"http:\/\/owitsosnowiec.pl\/wp-content\/uploads\/2026\/04\/swieta-2023.jpg\",\"keywords\":[\"O\u015brodek Wsparcia i Test\u00f3w\",\"OWIT\",\"Pfron\",\"senior\",\"targi\",\"zabrze\"],\"inLanguage\":\"pl-PL\",\"potentialAction\":[{\"@type\":\"CommentAction\",\"name\":\"Comment\",\"target\":[\"https:\/\/owitsosnowiec.pl\/?p=311#respond\"]}]},{\"@type\":\"WebPage\",\"@id\":\"https:\/\/owitsosnowiec.pl\/?p=311\",\"url\":\"https:\/\/owitsosnowiec.pl\/?p=311\",\"name\":\"10.04.2026 - II Zabrza\u0144skie Targi Krzepkiego Seniora - O\u015brodek Wsparcia i Test\u00f3w w Sosnowcu\",\"isPartOf\":{\"@id\":\"http:\/\/owitsosnowiec.pl\/#website\"},\"primaryImageOfPage\":{\"@id\":\"https:\/\/owitsosnowiec.pl\/?p=311#primaryimage\"},\"image\":{\"@id\":\"https:\/\/owitsosnowiec.pl\/?p=311#primaryimage\"},\"thumbnailUrl\":\"http:\/\/owitsosnowiec.pl\/wp-content\/uploads\/2026\/04\/swieta-2023.jpg\",\"datePublished\":\"2026-04-11T06:07:21+00:00\",\"dateModified\":\"2026-04-16T06:24:19+00:00\",\"breadcrumb\":{\"@id\":\"https:\/\/owitsosnowiec.pl\/?p=311#breadcrumb\"},\"inLanguage\":\"pl-PL\",\"potentialAction\":[{\"@type\":\"ReadAction\",\"target\":[\"https:\/\/owitsosnowiec.pl\/?p=311\"]}]},{\"@type\":\"ImageObject\",\"inLanguage\":\"pl-PL\",\"@id\":\"https:\/\/owitsosnowiec.pl\/?p=311#primaryimage\",\"url\":\"http:\/\/owitsosnowiec.pl\/wp-content\/uploads\/2026\/04\/swieta-2023.jpg\",\"contentUrl\":\"http:\/\/owitsosnowiec.pl\/wp-content\/uploads\/2026\/04\/swieta-2023.jpg\",\"width\":2000,\"height\":1414},{\"@type\":\"BreadcrumbList\",\"@id\":\"https:\/\/owitsosnowiec.pl\/?p=311#breadcrumb\",\"itemListElement\":[{\"@type\":\"ListItem\",\"position\":1,\"name\":\"Home\",\"item\":\"http:\/\/owitsosnowiec.pl\/\"},{\"@type\":\"ListItem\",\"position\":2,\"name\":\"10.04.2026 &#8211; II Zabrza\u0144skie Targi Krzepkiego Seniora\"}]},{\"@type\":\"WebSite\",\"@id\":\"http:\/\/owitsosnowiec.pl\/#website\",\"url\":\"http:\/\/owitsosnowiec.pl\/\",\"name\":\"O\u015brodek Wsparcia i Test\u00f3w w Sosnowcu\",\"description\":\"\",\"publisher\":{\"@id\":\"http:\/\/owitsosnowiec.pl\/#organization\"},\"potentialAction\":[{\"@type\":\"SearchAction\",\"target\":{\"@type\":\"EntryPoint\",\"urlTemplate\":\"http:\/\/owitsosnowiec.pl\/?s={search_term_string}\"},\"query-input\":{\"@type\":\"PropertyValueSpecification\",\"valueRequired\":true,\"valueName\":\"search_term_string\"}}],\"inLanguage\":\"pl-PL\"},{\"@type\":\"Organization\",\"@id\":\"http:\/\/owitsosnowiec.pl\/#organization\",\"name\":\"O\u015brodek Wsparcia i Test\u00f3w w Sosnowcu\",\"url\":\"http:\/\/owitsosnowiec.pl\/\",\"logo\":{\"@type\":\"ImageObject\",\"inLanguage\":\"pl-PL\",\"@id\":\"http:\/\/owitsosnowiec.pl\/#\/schema\/logo\/image\/\",\"url\":\"http:\/\/owitsosnowiec.pl\/wp-content\/uploads\/2026\/04\/Projekt-bez-nazwy.png\",\"contentUrl\":\"http:\/\/owitsosnowiec.pl\/wp-content\/uploads\/2026\/04\/Projekt-bez-nazwy.png\",\"width\":2017,\"height\":733,\"caption\":\"O\u015brodek Wsparcia i Test\u00f3w w Sosnowcu\"},\"image\":{\"@id\":\"http:\/\/owitsosnowiec.pl\/#\/schema\/logo\/image\/\"}},{\"@type\":\"Person\",\"@id\":\"http:\/\/owitsosnowiec.pl\/#\/schema\/person\/a89842fe862e6af003c5d0d36d630c7c\",\"name\":\"admin\",\"image\":{\"@type\":\"ImageObject\",\"inLanguage\":\"pl-PL\",\"@id\":\"https:\/\/secure.gravatar.com\/avatar\/5e4944fe247161ff26b33b416ef5c794327c5dc77e48a59d6fa95ae7d24c4ed6?s=96&d=mm&r=g\",\"url\":\"https:\/\/secure.gravatar.com\/avatar\/5e4944fe247161ff26b33b416ef5c794327c5dc77e48a59d6fa95ae7d24c4ed6?s=96&d=mm&r=g\",\"contentUrl\":\"https:\/\/secure.gravatar.com\/avatar\/5e4944fe247161ff26b33b416ef5c794327c5dc77e48a59d6fa95ae7d24c4ed6?s=96&d=mm&r=g\",\"caption\":\"admin\"},\"sameAs\":[\"https:\/\/example.com\"],\"url\":\"http:\/\/owitsosnowiec.pl\/?author=1\"}]}<\/script>\n<!-- \/ Yoast SEO plugin. -->","yoast_head_json":{"title":"10.04.2026 - II Zabrza\u0144skie Targi Krzepkiego Seniora - O\u015brodek Wsparcia i Test\u00f3w w Sosnowcu","robots":{"index":"index","follow":"follow","max-snippet":"max-snippet:-1","max-image-preview":"max-image-preview:large","max-video-preview":"max-video-preview:-1"},"canonical":"https:\/\/owitsosnowiec.pl\/?p=311","og_locale":"pl_PL","og_type":"article","og_title":"10.04.2026 - II Zabrza\u0144skie Targi Krzepkiego Seniora - O\u015brodek Wsparcia i Test\u00f3w w Sosnowcu","og_description":"10 kwietnia 2026 r. uczestniczyli\u015bmy w II Zabrza\u0144skich Targach Krzepkiego Seniora, kt\u00f3re odby\u0142y si\u0119 w Centrum Us\u0142ug Spo\u0142ecznych w Zabrzu. Wydarzenie zgromadzi\u0142o licznych senior\u00f3w, ich bliskich oraz przedstawicieli instytucji dzia\u0142aj\u0105cych na rzecz zdrowia, aktywno\u015bci i bezpiecze\u0144stwa os\u00f3b starszych. Podczas targ\u00f3w zaprezentowali\u015bmy dzia\u0142alno\u015b\u0107 O\u015brodka Wsparcia i Test\u00f3w (OWiT) w Sosnowcu, przedstawiaj\u0105c [&hellip;]","og_url":"https:\/\/owitsosnowiec.pl\/?p=311","og_site_name":"O\u015brodek Wsparcia i Test\u00f3w w Sosnowcu","article_published_time":"2026-04-11T06:07:21+00:00","article_modified_time":"2026-04-16T06:24:19+00:00","og_image":[{"width":2000,"height":1414,"url":"http:\/\/owitsosnowiec.pl\/wp-content\/uploads\/2026\/04\/swieta-2023.jpg","type":"image\/jpeg"}],"author":"admin","twitter_card":"summary_large_image","twitter_misc":{"Napisane przez":"admin","Szacowany czas czytania":"2 minuty"},"schema":{"@context":"https:\/\/schema.org","@graph":[{"@type":"Article","@id":"https:\/\/owitsosnowiec.pl\/?p=311#article","isPartOf":{"@id":"https:\/\/owitsosnowiec.pl\/?p=311"},"author":{"name":"admin","@id":"http:\/\/owitsosnowiec.pl\/#\/schema\/person\/a89842fe862e6af003c5d0d36d630c7c"},"headline":"10.04.2026 &#8211; II Zabrza\u0144skie Targi Krzepkiego Seniora","datePublished":"2026-04-11T06:07:21+00:00","dateModified":"2026-04-16T06:24:19+00:00","mainEntityOfPage":{"@id":"https:\/\/owitsosnowiec.pl\/?p=311"},"wordCount":180,"commentCount":0,"publisher":{"@id":"http:\/\/owitsosnowiec.pl\/#organization"},"image":{"@id":"https:\/\/owitsosnowiec.pl\/?p=311#primaryimage"},"thumbnailUrl":"http:\/\/owitsosnowiec.pl\/wp-content\/uploads\/2026\/04\/swieta-2023.jpg","keywords":["O\u015brodek Wsparcia i Test\u00f3w","OWIT","Pfron","senior","targi","zabrze"],"inLanguage":"pl-PL","potentialAction":[{"@type":"CommentAction","name":"Comment","target":["https:\/\/owitsosnowiec.pl\/?p=311#respond"]}]},{"@type":"WebPage","@id":"https:\/\/owitsosnowiec.pl\/?p=311","url":"https:\/\/owitsosnowiec.pl\/?p=311","name":"10.04.2026 - II Zabrza\u0144skie Targi Krzepkiego Seniora - O\u015brodek Wsparcia i Test\u00f3w w Sosnowcu","isPartOf":{"@id":"http:\/\/owitsosnowiec.pl\/#website"},"primaryImageOfPage":{"@id":"https:\/\/owitsosnowiec.pl\/?p=311#primaryimage"},"image":{"@id":"https:\/\/owitsosnowiec.pl\/?p=311#primaryimage"},"thumbnailUrl":"http:\/\/owitsosnowiec.pl\/wp-content\/uploads\/2026\/04\/swieta-2023.jpg","datePublished":"2026-04-11T06:07:21+00:00","dateModified":"2026-04-16T06:24:19+00:00","breadcrumb":{"@id":"https:\/\/owitsosnowiec.pl\/?p=311#breadcrumb"},"inLanguage":"pl-PL","potentialAction":[{"@type":"ReadAction","target":["https:\/\/owitsosnowiec.pl\/?p=311"]}]},{"@type":"ImageObject","inLanguage":"pl-PL","@id":"https:\/\/owitsosnowiec.pl\/?p=311#primaryimage","url":"http:\/\/owitsosnowiec.pl\/wp-content\/uploads\/2026\/04\/swieta-2023.jpg","contentUrl":"http:\/\/owitsosnowiec.pl\/wp-content\/uploads\/2026\/04\/swieta-2023.jpg","width":2000,"height":1414},{"@type":"BreadcrumbList","@id":"https:\/\/owitsosnowiec.pl\/?p=311#breadcrumb","itemListElement":[{"@type":"ListItem","position":1,"name":"Home","item":"http:\/\/owitsosnowiec.pl\/"},{"@type":"ListItem","position":2,"name":"10.04.2026 &#8211; II Zabrza\u0144skie Targi Krzepkiego Seniora"}]},{"@type":"WebSite","@id":"http:\/\/owitsosnowiec.pl\/#website","url":"http:\/\/owitsosnowiec.pl\/","name":"O\u015brodek Wsparcia i Test\u00f3w w Sosnowcu","description":"","publisher":{"@id":"http:\/\/owitsosnowiec.pl\/#organization"},"potentialAction":[{"@type":"SearchAction","target":{"@type":"EntryPoint","urlTemplate":"http:\/\/owitsosnowiec.pl\/?s={search_term_string}"},"query-input":{"@type":"PropertyValueSpecification","valueRequired":true,"valueName":"search_term_string"}}],"inLanguage":"pl-PL"},{"@type":"Organization","@id":"http:\/\/owitsosnowiec.pl\/#organization","name":"O\u015brodek Wsparcia i Test\u00f3w w Sosnowcu","url":"http:\/\/owitsosnowiec.pl\/","logo":{"@type":"ImageObject","inLanguage":"pl-PL","@id":"http:\/\/owitsosnowiec.pl\/#\/schema\/logo\/image\/","url":"http:\/\/owitsosnowiec.pl\/wp-content\/uploads\/2026\/04\/Projekt-bez-nazwy.png","contentUrl":"http:\/\/owitsosnowiec.pl\/wp-content\/uploads\/2026\/04\/Projekt-bez-nazwy.png","width":2017,"height":733,"caption":"O\u015brodek Wsparcia i Test\u00f3w w Sosnowcu"},"image":{"@id":"http:\/\/owitsosnowiec.pl\/#\/schema\/logo\/image\/"}},{"@type":"Person","@id":"http:\/\/owitsosnowiec.pl\/#\/schema\/person\/a89842fe862e6af003c5d0d36d630c7c","name":"admin","image":{"@type":"ImageObject","inLanguage":"pl-PL","@id":"https:\/\/secure.gravatar.com\/avatar\/5e4944fe247161ff26b33b416ef5c794327c5dc77e48a59d6fa95ae7d24c4ed6?s=96&d=mm&r=g","url":"https:\/\/secure.gravatar.com\/avatar\/5e4944fe247161ff26b33b416ef5c794327c5dc77e48a59d6fa95ae7d24c4ed6?s=96&d=mm&r=g","contentUrl":"https:\/\/secure.gravatar.com\/avatar\/5e4944fe247161ff26b33b416ef5c794327c5dc77e48a59d6fa95ae7d24c4ed6?s=96&d=mm&r=g","caption":"admin"},"sameAs":["https:\/\/example.com"],"url":"http:\/\/owitsosnowiec.pl\/?author=1"}]}},"_links":{"self":[{"href":"http:\/\/owitsosnowiec.pl\/index.php?rest_route=\/wp\/v2\/posts\/311","targetHints":{"allow":["GET"]}}],"collection":[{"href":"http:\/\/owitsosnowiec.pl\/index.php?rest_route=\/wp\/v2\/posts"}],"about":[{"href":"http:\/\/owitsosnowiec.pl\/index.php?rest_route=\/wp\/v2\/types\/post"}],"author":[{"embeddable":true,"href":"http:\/\/owitsosnowiec.pl\/index.php?rest_route=\/wp\/v2\/users\/1"}],"replies":[{"embeddable":true,"href":"http:\/\/owitsosnowiec.pl\/index.php?rest_route=%2Fwp%2Fv2%2Fcomments&post=311"}],"version-history":[{"count":1,"href":"http:\/\/owitsosnowiec.pl\/index.php?rest_route=\/wp\/v2\/posts\/311\/revisions"}],"predecessor-version":[{"id":314,"href":"http:\/\/owitsosnowiec.pl\/index.php?rest_route=\/wp\/v2\/posts\/311\/revisions\/314"}],"wp:featuredmedia":[{"embeddable":true,"href":"http:\/\/owitsosnowiec.pl\/index.php?rest_route=\/wp\/v2\/media\/315"}],"wp:attachment":[{"href":"http:\/\/owitsosnowiec.pl\/index.php?rest_route=%2Fwp%2Fv2%2Fmedia&parent=311"}],"wp:term":[{"taxonomy":"category","embeddable":true,"href":"http:\/\/owitsosnowiec.pl\/index.php?rest_route=%2Fwp%2Fv2%2Fcategories&post=311"},{"taxonomy":"post_tag","embeddable":true,"href":"http:\/\/owitsosnowiec.pl\/index.php?rest_route=%2Fwp%2Fv2%2Ftags&post=311"}],"curies":[{"name":"wp","href":"https:\/\/api.w.org\/{rel}","templated":true}]}}