{"id":283,"date":"2024-11-28T17:18:00","date_gmt":"2024-11-28T16:18:00","guid":{"rendered":"http:\/\/owitsosnowiec.pl\/?p=283"},"modified":"2026-03-26T17:18:50","modified_gmt":"2026-03-26T16:18:50","slug":"o-naszym-osrodku-w-mediach","status":"publish","type":"post","link":"http:\/\/owitsosnowiec.pl\/?p=283","title":{"rendered":"O naszym O\u015brodku w mediach!"},"content":{"rendered":"\n<p>Z rado\u015bci\u0105 informujemy, \u017ce portal&nbsp;<strong>\u201eNasze Sprawy\u201d<\/strong>&nbsp;opublikowa\u0142 artyku\u0142 o dzia\u0142alno\u015bci O\u015brodk\u00f3w Wsparcia i Test\u00f3w, w tym o naszym OWiT w Sosnowcu! \ud83c\udf89<\/p>\n\n\n\n<p>W artykule podkre\u015blono rol\u0119 OWiT-\u00f3w w dostarczaniu kompleksowej informacji i wsparcia technologicznego dla os\u00f3b z niepe\u0142nosprawno\u015bciami oraz ich opiekun\u00f3w. Opisano tak\u017ce zakres naszej dzia\u0142alno\u015bci, w tym doradztwo technologiczne, wypo\u017cyczanie sprz\u0119tu do testowania i konsultacje z ekspertami.<\/p>\n\n\n\n<p>To dla nas ogromne wyr\u00f3\u017cnienie i motywacja do dalszej pracy na rzecz dost\u0119pno\u015bci i wspierania os\u00f3b z niepe\u0142nosprawno\u015bciami.<\/p>\n\n\n\n<p>Zapraszamy do przeczytania artyku\u0142u:<\/p>\n\n\n\n<figure class=\"wp-block-embed is-type-wp-embed is-provider-magazyn-informacyjny-os-b-niepe-nosprawnych-nasze-sprawy wp-block-embed-magazyn-informacyjny-os-b-niepe-nosprawnych-nasze-sprawy\"><div class=\"wp-block-embed__wrapper\">\n<blockquote class=\"wp-embedded-content\" data-secret=\"F18nvrTwEc\"><a href=\"https:\/\/naszesprawy.eu\/aktualnosci\/osrodki-wspierania-i-testow-sluza-kompleksowa-informacja-i-wsparciem-technologicznym\/\">O\u015brodki Wspierania i Test\u00f3w s\u0142u\u017c\u0105 kompleksow\u0105 informacj\u0105 i wsparciem technologicznym<\/a><\/blockquote><iframe class=\"wp-embedded-content\" sandbox=\"allow-scripts\" security=\"restricted\" style=\"position: absolute; visibility: hidden;\" title=\"&#8222;O\u015brodki Wspierania i Test\u00f3w s\u0142u\u017c\u0105 kompleksow\u0105 informacj\u0105 i wsparciem technologicznym&#8221; &#8212; Magazyn Informacyjny Os\u00f3b Niepe\u0142nosprawnych \u201eNasze Sprawy\u201d\" src=\"https:\/\/naszesprawy.eu\/aktualnosci\/osrodki-wspierania-i-testow-sluza-kompleksowa-informacja-i-wsparciem-technologicznym\/embed\/#?secret=SpmF5aLGLr#?secret=F18nvrTwEc\" data-secret=\"F18nvrTwEc\" width=\"600\" height=\"338\" frameborder=\"0\" marginwidth=\"0\" marginheight=\"0\" scrolling=\"no\"><\/iframe>\n<\/div><\/figure>\n","protected":false},"excerpt":{"rendered":"<p>Z rado\u015bci\u0105 informujemy, \u017ce portal&nbsp;\u201eNasze Sprawy\u201d&nbsp;opublikowa\u0142 artyku\u0142 o dzia\u0142alno\u015bci O\u015brodk\u00f3w Wsparcia i Test\u00f3w, w tym o naszym OWiT w Sosnowcu! \ud83c\udf89 W artykule podkre\u015blono rol\u0119 OWiT-\u00f3w w dostarczaniu kompleksowej informacji i wsparcia technologicznego dla os\u00f3b z niepe\u0142nosprawno\u015bciami oraz ich opiekun\u00f3w. Opisano tak\u017ce zakres naszej dzia\u0142alno\u015bci, w tym doradztwo technologiczne, wypo\u017cyczanie [&hellip;]<\/p>\n","protected":false},"author":1,"featured_media":0,"comment_status":"open","ping_status":"open","sticky":false,"template":"","format":"standard","meta":{"footnotes":""},"categories":[1],"tags":[],"class_list":["post-283","post","type-post","status-publish","format-standard","hentry","category-bez-kategorii"],"yoast_head":"<!-- This site is optimized with the Yoast SEO plugin v27.2 - https:\/\/yoast.com\/product\/yoast-seo-wordpress\/ -->\n<title>O naszym O\u015brodku w mediach! - O\u015brodek Wsparcia i Test\u00f3w w Sosnowcu<\/title>\n<meta name=\"robots\" content=\"index, follow, max-snippet:-1, max-image-preview:large, max-video-preview:-1\" \/>\n<link rel=\"canonical\" href=\"https:\/\/owitsosnowiec.pl\/?p=283\" \/>\n<meta property=\"og:locale\" content=\"pl_PL\" \/>\n<meta property=\"og:type\" content=\"article\" \/>\n<meta property=\"og:title\" content=\"O naszym O\u015brodku w mediach! - O\u015brodek Wsparcia i Test\u00f3w w Sosnowcu\" \/>\n<meta property=\"og:description\" content=\"Z rado\u015bci\u0105 informujemy, \u017ce portal&nbsp;\u201eNasze Sprawy\u201d&nbsp;opublikowa\u0142 artyku\u0142 o dzia\u0142alno\u015bci O\u015brodk\u00f3w Wsparcia i Test\u00f3w, w tym o naszym OWiT w Sosnowcu! \ud83c\udf89 W artykule podkre\u015blono rol\u0119 OWiT-\u00f3w w dostarczaniu kompleksowej informacji i wsparcia technologicznego dla os\u00f3b z niepe\u0142nosprawno\u015bciami oraz ich opiekun\u00f3w. Opisano tak\u017ce zakres naszej dzia\u0142alno\u015bci, w tym doradztwo technologiczne, wypo\u017cyczanie [&hellip;]\" \/>\n<meta property=\"og:url\" content=\"https:\/\/owitsosnowiec.pl\/?p=283\" \/>\n<meta property=\"og:site_name\" content=\"O\u015brodek Wsparcia i Test\u00f3w w Sosnowcu\" \/>\n<meta property=\"article:published_time\" content=\"2024-11-28T16:18:00+00:00\" \/>\n<meta property=\"article:modified_time\" content=\"2026-03-26T16:18:50+00:00\" \/>\n<meta name=\"author\" content=\"admin\" \/>\n<meta name=\"twitter:card\" content=\"summary_large_image\" \/>\n<meta name=\"twitter:label1\" content=\"Napisane przez\" \/>\n\t<meta name=\"twitter:data1\" content=\"admin\" \/>\n\t<meta name=\"twitter:label2\" content=\"Szacowany czas czytania\" \/>\n\t<meta name=\"twitter:data2\" content=\"1 minuta\" \/>\n<script type=\"application\/ld+json\" class=\"yoast-schema-graph\">{\"@context\":\"https:\/\/schema.org\",\"@graph\":[{\"@type\":\"Article\",\"@id\":\"https:\/\/owitsosnowiec.pl\/?p=283#article\",\"isPartOf\":{\"@id\":\"https:\/\/owitsosnowiec.pl\/?p=283\"},\"author\":{\"name\":\"admin\",\"@id\":\"http:\/\/owitsosnowiec.pl\/#\/schema\/person\/a89842fe862e6af003c5d0d36d630c7c\"},\"headline\":\"O naszym O\u015brodku w mediach!\",\"datePublished\":\"2024-11-28T16:18:00+00:00\",\"dateModified\":\"2026-03-26T16:18:50+00:00\",\"mainEntityOfPage\":{\"@id\":\"https:\/\/owitsosnowiec.pl\/?p=283\"},\"wordCount\":117,\"commentCount\":0,\"publisher\":{\"@id\":\"http:\/\/owitsosnowiec.pl\/#organization\"},\"inLanguage\":\"pl-PL\",\"potentialAction\":[{\"@type\":\"CommentAction\",\"name\":\"Comment\",\"target\":[\"https:\/\/owitsosnowiec.pl\/?p=283#respond\"]}]},{\"@type\":\"WebPage\",\"@id\":\"https:\/\/owitsosnowiec.pl\/?p=283\",\"url\":\"https:\/\/owitsosnowiec.pl\/?p=283\",\"name\":\"O naszym O\u015brodku w mediach! - O\u015brodek Wsparcia i Test\u00f3w w Sosnowcu\",\"isPartOf\":{\"@id\":\"http:\/\/owitsosnowiec.pl\/#website\"},\"datePublished\":\"2024-11-28T16:18:00+00:00\",\"dateModified\":\"2026-03-26T16:18:50+00:00\",\"breadcrumb\":{\"@id\":\"https:\/\/owitsosnowiec.pl\/?p=283#breadcrumb\"},\"inLanguage\":\"pl-PL\",\"potentialAction\":[{\"@type\":\"ReadAction\",\"target\":[\"https:\/\/owitsosnowiec.pl\/?p=283\"]}]},{\"@type\":\"BreadcrumbList\",\"@id\":\"https:\/\/owitsosnowiec.pl\/?p=283#breadcrumb\",\"itemListElement\":[{\"@type\":\"ListItem\",\"position\":1,\"name\":\"Home\",\"item\":\"http:\/\/owitsosnowiec.pl\/\"},{\"@type\":\"ListItem\",\"position\":2,\"name\":\"O naszym O\u015brodku w mediach!\"}]},{\"@type\":\"WebSite\",\"@id\":\"http:\/\/owitsosnowiec.pl\/#website\",\"url\":\"http:\/\/owitsosnowiec.pl\/\",\"name\":\"O\u015brodek Wsparcia i Test\u00f3w w Sosnowcu\",\"description\":\"\",\"publisher\":{\"@id\":\"http:\/\/owitsosnowiec.pl\/#organization\"},\"potentialAction\":[{\"@type\":\"SearchAction\",\"target\":{\"@type\":\"EntryPoint\",\"urlTemplate\":\"http:\/\/owitsosnowiec.pl\/?s={search_term_string}\"},\"query-input\":{\"@type\":\"PropertyValueSpecification\",\"valueRequired\":true,\"valueName\":\"search_term_string\"}}],\"inLanguage\":\"pl-PL\"},{\"@type\":\"Organization\",\"@id\":\"http:\/\/owitsosnowiec.pl\/#organization\",\"name\":\"O\u015brodek Wsparcia i Test\u00f3w w Sosnowcu\",\"url\":\"http:\/\/owitsosnowiec.pl\/\",\"logo\":{\"@type\":\"ImageObject\",\"inLanguage\":\"pl-PL\",\"@id\":\"http:\/\/owitsosnowiec.pl\/#\/schema\/logo\/image\/\",\"url\":\"http:\/\/owitsosnowiec.pl\/wp-content\/uploads\/2026\/04\/Projekt-bez-nazwy.png\",\"contentUrl\":\"http:\/\/owitsosnowiec.pl\/wp-content\/uploads\/2026\/04\/Projekt-bez-nazwy.png\",\"width\":2017,\"height\":733,\"caption\":\"O\u015brodek Wsparcia i Test\u00f3w w Sosnowcu\"},\"image\":{\"@id\":\"http:\/\/owitsosnowiec.pl\/#\/schema\/logo\/image\/\"}},{\"@type\":\"Person\",\"@id\":\"http:\/\/owitsosnowiec.pl\/#\/schema\/person\/a89842fe862e6af003c5d0d36d630c7c\",\"name\":\"admin\",\"image\":{\"@type\":\"ImageObject\",\"inLanguage\":\"pl-PL\",\"@id\":\"https:\/\/secure.gravatar.com\/avatar\/5e4944fe247161ff26b33b416ef5c794327c5dc77e48a59d6fa95ae7d24c4ed6?s=96&d=mm&r=g\",\"url\":\"https:\/\/secure.gravatar.com\/avatar\/5e4944fe247161ff26b33b416ef5c794327c5dc77e48a59d6fa95ae7d24c4ed6?s=96&d=mm&r=g\",\"contentUrl\":\"https:\/\/secure.gravatar.com\/avatar\/5e4944fe247161ff26b33b416ef5c794327c5dc77e48a59d6fa95ae7d24c4ed6?s=96&d=mm&r=g\",\"caption\":\"admin\"},\"sameAs\":[\"https:\/\/example.com\"],\"url\":\"http:\/\/owitsosnowiec.pl\/?author=1\"}]}<\/script>\n<!-- \/ Yoast SEO plugin. -->","yoast_head_json":{"title":"O naszym O\u015brodku w mediach! - O\u015brodek Wsparcia i Test\u00f3w w Sosnowcu","robots":{"index":"index","follow":"follow","max-snippet":"max-snippet:-1","max-image-preview":"max-image-preview:large","max-video-preview":"max-video-preview:-1"},"canonical":"https:\/\/owitsosnowiec.pl\/?p=283","og_locale":"pl_PL","og_type":"article","og_title":"O naszym O\u015brodku w mediach! - O\u015brodek Wsparcia i Test\u00f3w w Sosnowcu","og_description":"Z rado\u015bci\u0105 informujemy, \u017ce portal&nbsp;\u201eNasze Sprawy\u201d&nbsp;opublikowa\u0142 artyku\u0142 o dzia\u0142alno\u015bci O\u015brodk\u00f3w Wsparcia i Test\u00f3w, w tym o naszym OWiT w Sosnowcu! \ud83c\udf89 W artykule podkre\u015blono rol\u0119 OWiT-\u00f3w w dostarczaniu kompleksowej informacji i wsparcia technologicznego dla os\u00f3b z niepe\u0142nosprawno\u015bciami oraz ich opiekun\u00f3w. Opisano tak\u017ce zakres naszej dzia\u0142alno\u015bci, w tym doradztwo technologiczne, wypo\u017cyczanie [&hellip;]","og_url":"https:\/\/owitsosnowiec.pl\/?p=283","og_site_name":"O\u015brodek Wsparcia i Test\u00f3w w Sosnowcu","article_published_time":"2024-11-28T16:18:00+00:00","article_modified_time":"2026-03-26T16:18:50+00:00","author":"admin","twitter_card":"summary_large_image","twitter_misc":{"Napisane przez":"admin","Szacowany czas czytania":"1 minuta"},"schema":{"@context":"https:\/\/schema.org","@graph":[{"@type":"Article","@id":"https:\/\/owitsosnowiec.pl\/?p=283#article","isPartOf":{"@id":"https:\/\/owitsosnowiec.pl\/?p=283"},"author":{"name":"admin","@id":"http:\/\/owitsosnowiec.pl\/#\/schema\/person\/a89842fe862e6af003c5d0d36d630c7c"},"headline":"O naszym O\u015brodku w mediach!","datePublished":"2024-11-28T16:18:00+00:00","dateModified":"2026-03-26T16:18:50+00:00","mainEntityOfPage":{"@id":"https:\/\/owitsosnowiec.pl\/?p=283"},"wordCount":117,"commentCount":0,"publisher":{"@id":"http:\/\/owitsosnowiec.pl\/#organization"},"inLanguage":"pl-PL","potentialAction":[{"@type":"CommentAction","name":"Comment","target":["https:\/\/owitsosnowiec.pl\/?p=283#respond"]}]},{"@type":"WebPage","@id":"https:\/\/owitsosnowiec.pl\/?p=283","url":"https:\/\/owitsosnowiec.pl\/?p=283","name":"O naszym O\u015brodku w mediach! - O\u015brodek Wsparcia i Test\u00f3w w Sosnowcu","isPartOf":{"@id":"http:\/\/owitsosnowiec.pl\/#website"},"datePublished":"2024-11-28T16:18:00+00:00","dateModified":"2026-03-26T16:18:50+00:00","breadcrumb":{"@id":"https:\/\/owitsosnowiec.pl\/?p=283#breadcrumb"},"inLanguage":"pl-PL","potentialAction":[{"@type":"ReadAction","target":["https:\/\/owitsosnowiec.pl\/?p=283"]}]},{"@type":"BreadcrumbList","@id":"https:\/\/owitsosnowiec.pl\/?p=283#breadcrumb","itemListElement":[{"@type":"ListItem","position":1,"name":"Home","item":"http:\/\/owitsosnowiec.pl\/"},{"@type":"ListItem","position":2,"name":"O naszym O\u015brodku w mediach!"}]},{"@type":"WebSite","@id":"http:\/\/owitsosnowiec.pl\/#website","url":"http:\/\/owitsosnowiec.pl\/","name":"O\u015brodek Wsparcia i Test\u00f3w w Sosnowcu","description":"","publisher":{"@id":"http:\/\/owitsosnowiec.pl\/#organization"},"potentialAction":[{"@type":"SearchAction","target":{"@type":"EntryPoint","urlTemplate":"http:\/\/owitsosnowiec.pl\/?s={search_term_string}"},"query-input":{"@type":"PropertyValueSpecification","valueRequired":true,"valueName":"search_term_string"}}],"inLanguage":"pl-PL"},{"@type":"Organization","@id":"http:\/\/owitsosnowiec.pl\/#organization","name":"O\u015brodek Wsparcia i Test\u00f3w w Sosnowcu","url":"http:\/\/owitsosnowiec.pl\/","logo":{"@type":"ImageObject","inLanguage":"pl-PL","@id":"http:\/\/owitsosnowiec.pl\/#\/schema\/logo\/image\/","url":"http:\/\/owitsosnowiec.pl\/wp-content\/uploads\/2026\/04\/Projekt-bez-nazwy.png","contentUrl":"http:\/\/owitsosnowiec.pl\/wp-content\/uploads\/2026\/04\/Projekt-bez-nazwy.png","width":2017,"height":733,"caption":"O\u015brodek Wsparcia i Test\u00f3w w Sosnowcu"},"image":{"@id":"http:\/\/owitsosnowiec.pl\/#\/schema\/logo\/image\/"}},{"@type":"Person","@id":"http:\/\/owitsosnowiec.pl\/#\/schema\/person\/a89842fe862e6af003c5d0d36d630c7c","name":"admin","image":{"@type":"ImageObject","inLanguage":"pl-PL","@id":"https:\/\/secure.gravatar.com\/avatar\/5e4944fe247161ff26b33b416ef5c794327c5dc77e48a59d6fa95ae7d24c4ed6?s=96&d=mm&r=g","url":"https:\/\/secure.gravatar.com\/avatar\/5e4944fe247161ff26b33b416ef5c794327c5dc77e48a59d6fa95ae7d24c4ed6?s=96&d=mm&r=g","contentUrl":"https:\/\/secure.gravatar.com\/avatar\/5e4944fe247161ff26b33b416ef5c794327c5dc77e48a59d6fa95ae7d24c4ed6?s=96&d=mm&r=g","caption":"admin"},"sameAs":["https:\/\/example.com"],"url":"http:\/\/owitsosnowiec.pl\/?author=1"}]}},"_links":{"self":[{"href":"http:\/\/owitsosnowiec.pl\/index.php?rest_route=\/wp\/v2\/posts\/283","targetHints":{"allow":["GET"]}}],"collection":[{"href":"http:\/\/owitsosnowiec.pl\/index.php?rest_route=\/wp\/v2\/posts"}],"about":[{"href":"http:\/\/owitsosnowiec.pl\/index.php?rest_route=\/wp\/v2\/types\/post"}],"author":[{"embeddable":true,"href":"http:\/\/owitsosnowiec.pl\/index.php?rest_route=\/wp\/v2\/users\/1"}],"replies":[{"embeddable":true,"href":"http:\/\/owitsosnowiec.pl\/index.php?rest_route=%2Fwp%2Fv2%2Fcomments&post=283"}],"version-history":[{"count":1,"href":"http:\/\/owitsosnowiec.pl\/index.php?rest_route=\/wp\/v2\/posts\/283\/revisions"}],"predecessor-version":[{"id":284,"href":"http:\/\/owitsosnowiec.pl\/index.php?rest_route=\/wp\/v2\/posts\/283\/revisions\/284"}],"wp:attachment":[{"href":"http:\/\/owitsosnowiec.pl\/index.php?rest_route=%2Fwp%2Fv2%2Fmedia&parent=283"}],"wp:term":[{"taxonomy":"category","embeddable":true,"href":"http:\/\/owitsosnowiec.pl\/index.php?rest_route=%2Fwp%2Fv2%2Fcategories&post=283"},{"taxonomy":"post_tag","embeddable":true,"href":"http:\/\/owitsosnowiec.pl\/index.php?rest_route=%2Fwp%2Fv2%2Ftags&post=283"}],"curies":[{"name":"wp","href":"https:\/\/api.w.org\/{rel}","templated":true}]}}