{"id":281,"date":"2024-11-26T17:17:00","date_gmt":"2024-11-26T16:17:00","guid":{"rendered":"http:\/\/owitsosnowiec.pl\/?p=281"},"modified":"2026-04-16T09:38:43","modified_gmt":"2026-04-16T07:38:43","slug":"podsumowanie-konferencji-owit-2021-2024","status":"publish","type":"post","link":"http:\/\/owitsosnowiec.pl\/?p=281","title":{"rendered":"Podsumowanie Konferencji OWiT 2021\u20132024"},"content":{"rendered":"\n<p>25 listopada 2024 roku mieli\u015bmy przyjemno\u015b\u0107 zorganizowa\u0107 konferencj\u0119 \u201ePodsumowanie dzia\u0142alno\u015bci OWiT w latach 2021\u20132024\u201d. By\u0142o to niezwyk\u0142e spotkanie, kt\u00f3re zgromadzi\u0142o osoby zaanga\u017cowane w dzia\u0142ania na rzecz wsparcia os\u00f3b z niepe\u0142nosprawno\u015bciami.<\/p>\n\n\n\n<p>Podczas konferencji om\u00f3wili\u015bmy zar\u00f3wno osi\u0105gni\u0119cia O\u015brodka Wsparcia i Test\u00f3w w Sosnowcu, jak i plany na przysz\u0142o\u015b\u0107. Naszym celem od pocz\u0105tku dzia\u0142alno\u015bci by\u0142o stworzenie miejsca, w kt\u00f3rym osoby z niepe\u0142nosprawno\u015bciami i ich opiekunowie mog\u0105 znale\u017a\u0107 realne wsparcie, nowoczesne rozwi\u0105zania technologiczne i praktyczne porady.<\/p>\n\n\n\n<p><strong>W programie wydarzenia znalaz\u0142y si\u0119:<\/strong><br>\u2705&nbsp;<strong>OWiT w systemie wsparcia os\u00f3b z niepe\u0142nosprawno\u015bci\u0105<\/strong>&nbsp;\u2013 om\u00f3wienie roli OWiT jako kluczowego ogniwa w sieci wsparcia.<br>\u2705&nbsp;<strong>Podsumowanie dzia\u0142alno\u015bci OWiT w latach 2021\u20132024<\/strong>&nbsp;\u2013 prezentacja naszych osi\u0105gni\u0119\u0107, wyzwa\u0144 i zmian wprowadzanych z my\u015bl\u0105 o beneficjentach.<br>\u2705&nbsp;<strong>OWiT w do\u015bwiadczeniu beneficjent\u00f3w<\/strong>&nbsp;\u2013 inspiruj\u0105ce wyst\u0105pienie Krzysztofa Wostala z Fundacji Transgresja oraz Mileny Bolek, kt\u00f3rzy podkre\u015blili znaczenie dost\u0119pnych technologii asystuj\u0105cych.<\/p>\n\n\n\n<p><strong>Dlaczego OWiT jest tak wa\u017cny?<\/strong><br>Dzi\u0119ki wsparciu PFRON oferujemy bezp\u0142atne us\u0142ugi dla os\u00f3b z ca\u0142ego wojew\u00f3dztwa. W naszej codziennej dzia\u0142alno\u015bci zajmujemy si\u0119 m.in.:<br>\ud83d\udc49 doradztwem w zakresie technologii asystuj\u0105cych,<br>\ud83d\udc49 prezentacj\u0105 i wypo\u017cyczaniem sprz\u0119tu do testowania,<br>\ud83d\udc49 wsparciem w poszukiwaniu szkole\u0144,<br>\ud83d\udc49 poradami dla rodzin os\u00f3b z niepe\u0142nosprawno\u015bci\u0105,<br>\ud83d\udc49 konsultacjami z ekspertami \u2013 lekarzami, terapeutami czy psychologami.<\/p>\n\n\n\n<p>Konferencja by\u0142a okazj\u0105 do wymiany do\u015bwiadcze\u0144, dzielenia si\u0119 wiedz\u0105 i rozm\u00f3w o wyzwaniach, jakie niesie przysz\u0142o\u015b\u0107. Dzi\u0119kujemy wszystkim prelegentom, uczestnikom oraz naszym partnerom, kt\u00f3rzy wsp\u00f3\u0142tworzyli to wydarzenie.<\/p>\n\n\n\n<figure class=\"wp-block-image size-large\"><img fetchpriority=\"high\" decoding=\"async\" width=\"1024\" height=\"759\" src=\"https:\/\/owitsosnowiec.pl\/wp-content\/uploads\/2024\/11\/PHOTO-2024-11-25-15-09-18-1024x759.jpg\" alt=\"\" class=\"wp-image-421\" srcset=\"http:\/\/owitsosnowiec.pl\/wp-content\/uploads\/2024\/11\/PHOTO-2024-11-25-15-09-18-1024x759.jpg 1024w, http:\/\/owitsosnowiec.pl\/wp-content\/uploads\/2024\/11\/PHOTO-2024-11-25-15-09-18-300x222.jpg 300w, http:\/\/owitsosnowiec.pl\/wp-content\/uploads\/2024\/11\/PHOTO-2024-11-25-15-09-18-768x569.jpg 768w, http:\/\/owitsosnowiec.pl\/wp-content\/uploads\/2024\/11\/PHOTO-2024-11-25-15-09-18-1536x1139.jpg 1536w, http:\/\/owitsosnowiec.pl\/wp-content\/uploads\/2024\/11\/PHOTO-2024-11-25-15-09-18.jpg 2048w\" sizes=\"(max-width: 1024px) 100vw, 1024px\" \/><\/figure>\n\n\n\n<figure class=\"wp-block-image size-large\"><img decoding=\"async\" width=\"1024\" height=\"768\" src=\"https:\/\/owitsosnowiec.pl\/wp-content\/uploads\/2024\/11\/PHOTO-2024-11-25-15-09-17-1024x768.jpg\" alt=\"\" class=\"wp-image-423\" srcset=\"http:\/\/owitsosnowiec.pl\/wp-content\/uploads\/2024\/11\/PHOTO-2024-11-25-15-09-17-1024x768.jpg 1024w, http:\/\/owitsosnowiec.pl\/wp-content\/uploads\/2024\/11\/PHOTO-2024-11-25-15-09-17-300x225.jpg 300w, http:\/\/owitsosnowiec.pl\/wp-content\/uploads\/2024\/11\/PHOTO-2024-11-25-15-09-17-768x576.jpg 768w, http:\/\/owitsosnowiec.pl\/wp-content\/uploads\/2024\/11\/PHOTO-2024-11-25-15-09-17-1536x1152.jpg 1536w, http:\/\/owitsosnowiec.pl\/wp-content\/uploads\/2024\/11\/PHOTO-2024-11-25-15-09-17.jpg 2048w\" sizes=\"(max-width: 1024px) 100vw, 1024px\" \/><\/figure>\n\n\n\n<figure class=\"wp-block-image size-large\"><img decoding=\"async\" width=\"1024\" height=\"768\" src=\"https:\/\/owitsosnowiec.pl\/wp-content\/uploads\/2024\/11\/PHOTO-2024-11-25-15-00-53-1024x768.jpg\" alt=\"\" class=\"wp-image-419\" srcset=\"http:\/\/owitsosnowiec.pl\/wp-content\/uploads\/2024\/11\/PHOTO-2024-11-25-15-00-53-1024x768.jpg 1024w, http:\/\/owitsosnowiec.pl\/wp-content\/uploads\/2024\/11\/PHOTO-2024-11-25-15-00-53-300x225.jpg 300w, http:\/\/owitsosnowiec.pl\/wp-content\/uploads\/2024\/11\/PHOTO-2024-11-25-15-00-53-768x576.jpg 768w, http:\/\/owitsosnowiec.pl\/wp-content\/uploads\/2024\/11\/PHOTO-2024-11-25-15-00-53-1536x1152.jpg 1536w, http:\/\/owitsosnowiec.pl\/wp-content\/uploads\/2024\/11\/PHOTO-2024-11-25-15-00-53.jpg 2000w\" sizes=\"(max-width: 1024px) 100vw, 1024px\" \/><\/figure>\n\n\n\n<figure class=\"wp-block-image size-large\"><img loading=\"lazy\" decoding=\"async\" width=\"1024\" height=\"768\" src=\"https:\/\/owitsosnowiec.pl\/wp-content\/uploads\/2024\/11\/PHOTO-2024-11-25-15-00-52-2-1024x768.jpg\" alt=\"\" class=\"wp-image-420\" srcset=\"http:\/\/owitsosnowiec.pl\/wp-content\/uploads\/2024\/11\/PHOTO-2024-11-25-15-00-52-2-1024x768.jpg 1024w, http:\/\/owitsosnowiec.pl\/wp-content\/uploads\/2024\/11\/PHOTO-2024-11-25-15-00-52-2-300x225.jpg 300w, http:\/\/owitsosnowiec.pl\/wp-content\/uploads\/2024\/11\/PHOTO-2024-11-25-15-00-52-2-768x576.jpg 768w, http:\/\/owitsosnowiec.pl\/wp-content\/uploads\/2024\/11\/PHOTO-2024-11-25-15-00-52-2-1536x1152.jpg 1536w, http:\/\/owitsosnowiec.pl\/wp-content\/uploads\/2024\/11\/PHOTO-2024-11-25-15-00-52-2.jpg 2000w\" sizes=\"(max-width: 1024px) 100vw, 1024px\" \/><\/figure>\n\n\n\n<figure class=\"wp-block-image size-large\"><img loading=\"lazy\" decoding=\"async\" width=\"1024\" height=\"768\" src=\"https:\/\/owitsosnowiec.pl\/wp-content\/uploads\/2024\/11\/PHOTO-2024-11-25-15-00-52-1024x768.jpg\" alt=\"\" class=\"wp-image-422\" srcset=\"http:\/\/owitsosnowiec.pl\/wp-content\/uploads\/2024\/11\/PHOTO-2024-11-25-15-00-52-1024x768.jpg 1024w, http:\/\/owitsosnowiec.pl\/wp-content\/uploads\/2024\/11\/PHOTO-2024-11-25-15-00-52-300x225.jpg 300w, http:\/\/owitsosnowiec.pl\/wp-content\/uploads\/2024\/11\/PHOTO-2024-11-25-15-00-52-768x576.jpg 768w, http:\/\/owitsosnowiec.pl\/wp-content\/uploads\/2024\/11\/PHOTO-2024-11-25-15-00-52-1536x1152.jpg 1536w, http:\/\/owitsosnowiec.pl\/wp-content\/uploads\/2024\/11\/PHOTO-2024-11-25-15-00-52.jpg 2000w\" sizes=\"(max-width: 1024px) 100vw, 1024px\" \/><\/figure>\n","protected":false},"excerpt":{"rendered":"<p>25 listopada 2024 roku mieli\u015bmy przyjemno\u015b\u0107 zorganizowa\u0107 konferencj\u0119 \u201ePodsumowanie dzia\u0142alno\u015bci OWiT w latach 2021\u20132024\u201d. By\u0142o to niezwyk\u0142e spotkanie, kt\u00f3re zgromadzi\u0142o osoby zaanga\u017cowane w dzia\u0142ania na rzecz wsparcia os\u00f3b z niepe\u0142nosprawno\u015bciami. Podczas konferencji om\u00f3wili\u015bmy zar\u00f3wno osi\u0105gni\u0119cia O\u015brodka Wsparcia i Test\u00f3w w Sosnowcu, jak i plany na przysz\u0142o\u015b\u0107. Naszym celem od pocz\u0105tku [&hellip;]<\/p>\n","protected":false},"author":1,"featured_media":419,"comment_status":"open","ping_status":"open","sticky":false,"template":"","format":"standard","meta":{"footnotes":""},"categories":[1],"tags":[],"class_list":["post-281","post","type-post","status-publish","format-standard","has-post-thumbnail","hentry","category-bez-kategorii"],"yoast_head":"<!-- This site is optimized with the Yoast SEO plugin v27.2 - https:\/\/yoast.com\/product\/yoast-seo-wordpress\/ -->\n<title>Podsumowanie Konferencji OWiT 2021\u20132024 - O\u015brodek Wsparcia i Test\u00f3w w Sosnowcu<\/title>\n<meta name=\"robots\" content=\"index, follow, max-snippet:-1, max-image-preview:large, max-video-preview:-1\" \/>\n<link rel=\"canonical\" href=\"https:\/\/owitsosnowiec.pl\/?p=281\" \/>\n<meta property=\"og:locale\" content=\"pl_PL\" \/>\n<meta property=\"og:type\" content=\"article\" \/>\n<meta property=\"og:title\" content=\"Podsumowanie Konferencji OWiT 2021\u20132024 - O\u015brodek Wsparcia i Test\u00f3w w Sosnowcu\" \/>\n<meta property=\"og:description\" content=\"25 listopada 2024 roku mieli\u015bmy przyjemno\u015b\u0107 zorganizowa\u0107 konferencj\u0119 \u201ePodsumowanie dzia\u0142alno\u015bci OWiT w latach 2021\u20132024\u201d. By\u0142o to niezwyk\u0142e spotkanie, kt\u00f3re zgromadzi\u0142o osoby zaanga\u017cowane w dzia\u0142ania na rzecz wsparcia os\u00f3b z niepe\u0142nosprawno\u015bciami. Podczas konferencji om\u00f3wili\u015bmy zar\u00f3wno osi\u0105gni\u0119cia O\u015brodka Wsparcia i Test\u00f3w w Sosnowcu, jak i plany na przysz\u0142o\u015b\u0107. Naszym celem od pocz\u0105tku [&hellip;]\" \/>\n<meta property=\"og:url\" content=\"https:\/\/owitsosnowiec.pl\/?p=281\" \/>\n<meta property=\"og:site_name\" content=\"O\u015brodek Wsparcia i Test\u00f3w w Sosnowcu\" \/>\n<meta property=\"article:published_time\" content=\"2024-11-26T16:17:00+00:00\" \/>\n<meta property=\"article:modified_time\" content=\"2026-04-16T07:38:43+00:00\" \/>\n<meta property=\"og:image\" content=\"https:\/\/owitsosnowiec.pl\/wp-content\/uploads\/2024\/11\/PHOTO-2024-11-25-15-00-53.jpg\" \/>\n\t<meta property=\"og:image:width\" content=\"2000\" \/>\n\t<meta property=\"og:image:height\" content=\"1500\" \/>\n\t<meta property=\"og:image:type\" content=\"image\/jpeg\" \/>\n<meta name=\"author\" content=\"admin\" \/>\n<meta name=\"twitter:card\" content=\"summary_large_image\" \/>\n<meta name=\"twitter:label1\" content=\"Napisane przez\" \/>\n\t<meta name=\"twitter:data1\" content=\"admin\" \/>\n\t<meta name=\"twitter:label2\" content=\"Szacowany czas czytania\" \/>\n\t<meta name=\"twitter:data2\" content=\"3 minuty\" \/>\n<script type=\"application\/ld+json\" class=\"yoast-schema-graph\">{\"@context\":\"https:\/\/schema.org\",\"@graph\":[{\"@type\":\"Article\",\"@id\":\"https:\/\/owitsosnowiec.pl\/?p=281#article\",\"isPartOf\":{\"@id\":\"https:\/\/owitsosnowiec.pl\/?p=281\"},\"author\":{\"name\":\"admin\",\"@id\":\"http:\/\/owitsosnowiec.pl\/#\/schema\/person\/a89842fe862e6af003c5d0d36d630c7c\"},\"headline\":\"Podsumowanie Konferencji OWiT 2021\u20132024\",\"datePublished\":\"2024-11-26T16:17:00+00:00\",\"dateModified\":\"2026-04-16T07:38:43+00:00\",\"mainEntityOfPage\":{\"@id\":\"https:\/\/owitsosnowiec.pl\/?p=281\"},\"wordCount\":281,\"commentCount\":0,\"publisher\":{\"@id\":\"http:\/\/owitsosnowiec.pl\/#organization\"},\"image\":{\"@id\":\"https:\/\/owitsosnowiec.pl\/?p=281#primaryimage\"},\"thumbnailUrl\":\"http:\/\/owitsosnowiec.pl\/wp-content\/uploads\/2024\/11\/PHOTO-2024-11-25-15-00-53.jpg\",\"inLanguage\":\"pl-PL\",\"potentialAction\":[{\"@type\":\"CommentAction\",\"name\":\"Comment\",\"target\":[\"https:\/\/owitsosnowiec.pl\/?p=281#respond\"]}]},{\"@type\":\"WebPage\",\"@id\":\"https:\/\/owitsosnowiec.pl\/?p=281\",\"url\":\"https:\/\/owitsosnowiec.pl\/?p=281\",\"name\":\"Podsumowanie Konferencji OWiT 2021\u20132024 - O\u015brodek Wsparcia i Test\u00f3w w Sosnowcu\",\"isPartOf\":{\"@id\":\"http:\/\/owitsosnowiec.pl\/#website\"},\"primaryImageOfPage\":{\"@id\":\"https:\/\/owitsosnowiec.pl\/?p=281#primaryimage\"},\"image\":{\"@id\":\"https:\/\/owitsosnowiec.pl\/?p=281#primaryimage\"},\"thumbnailUrl\":\"http:\/\/owitsosnowiec.pl\/wp-content\/uploads\/2024\/11\/PHOTO-2024-11-25-15-00-53.jpg\",\"datePublished\":\"2024-11-26T16:17:00+00:00\",\"dateModified\":\"2026-04-16T07:38:43+00:00\",\"breadcrumb\":{\"@id\":\"https:\/\/owitsosnowiec.pl\/?p=281#breadcrumb\"},\"inLanguage\":\"pl-PL\",\"potentialAction\":[{\"@type\":\"ReadAction\",\"target\":[\"https:\/\/owitsosnowiec.pl\/?p=281\"]}]},{\"@type\":\"ImageObject\",\"inLanguage\":\"pl-PL\",\"@id\":\"https:\/\/owitsosnowiec.pl\/?p=281#primaryimage\",\"url\":\"http:\/\/owitsosnowiec.pl\/wp-content\/uploads\/2024\/11\/PHOTO-2024-11-25-15-00-53.jpg\",\"contentUrl\":\"http:\/\/owitsosnowiec.pl\/wp-content\/uploads\/2024\/11\/PHOTO-2024-11-25-15-00-53.jpg\",\"width\":2000,\"height\":1500},{\"@type\":\"BreadcrumbList\",\"@id\":\"https:\/\/owitsosnowiec.pl\/?p=281#breadcrumb\",\"itemListElement\":[{\"@type\":\"ListItem\",\"position\":1,\"name\":\"Home\",\"item\":\"http:\/\/owitsosnowiec.pl\/\"},{\"@type\":\"ListItem\",\"position\":2,\"name\":\"Podsumowanie Konferencji OWiT 2021\u20132024\"}]},{\"@type\":\"WebSite\",\"@id\":\"http:\/\/owitsosnowiec.pl\/#website\",\"url\":\"http:\/\/owitsosnowiec.pl\/\",\"name\":\"O\u015brodek Wsparcia i Test\u00f3w w Sosnowcu\",\"description\":\"\",\"publisher\":{\"@id\":\"http:\/\/owitsosnowiec.pl\/#organization\"},\"potentialAction\":[{\"@type\":\"SearchAction\",\"target\":{\"@type\":\"EntryPoint\",\"urlTemplate\":\"http:\/\/owitsosnowiec.pl\/?s={search_term_string}\"},\"query-input\":{\"@type\":\"PropertyValueSpecification\",\"valueRequired\":true,\"valueName\":\"search_term_string\"}}],\"inLanguage\":\"pl-PL\"},{\"@type\":\"Organization\",\"@id\":\"http:\/\/owitsosnowiec.pl\/#organization\",\"name\":\"O\u015brodek Wsparcia i Test\u00f3w w Sosnowcu\",\"url\":\"http:\/\/owitsosnowiec.pl\/\",\"logo\":{\"@type\":\"ImageObject\",\"inLanguage\":\"pl-PL\",\"@id\":\"http:\/\/owitsosnowiec.pl\/#\/schema\/logo\/image\/\",\"url\":\"http:\/\/owitsosnowiec.pl\/wp-content\/uploads\/2026\/04\/Projekt-bez-nazwy.png\",\"contentUrl\":\"http:\/\/owitsosnowiec.pl\/wp-content\/uploads\/2026\/04\/Projekt-bez-nazwy.png\",\"width\":2017,\"height\":733,\"caption\":\"O\u015brodek Wsparcia i Test\u00f3w w Sosnowcu\"},\"image\":{\"@id\":\"http:\/\/owitsosnowiec.pl\/#\/schema\/logo\/image\/\"}},{\"@type\":\"Person\",\"@id\":\"http:\/\/owitsosnowiec.pl\/#\/schema\/person\/a89842fe862e6af003c5d0d36d630c7c\",\"name\":\"admin\",\"image\":{\"@type\":\"ImageObject\",\"inLanguage\":\"pl-PL\",\"@id\":\"https:\/\/secure.gravatar.com\/avatar\/5e4944fe247161ff26b33b416ef5c794327c5dc77e48a59d6fa95ae7d24c4ed6?s=96&d=mm&r=g\",\"url\":\"https:\/\/secure.gravatar.com\/avatar\/5e4944fe247161ff26b33b416ef5c794327c5dc77e48a59d6fa95ae7d24c4ed6?s=96&d=mm&r=g\",\"contentUrl\":\"https:\/\/secure.gravatar.com\/avatar\/5e4944fe247161ff26b33b416ef5c794327c5dc77e48a59d6fa95ae7d24c4ed6?s=96&d=mm&r=g\",\"caption\":\"admin\"},\"sameAs\":[\"https:\/\/example.com\"],\"url\":\"http:\/\/owitsosnowiec.pl\/?author=1\"}]}<\/script>\n<!-- \/ Yoast SEO plugin. -->","yoast_head_json":{"title":"Podsumowanie Konferencji OWiT 2021\u20132024 - O\u015brodek Wsparcia i Test\u00f3w w Sosnowcu","robots":{"index":"index","follow":"follow","max-snippet":"max-snippet:-1","max-image-preview":"max-image-preview:large","max-video-preview":"max-video-preview:-1"},"canonical":"https:\/\/owitsosnowiec.pl\/?p=281","og_locale":"pl_PL","og_type":"article","og_title":"Podsumowanie Konferencji OWiT 2021\u20132024 - O\u015brodek Wsparcia i Test\u00f3w w Sosnowcu","og_description":"25 listopada 2024 roku mieli\u015bmy przyjemno\u015b\u0107 zorganizowa\u0107 konferencj\u0119 \u201ePodsumowanie dzia\u0142alno\u015bci OWiT w latach 2021\u20132024\u201d. By\u0142o to niezwyk\u0142e spotkanie, kt\u00f3re zgromadzi\u0142o osoby zaanga\u017cowane w dzia\u0142ania na rzecz wsparcia os\u00f3b z niepe\u0142nosprawno\u015bciami. Podczas konferencji om\u00f3wili\u015bmy zar\u00f3wno osi\u0105gni\u0119cia O\u015brodka Wsparcia i Test\u00f3w w Sosnowcu, jak i plany na przysz\u0142o\u015b\u0107. Naszym celem od pocz\u0105tku [&hellip;]","og_url":"https:\/\/owitsosnowiec.pl\/?p=281","og_site_name":"O\u015brodek Wsparcia i Test\u00f3w w Sosnowcu","article_published_time":"2024-11-26T16:17:00+00:00","article_modified_time":"2026-04-16T07:38:43+00:00","og_image":[{"width":2000,"height":1500,"url":"https:\/\/owitsosnowiec.pl\/wp-content\/uploads\/2024\/11\/PHOTO-2024-11-25-15-00-53.jpg","type":"image\/jpeg"}],"author":"admin","twitter_card":"summary_large_image","twitter_misc":{"Napisane przez":"admin","Szacowany czas czytania":"3 minuty"},"schema":{"@context":"https:\/\/schema.org","@graph":[{"@type":"Article","@id":"https:\/\/owitsosnowiec.pl\/?p=281#article","isPartOf":{"@id":"https:\/\/owitsosnowiec.pl\/?p=281"},"author":{"name":"admin","@id":"http:\/\/owitsosnowiec.pl\/#\/schema\/person\/a89842fe862e6af003c5d0d36d630c7c"},"headline":"Podsumowanie Konferencji OWiT 2021\u20132024","datePublished":"2024-11-26T16:17:00+00:00","dateModified":"2026-04-16T07:38:43+00:00","mainEntityOfPage":{"@id":"https:\/\/owitsosnowiec.pl\/?p=281"},"wordCount":281,"commentCount":0,"publisher":{"@id":"http:\/\/owitsosnowiec.pl\/#organization"},"image":{"@id":"https:\/\/owitsosnowiec.pl\/?p=281#primaryimage"},"thumbnailUrl":"http:\/\/owitsosnowiec.pl\/wp-content\/uploads\/2024\/11\/PHOTO-2024-11-25-15-00-53.jpg","inLanguage":"pl-PL","potentialAction":[{"@type":"CommentAction","name":"Comment","target":["https:\/\/owitsosnowiec.pl\/?p=281#respond"]}]},{"@type":"WebPage","@id":"https:\/\/owitsosnowiec.pl\/?p=281","url":"https:\/\/owitsosnowiec.pl\/?p=281","name":"Podsumowanie Konferencji OWiT 2021\u20132024 - O\u015brodek Wsparcia i Test\u00f3w w Sosnowcu","isPartOf":{"@id":"http:\/\/owitsosnowiec.pl\/#website"},"primaryImageOfPage":{"@id":"https:\/\/owitsosnowiec.pl\/?p=281#primaryimage"},"image":{"@id":"https:\/\/owitsosnowiec.pl\/?p=281#primaryimage"},"thumbnailUrl":"http:\/\/owitsosnowiec.pl\/wp-content\/uploads\/2024\/11\/PHOTO-2024-11-25-15-00-53.jpg","datePublished":"2024-11-26T16:17:00+00:00","dateModified":"2026-04-16T07:38:43+00:00","breadcrumb":{"@id":"https:\/\/owitsosnowiec.pl\/?p=281#breadcrumb"},"inLanguage":"pl-PL","potentialAction":[{"@type":"ReadAction","target":["https:\/\/owitsosnowiec.pl\/?p=281"]}]},{"@type":"ImageObject","inLanguage":"pl-PL","@id":"https:\/\/owitsosnowiec.pl\/?p=281#primaryimage","url":"http:\/\/owitsosnowiec.pl\/wp-content\/uploads\/2024\/11\/PHOTO-2024-11-25-15-00-53.jpg","contentUrl":"http:\/\/owitsosnowiec.pl\/wp-content\/uploads\/2024\/11\/PHOTO-2024-11-25-15-00-53.jpg","width":2000,"height":1500},{"@type":"BreadcrumbList","@id":"https:\/\/owitsosnowiec.pl\/?p=281#breadcrumb","itemListElement":[{"@type":"ListItem","position":1,"name":"Home","item":"http:\/\/owitsosnowiec.pl\/"},{"@type":"ListItem","position":2,"name":"Podsumowanie Konferencji OWiT 2021\u20132024"}]},{"@type":"WebSite","@id":"http:\/\/owitsosnowiec.pl\/#website","url":"http:\/\/owitsosnowiec.pl\/","name":"O\u015brodek Wsparcia i Test\u00f3w w Sosnowcu","description":"","publisher":{"@id":"http:\/\/owitsosnowiec.pl\/#organization"},"potentialAction":[{"@type":"SearchAction","target":{"@type":"EntryPoint","urlTemplate":"http:\/\/owitsosnowiec.pl\/?s={search_term_string}"},"query-input":{"@type":"PropertyValueSpecification","valueRequired":true,"valueName":"search_term_string"}}],"inLanguage":"pl-PL"},{"@type":"Organization","@id":"http:\/\/owitsosnowiec.pl\/#organization","name":"O\u015brodek Wsparcia i Test\u00f3w w Sosnowcu","url":"http:\/\/owitsosnowiec.pl\/","logo":{"@type":"ImageObject","inLanguage":"pl-PL","@id":"http:\/\/owitsosnowiec.pl\/#\/schema\/logo\/image\/","url":"http:\/\/owitsosnowiec.pl\/wp-content\/uploads\/2026\/04\/Projekt-bez-nazwy.png","contentUrl":"http:\/\/owitsosnowiec.pl\/wp-content\/uploads\/2026\/04\/Projekt-bez-nazwy.png","width":2017,"height":733,"caption":"O\u015brodek Wsparcia i Test\u00f3w w Sosnowcu"},"image":{"@id":"http:\/\/owitsosnowiec.pl\/#\/schema\/logo\/image\/"}},{"@type":"Person","@id":"http:\/\/owitsosnowiec.pl\/#\/schema\/person\/a89842fe862e6af003c5d0d36d630c7c","name":"admin","image":{"@type":"ImageObject","inLanguage":"pl-PL","@id":"https:\/\/secure.gravatar.com\/avatar\/5e4944fe247161ff26b33b416ef5c794327c5dc77e48a59d6fa95ae7d24c4ed6?s=96&d=mm&r=g","url":"https:\/\/secure.gravatar.com\/avatar\/5e4944fe247161ff26b33b416ef5c794327c5dc77e48a59d6fa95ae7d24c4ed6?s=96&d=mm&r=g","contentUrl":"https:\/\/secure.gravatar.com\/avatar\/5e4944fe247161ff26b33b416ef5c794327c5dc77e48a59d6fa95ae7d24c4ed6?s=96&d=mm&r=g","caption":"admin"},"sameAs":["https:\/\/example.com"],"url":"http:\/\/owitsosnowiec.pl\/?author=1"}]}},"_links":{"self":[{"href":"http:\/\/owitsosnowiec.pl\/index.php?rest_route=\/wp\/v2\/posts\/281","targetHints":{"allow":["GET"]}}],"collection":[{"href":"http:\/\/owitsosnowiec.pl\/index.php?rest_route=\/wp\/v2\/posts"}],"about":[{"href":"http:\/\/owitsosnowiec.pl\/index.php?rest_route=\/wp\/v2\/types\/post"}],"author":[{"embeddable":true,"href":"http:\/\/owitsosnowiec.pl\/index.php?rest_route=\/wp\/v2\/users\/1"}],"replies":[{"embeddable":true,"href":"http:\/\/owitsosnowiec.pl\/index.php?rest_route=%2Fwp%2Fv2%2Fcomments&post=281"}],"version-history":[{"count":2,"href":"http:\/\/owitsosnowiec.pl\/index.php?rest_route=\/wp\/v2\/posts\/281\/revisions"}],"predecessor-version":[{"id":425,"href":"http:\/\/owitsosnowiec.pl\/index.php?rest_route=\/wp\/v2\/posts\/281\/revisions\/425"}],"wp:featuredmedia":[{"embeddable":true,"href":"http:\/\/owitsosnowiec.pl\/index.php?rest_route=\/wp\/v2\/media\/419"}],"wp:attachment":[{"href":"http:\/\/owitsosnowiec.pl\/index.php?rest_route=%2Fwp%2Fv2%2Fmedia&parent=281"}],"wp:term":[{"taxonomy":"category","embeddable":true,"href":"http:\/\/owitsosnowiec.pl\/index.php?rest_route=%2Fwp%2Fv2%2Fcategories&post=281"},{"taxonomy":"post_tag","embeddable":true,"href":"http:\/\/owitsosnowiec.pl\/index.php?rest_route=%2Fwp%2Fv2%2Ftags&post=281"}],"curies":[{"name":"wp","href":"https:\/\/api.w.org\/{rel}","templated":true}]}}