{"id":279,"date":"2024-11-18T17:16:00","date_gmt":"2024-11-18T16:16:00","guid":{"rendered":"http:\/\/owitsosnowiec.pl\/?p=279"},"modified":"2026-03-26T17:17:13","modified_gmt":"2026-03-26T16:17:13","slug":"konferencja-podsumowanie-dzialalnosci-owit-w-latach-2021-2024","status":"publish","type":"post","link":"http:\/\/owitsosnowiec.pl\/?p=279","title":{"rendered":"Konferencja-Podsumowanie dzia\u0142alno\u015bci OWIT w latach 2021-2024"},"content":{"rendered":"\n<p>Serdecznie zapraszamy na wyj\u0105tkow\u0105 konferencj\u0119 organizowan\u0105 przez O\u015brodek Wsparcia i Test\u00f3w w Sosnowcu, kt\u00f3ra odb\u0119dzie si\u0119&nbsp;<strong>25 listopada 2024 roku o godzinie 10:00<\/strong>. Wydarzenie b\u0119dzie okazj\u0105 do podsumowania naszej dzia\u0142alno\u015bci na przestrzeni ostatnich lat, a tak\u017ce rozmowy o przysz\u0142o\u015bci wsparcia technologicznego i spo\u0142ecznego dla os\u00f3b z niepe\u0142nosprawno\u015bciami.<\/p>\n\n\n\n<p><strong>W programie wydarzenia:<\/strong><br>\ud83d\udccc&nbsp;<strong>Otwarcie konferencji<\/strong><br>\ud83d\udccc&nbsp;<strong>OWiT w systemie wsparcia os\u00f3b z niepe\u0142nosprawno\u015bci\u0105<\/strong><br>\ud83d\udccc&nbsp;<strong>Podsumowanie dzia\u0142alno\u015bci OWiT w latach 2021\u20132024<\/strong><br>\ud83d\udccc&nbsp;<strong>OWiT w do\u015bwiadczeniu beneficjent\u00f3w<\/strong><br>\ud83d\udccc&nbsp;<strong>CIDON, OWiT, Wypo\u017cyczalnia centralna \u2013 tera\u017aniejszo\u015b\u0107 i przysz\u0142o\u015b\u0107<\/strong><\/p>\n\n\n\n<p>\ud83d\udccd&nbsp;<strong>Miejsce wydarzenia:<\/strong>&nbsp;O\u015brodek Wsparcia i Test\u00f3w w Sosnowcu<br>w budynku Amfiteatru Muszelka w Sosnowcu (ul. Armii Krajowej 94)<\/p>\n\n\n\n<p><strong>Dlaczego warto by\u0107 z nami?<\/strong><br>To nie tylko okazja do podsumowania naszych dzia\u0142a\u0144, ale przede wszystkim przestrze\u0144 do inspiruj\u0105cych rozm\u00f3w, wymiany do\u015bwiadcze\u0144 i budowania sieci wsparcia dla os\u00f3b z niepe\u0142nosprawno\u015bciami oraz ich opiekun\u00f3w.<\/p>\n","protected":false},"excerpt":{"rendered":"<p>Serdecznie zapraszamy na wyj\u0105tkow\u0105 konferencj\u0119 organizowan\u0105 przez O\u015brodek Wsparcia i Test\u00f3w w Sosnowcu, kt\u00f3ra odb\u0119dzie si\u0119&nbsp;25 listopada 2024 roku o godzinie 10:00. Wydarzenie b\u0119dzie okazj\u0105 do podsumowania naszej dzia\u0142alno\u015bci na przestrzeni ostatnich lat, a tak\u017ce rozmowy o przysz\u0142o\u015bci wsparcia technologicznego i spo\u0142ecznego dla os\u00f3b z niepe\u0142nosprawno\u015bciami. W programie wydarzenia:\ud83d\udccc&nbsp;Otwarcie konferencji\ud83d\udccc&nbsp;OWiT [&hellip;]<\/p>\n","protected":false},"author":1,"featured_media":0,"comment_status":"open","ping_status":"open","sticky":false,"template":"","format":"standard","meta":{"footnotes":""},"categories":[1],"tags":[],"class_list":["post-279","post","type-post","status-publish","format-standard","hentry","category-bez-kategorii"],"yoast_head":"<!-- This site is optimized with the Yoast SEO plugin v27.2 - https:\/\/yoast.com\/product\/yoast-seo-wordpress\/ -->\n<title>Konferencja-Podsumowanie dzia\u0142alno\u015bci OWIT w latach 2021-2024 - O\u015brodek Wsparcia i Test\u00f3w w Sosnowcu<\/title>\n<meta name=\"robots\" content=\"index, follow, max-snippet:-1, max-image-preview:large, max-video-preview:-1\" \/>\n<link rel=\"canonical\" href=\"https:\/\/owitsosnowiec.pl\/?p=279\" \/>\n<meta property=\"og:locale\" content=\"pl_PL\" \/>\n<meta property=\"og:type\" content=\"article\" \/>\n<meta property=\"og:title\" content=\"Konferencja-Podsumowanie dzia\u0142alno\u015bci OWIT w latach 2021-2024 - O\u015brodek Wsparcia i Test\u00f3w w Sosnowcu\" \/>\n<meta property=\"og:description\" content=\"Serdecznie zapraszamy na wyj\u0105tkow\u0105 konferencj\u0119 organizowan\u0105 przez O\u015brodek Wsparcia i Test\u00f3w w Sosnowcu, kt\u00f3ra odb\u0119dzie si\u0119&nbsp;25 listopada 2024 roku o godzinie 10:00. Wydarzenie b\u0119dzie okazj\u0105 do podsumowania naszej dzia\u0142alno\u015bci na przestrzeni ostatnich lat, a tak\u017ce rozmowy o przysz\u0142o\u015bci wsparcia technologicznego i spo\u0142ecznego dla os\u00f3b z niepe\u0142nosprawno\u015bciami. W programie wydarzenia:\ud83d\udccc&nbsp;Otwarcie konferencji\ud83d\udccc&nbsp;OWiT [&hellip;]\" \/>\n<meta property=\"og:url\" content=\"https:\/\/owitsosnowiec.pl\/?p=279\" \/>\n<meta property=\"og:site_name\" content=\"O\u015brodek Wsparcia i Test\u00f3w w Sosnowcu\" \/>\n<meta property=\"article:published_time\" content=\"2024-11-18T16:16:00+00:00\" \/>\n<meta property=\"article:modified_time\" content=\"2026-03-26T16:17:13+00:00\" \/>\n<meta name=\"author\" content=\"admin\" \/>\n<meta name=\"twitter:card\" content=\"summary_large_image\" \/>\n<meta name=\"twitter:label1\" content=\"Napisane przez\" \/>\n\t<meta name=\"twitter:data1\" content=\"admin\" \/>\n\t<meta name=\"twitter:label2\" content=\"Szacowany czas czytania\" \/>\n\t<meta name=\"twitter:data2\" content=\"1 minuta\" \/>\n<script type=\"application\/ld+json\" class=\"yoast-schema-graph\">{\"@context\":\"https:\/\/schema.org\",\"@graph\":[{\"@type\":\"Article\",\"@id\":\"https:\/\/owitsosnowiec.pl\/?p=279#article\",\"isPartOf\":{\"@id\":\"https:\/\/owitsosnowiec.pl\/?p=279\"},\"author\":{\"name\":\"admin\",\"@id\":\"http:\/\/owitsosnowiec.pl\/#\/schema\/person\/a89842fe862e6af003c5d0d36d630c7c\"},\"headline\":\"Konferencja-Podsumowanie dzia\u0142alno\u015bci OWIT w latach 2021-2024\",\"datePublished\":\"2024-11-18T16:16:00+00:00\",\"dateModified\":\"2026-03-26T16:17:13+00:00\",\"mainEntityOfPage\":{\"@id\":\"https:\/\/owitsosnowiec.pl\/?p=279\"},\"wordCount\":172,\"commentCount\":0,\"publisher\":{\"@id\":\"http:\/\/owitsosnowiec.pl\/#organization\"},\"inLanguage\":\"pl-PL\",\"potentialAction\":[{\"@type\":\"CommentAction\",\"name\":\"Comment\",\"target\":[\"https:\/\/owitsosnowiec.pl\/?p=279#respond\"]}]},{\"@type\":\"WebPage\",\"@id\":\"https:\/\/owitsosnowiec.pl\/?p=279\",\"url\":\"https:\/\/owitsosnowiec.pl\/?p=279\",\"name\":\"Konferencja-Podsumowanie dzia\u0142alno\u015bci OWIT w latach 2021-2024 - O\u015brodek Wsparcia i Test\u00f3w w Sosnowcu\",\"isPartOf\":{\"@id\":\"http:\/\/owitsosnowiec.pl\/#website\"},\"datePublished\":\"2024-11-18T16:16:00+00:00\",\"dateModified\":\"2026-03-26T16:17:13+00:00\",\"breadcrumb\":{\"@id\":\"https:\/\/owitsosnowiec.pl\/?p=279#breadcrumb\"},\"inLanguage\":\"pl-PL\",\"potentialAction\":[{\"@type\":\"ReadAction\",\"target\":[\"https:\/\/owitsosnowiec.pl\/?p=279\"]}]},{\"@type\":\"BreadcrumbList\",\"@id\":\"https:\/\/owitsosnowiec.pl\/?p=279#breadcrumb\",\"itemListElement\":[{\"@type\":\"ListItem\",\"position\":1,\"name\":\"Home\",\"item\":\"http:\/\/owitsosnowiec.pl\/\"},{\"@type\":\"ListItem\",\"position\":2,\"name\":\"Konferencja-Podsumowanie dzia\u0142alno\u015bci OWIT w latach 2021-2024\"}]},{\"@type\":\"WebSite\",\"@id\":\"http:\/\/owitsosnowiec.pl\/#website\",\"url\":\"http:\/\/owitsosnowiec.pl\/\",\"name\":\"O\u015brodek Wsparcia i Test\u00f3w w Sosnowcu\",\"description\":\"\",\"publisher\":{\"@id\":\"http:\/\/owitsosnowiec.pl\/#organization\"},\"potentialAction\":[{\"@type\":\"SearchAction\",\"target\":{\"@type\":\"EntryPoint\",\"urlTemplate\":\"http:\/\/owitsosnowiec.pl\/?s={search_term_string}\"},\"query-input\":{\"@type\":\"PropertyValueSpecification\",\"valueRequired\":true,\"valueName\":\"search_term_string\"}}],\"inLanguage\":\"pl-PL\"},{\"@type\":\"Organization\",\"@id\":\"http:\/\/owitsosnowiec.pl\/#organization\",\"name\":\"O\u015brodek Wsparcia i Test\u00f3w w Sosnowcu\",\"url\":\"http:\/\/owitsosnowiec.pl\/\",\"logo\":{\"@type\":\"ImageObject\",\"inLanguage\":\"pl-PL\",\"@id\":\"http:\/\/owitsosnowiec.pl\/#\/schema\/logo\/image\/\",\"url\":\"http:\/\/owitsosnowiec.pl\/wp-content\/uploads\/2026\/04\/Projekt-bez-nazwy.png\",\"contentUrl\":\"http:\/\/owitsosnowiec.pl\/wp-content\/uploads\/2026\/04\/Projekt-bez-nazwy.png\",\"width\":2017,\"height\":733,\"caption\":\"O\u015brodek Wsparcia i Test\u00f3w w Sosnowcu\"},\"image\":{\"@id\":\"http:\/\/owitsosnowiec.pl\/#\/schema\/logo\/image\/\"}},{\"@type\":\"Person\",\"@id\":\"http:\/\/owitsosnowiec.pl\/#\/schema\/person\/a89842fe862e6af003c5d0d36d630c7c\",\"name\":\"admin\",\"image\":{\"@type\":\"ImageObject\",\"inLanguage\":\"pl-PL\",\"@id\":\"https:\/\/secure.gravatar.com\/avatar\/5e4944fe247161ff26b33b416ef5c794327c5dc77e48a59d6fa95ae7d24c4ed6?s=96&d=mm&r=g\",\"url\":\"https:\/\/secure.gravatar.com\/avatar\/5e4944fe247161ff26b33b416ef5c794327c5dc77e48a59d6fa95ae7d24c4ed6?s=96&d=mm&r=g\",\"contentUrl\":\"https:\/\/secure.gravatar.com\/avatar\/5e4944fe247161ff26b33b416ef5c794327c5dc77e48a59d6fa95ae7d24c4ed6?s=96&d=mm&r=g\",\"caption\":\"admin\"},\"sameAs\":[\"https:\/\/example.com\"],\"url\":\"http:\/\/owitsosnowiec.pl\/?author=1\"}]}<\/script>\n<!-- \/ Yoast SEO plugin. -->","yoast_head_json":{"title":"Konferencja-Podsumowanie dzia\u0142alno\u015bci OWIT w latach 2021-2024 - O\u015brodek Wsparcia i Test\u00f3w w Sosnowcu","robots":{"index":"index","follow":"follow","max-snippet":"max-snippet:-1","max-image-preview":"max-image-preview:large","max-video-preview":"max-video-preview:-1"},"canonical":"https:\/\/owitsosnowiec.pl\/?p=279","og_locale":"pl_PL","og_type":"article","og_title":"Konferencja-Podsumowanie dzia\u0142alno\u015bci OWIT w latach 2021-2024 - O\u015brodek Wsparcia i Test\u00f3w w Sosnowcu","og_description":"Serdecznie zapraszamy na wyj\u0105tkow\u0105 konferencj\u0119 organizowan\u0105 przez O\u015brodek Wsparcia i Test\u00f3w w Sosnowcu, kt\u00f3ra odb\u0119dzie si\u0119&nbsp;25 listopada 2024 roku o godzinie 10:00. Wydarzenie b\u0119dzie okazj\u0105 do podsumowania naszej dzia\u0142alno\u015bci na przestrzeni ostatnich lat, a tak\u017ce rozmowy o przysz\u0142o\u015bci wsparcia technologicznego i spo\u0142ecznego dla os\u00f3b z niepe\u0142nosprawno\u015bciami. W programie wydarzenia:\ud83d\udccc&nbsp;Otwarcie konferencji\ud83d\udccc&nbsp;OWiT [&hellip;]","og_url":"https:\/\/owitsosnowiec.pl\/?p=279","og_site_name":"O\u015brodek Wsparcia i Test\u00f3w w Sosnowcu","article_published_time":"2024-11-18T16:16:00+00:00","article_modified_time":"2026-03-26T16:17:13+00:00","author":"admin","twitter_card":"summary_large_image","twitter_misc":{"Napisane przez":"admin","Szacowany czas czytania":"1 minuta"},"schema":{"@context":"https:\/\/schema.org","@graph":[{"@type":"Article","@id":"https:\/\/owitsosnowiec.pl\/?p=279#article","isPartOf":{"@id":"https:\/\/owitsosnowiec.pl\/?p=279"},"author":{"name":"admin","@id":"http:\/\/owitsosnowiec.pl\/#\/schema\/person\/a89842fe862e6af003c5d0d36d630c7c"},"headline":"Konferencja-Podsumowanie dzia\u0142alno\u015bci OWIT w latach 2021-2024","datePublished":"2024-11-18T16:16:00+00:00","dateModified":"2026-03-26T16:17:13+00:00","mainEntityOfPage":{"@id":"https:\/\/owitsosnowiec.pl\/?p=279"},"wordCount":172,"commentCount":0,"publisher":{"@id":"http:\/\/owitsosnowiec.pl\/#organization"},"inLanguage":"pl-PL","potentialAction":[{"@type":"CommentAction","name":"Comment","target":["https:\/\/owitsosnowiec.pl\/?p=279#respond"]}]},{"@type":"WebPage","@id":"https:\/\/owitsosnowiec.pl\/?p=279","url":"https:\/\/owitsosnowiec.pl\/?p=279","name":"Konferencja-Podsumowanie dzia\u0142alno\u015bci OWIT w latach 2021-2024 - O\u015brodek Wsparcia i Test\u00f3w w Sosnowcu","isPartOf":{"@id":"http:\/\/owitsosnowiec.pl\/#website"},"datePublished":"2024-11-18T16:16:00+00:00","dateModified":"2026-03-26T16:17:13+00:00","breadcrumb":{"@id":"https:\/\/owitsosnowiec.pl\/?p=279#breadcrumb"},"inLanguage":"pl-PL","potentialAction":[{"@type":"ReadAction","target":["https:\/\/owitsosnowiec.pl\/?p=279"]}]},{"@type":"BreadcrumbList","@id":"https:\/\/owitsosnowiec.pl\/?p=279#breadcrumb","itemListElement":[{"@type":"ListItem","position":1,"name":"Home","item":"http:\/\/owitsosnowiec.pl\/"},{"@type":"ListItem","position":2,"name":"Konferencja-Podsumowanie dzia\u0142alno\u015bci OWIT w latach 2021-2024"}]},{"@type":"WebSite","@id":"http:\/\/owitsosnowiec.pl\/#website","url":"http:\/\/owitsosnowiec.pl\/","name":"O\u015brodek Wsparcia i Test\u00f3w w Sosnowcu","description":"","publisher":{"@id":"http:\/\/owitsosnowiec.pl\/#organization"},"potentialAction":[{"@type":"SearchAction","target":{"@type":"EntryPoint","urlTemplate":"http:\/\/owitsosnowiec.pl\/?s={search_term_string}"},"query-input":{"@type":"PropertyValueSpecification","valueRequired":true,"valueName":"search_term_string"}}],"inLanguage":"pl-PL"},{"@type":"Organization","@id":"http:\/\/owitsosnowiec.pl\/#organization","name":"O\u015brodek Wsparcia i Test\u00f3w w Sosnowcu","url":"http:\/\/owitsosnowiec.pl\/","logo":{"@type":"ImageObject","inLanguage":"pl-PL","@id":"http:\/\/owitsosnowiec.pl\/#\/schema\/logo\/image\/","url":"http:\/\/owitsosnowiec.pl\/wp-content\/uploads\/2026\/04\/Projekt-bez-nazwy.png","contentUrl":"http:\/\/owitsosnowiec.pl\/wp-content\/uploads\/2026\/04\/Projekt-bez-nazwy.png","width":2017,"height":733,"caption":"O\u015brodek Wsparcia i Test\u00f3w w Sosnowcu"},"image":{"@id":"http:\/\/owitsosnowiec.pl\/#\/schema\/logo\/image\/"}},{"@type":"Person","@id":"http:\/\/owitsosnowiec.pl\/#\/schema\/person\/a89842fe862e6af003c5d0d36d630c7c","name":"admin","image":{"@type":"ImageObject","inLanguage":"pl-PL","@id":"https:\/\/secure.gravatar.com\/avatar\/5e4944fe247161ff26b33b416ef5c794327c5dc77e48a59d6fa95ae7d24c4ed6?s=96&d=mm&r=g","url":"https:\/\/secure.gravatar.com\/avatar\/5e4944fe247161ff26b33b416ef5c794327c5dc77e48a59d6fa95ae7d24c4ed6?s=96&d=mm&r=g","contentUrl":"https:\/\/secure.gravatar.com\/avatar\/5e4944fe247161ff26b33b416ef5c794327c5dc77e48a59d6fa95ae7d24c4ed6?s=96&d=mm&r=g","caption":"admin"},"sameAs":["https:\/\/example.com"],"url":"http:\/\/owitsosnowiec.pl\/?author=1"}]}},"_links":{"self":[{"href":"http:\/\/owitsosnowiec.pl\/index.php?rest_route=\/wp\/v2\/posts\/279","targetHints":{"allow":["GET"]}}],"collection":[{"href":"http:\/\/owitsosnowiec.pl\/index.php?rest_route=\/wp\/v2\/posts"}],"about":[{"href":"http:\/\/owitsosnowiec.pl\/index.php?rest_route=\/wp\/v2\/types\/post"}],"author":[{"embeddable":true,"href":"http:\/\/owitsosnowiec.pl\/index.php?rest_route=\/wp\/v2\/users\/1"}],"replies":[{"embeddable":true,"href":"http:\/\/owitsosnowiec.pl\/index.php?rest_route=%2Fwp%2Fv2%2Fcomments&post=279"}],"version-history":[{"count":1,"href":"http:\/\/owitsosnowiec.pl\/index.php?rest_route=\/wp\/v2\/posts\/279\/revisions"}],"predecessor-version":[{"id":280,"href":"http:\/\/owitsosnowiec.pl\/index.php?rest_route=\/wp\/v2\/posts\/279\/revisions\/280"}],"wp:attachment":[{"href":"http:\/\/owitsosnowiec.pl\/index.php?rest_route=%2Fwp%2Fv2%2Fmedia&parent=279"}],"wp:term":[{"taxonomy":"category","embeddable":true,"href":"http:\/\/owitsosnowiec.pl\/index.php?rest_route=%2Fwp%2Fv2%2Fcategories&post=279"},{"taxonomy":"post_tag","embeddable":true,"href":"http:\/\/owitsosnowiec.pl\/index.php?rest_route=%2Fwp%2Fv2%2Ftags&post=279"}],"curies":[{"name":"wp","href":"https:\/\/api.w.org\/{rel}","templated":true}]}}