{"id":277,"date":"2024-10-22T17:15:00","date_gmt":"2024-10-22T15:15:00","guid":{"rendered":"http:\/\/owitsosnowiec.pl\/?p=277"},"modified":"2026-03-26T17:16:16","modified_gmt":"2026-03-26T16:16:16","slug":"owit-na-konferencji-na-drodze-do-dostepnej-szkoly","status":"publish","type":"post","link":"http:\/\/owitsosnowiec.pl\/?p=277","title":{"rendered":"OWiT na konferencji \u201eNa drodze do dost\u0119pnej szko\u0142y\u201d"},"content":{"rendered":"\n<p>21 pa\u017adziernika 2024 r. mieli\u015bmy zaszczyt uczestniczy\u0107 w konferencji z cyklu&nbsp;<strong>\u201eNa drodze do dost\u0119pnej szko\u0142y\u201d<\/strong>, kt\u00f3ra odby\u0142a si\u0119 w Auli \u201eForum\u201d RODN \u201eWOM\u201d w Cz\u0119stochowie. Tematem przewodnim wydarzenia by\u0142&nbsp;<strong>\u201eDost\u0119pny nauczyciel\u201d<\/strong>, a dyskusje i prelekcje skupia\u0142y si\u0119 na wsparciu kadry pedagogicznej w budowaniu szko\u0142y wspieraj\u0105cej ka\u017cdego ucznia oraz na podnoszeniu jako\u015bci edukacji w\u0142\u0105czaj\u0105cej.<\/p>\n\n\n\n<p>Podczas konferencji nasi przedstawiciele wyst\u0105pili jako prelegenci:<br>\u2714\ufe0f&nbsp;<strong>Iwona Durek<\/strong>&nbsp;i&nbsp;<strong>Jakub Wolny<\/strong>&nbsp;przedstawili efekty i wnioski z dzia\u0142alno\u015bci Specjalistycznych Centr\u00f3w Wspieraj\u0105cych Edukacj\u0119 W\u0142\u0105czaj\u0105c\u0105 (SCWEW), dziel\u0105c si\u0119 do\u015bwiadczeniami i przyk\u0142adami dobrych praktyk.<br>\u2714\ufe0f&nbsp;<strong>Maria Flanczewska-Wolny<\/strong>&nbsp;zaprezentowa\u0142a kluczowe cele oraz kierunki dzia\u0142ania naszego O\u015brodka Wsparcia i Test\u00f3w w Sosnowcu, podkre\u015blaj\u0105c nasz\u0105 rol\u0119 w wspieraniu edukacji w\u0142\u0105czaj\u0105cej i dostarczaniu innowacyjnych technologii asystuj\u0105cych.<\/p>\n\n\n\n<p>Cieszymy si\u0119, \u017ce mogli\u015bmy aktywnie uczestniczy\u0107 w tak wa\u017cnym wydarzeniu, kt\u00f3re promuje idee dost\u0119pno\u015bci i w\u0142\u0105czania w edukacji. Dzi\u0119kujemy organizatorom za mo\u017cliwo\u015b\u0107 dzielenia si\u0119 naszymi do\u015bwiadczeniami oraz za inspiruj\u0105ce wyst\u0105pienia wszystkich prelegent\u00f3w.<\/p>\n\n\n\n<p>Razem mo\u017cemy budowa\u0107 szko\u0142y, kt\u00f3re b\u0119d\u0105 wspiera\u0107 ka\u017cdego ucznia!<\/p>\n","protected":false},"excerpt":{"rendered":"<p>21 pa\u017adziernika 2024 r. mieli\u015bmy zaszczyt uczestniczy\u0107 w konferencji z cyklu&nbsp;\u201eNa drodze do dost\u0119pnej szko\u0142y\u201d, kt\u00f3ra odby\u0142a si\u0119 w Auli \u201eForum\u201d RODN \u201eWOM\u201d w Cz\u0119stochowie. Tematem przewodnim wydarzenia by\u0142&nbsp;\u201eDost\u0119pny nauczyciel\u201d, a dyskusje i prelekcje skupia\u0142y si\u0119 na wsparciu kadry pedagogicznej w budowaniu szko\u0142y wspieraj\u0105cej ka\u017cdego ucznia oraz na podnoszeniu jako\u015bci [&hellip;]<\/p>\n","protected":false},"author":1,"featured_media":0,"comment_status":"open","ping_status":"open","sticky":false,"template":"","format":"standard","meta":{"footnotes":""},"categories":[1],"tags":[],"class_list":["post-277","post","type-post","status-publish","format-standard","hentry","category-bez-kategorii"],"yoast_head":"<!-- This site is optimized with the Yoast SEO plugin v27.2 - https:\/\/yoast.com\/product\/yoast-seo-wordpress\/ -->\n<title>OWiT na konferencji \u201eNa drodze do dost\u0119pnej szko\u0142y\u201d - O\u015brodek Wsparcia i Test\u00f3w w Sosnowcu<\/title>\n<meta name=\"robots\" content=\"index, follow, max-snippet:-1, max-image-preview:large, max-video-preview:-1\" \/>\n<link rel=\"canonical\" href=\"https:\/\/owitsosnowiec.pl\/?p=277\" \/>\n<meta property=\"og:locale\" content=\"pl_PL\" \/>\n<meta property=\"og:type\" content=\"article\" \/>\n<meta property=\"og:title\" content=\"OWiT na konferencji \u201eNa drodze do dost\u0119pnej szko\u0142y\u201d - O\u015brodek Wsparcia i Test\u00f3w w Sosnowcu\" \/>\n<meta property=\"og:description\" content=\"21 pa\u017adziernika 2024 r. mieli\u015bmy zaszczyt uczestniczy\u0107 w konferencji z cyklu&nbsp;\u201eNa drodze do dost\u0119pnej szko\u0142y\u201d, kt\u00f3ra odby\u0142a si\u0119 w Auli \u201eForum\u201d RODN \u201eWOM\u201d w Cz\u0119stochowie. Tematem przewodnim wydarzenia by\u0142&nbsp;\u201eDost\u0119pny nauczyciel\u201d, a dyskusje i prelekcje skupia\u0142y si\u0119 na wsparciu kadry pedagogicznej w budowaniu szko\u0142y wspieraj\u0105cej ka\u017cdego ucznia oraz na podnoszeniu jako\u015bci [&hellip;]\" \/>\n<meta property=\"og:url\" content=\"https:\/\/owitsosnowiec.pl\/?p=277\" \/>\n<meta property=\"og:site_name\" content=\"O\u015brodek Wsparcia i Test\u00f3w w Sosnowcu\" \/>\n<meta property=\"article:published_time\" content=\"2024-10-22T15:15:00+00:00\" \/>\n<meta property=\"article:modified_time\" content=\"2026-03-26T16:16:16+00:00\" \/>\n<meta name=\"author\" content=\"admin\" \/>\n<meta name=\"twitter:card\" content=\"summary_large_image\" \/>\n<meta name=\"twitter:label1\" content=\"Napisane przez\" \/>\n\t<meta name=\"twitter:data1\" content=\"admin\" \/>\n\t<meta name=\"twitter:label2\" content=\"Szacowany czas czytania\" \/>\n\t<meta name=\"twitter:data2\" content=\"1 minuta\" \/>\n<script type=\"application\/ld+json\" class=\"yoast-schema-graph\">{\"@context\":\"https:\/\/schema.org\",\"@graph\":[{\"@type\":\"Article\",\"@id\":\"https:\/\/owitsosnowiec.pl\/?p=277#article\",\"isPartOf\":{\"@id\":\"https:\/\/owitsosnowiec.pl\/?p=277\"},\"author\":{\"name\":\"admin\",\"@id\":\"http:\/\/owitsosnowiec.pl\/#\/schema\/person\/a89842fe862e6af003c5d0d36d630c7c\"},\"headline\":\"OWiT na konferencji \u201eNa drodze do dost\u0119pnej szko\u0142y\u201d\",\"datePublished\":\"2024-10-22T15:15:00+00:00\",\"dateModified\":\"2026-03-26T16:16:16+00:00\",\"mainEntityOfPage\":{\"@id\":\"https:\/\/owitsosnowiec.pl\/?p=277\"},\"wordCount\":220,\"commentCount\":0,\"publisher\":{\"@id\":\"http:\/\/owitsosnowiec.pl\/#organization\"},\"inLanguage\":\"pl-PL\",\"potentialAction\":[{\"@type\":\"CommentAction\",\"name\":\"Comment\",\"target\":[\"https:\/\/owitsosnowiec.pl\/?p=277#respond\"]}]},{\"@type\":\"WebPage\",\"@id\":\"https:\/\/owitsosnowiec.pl\/?p=277\",\"url\":\"https:\/\/owitsosnowiec.pl\/?p=277\",\"name\":\"OWiT na konferencji \u201eNa drodze do dost\u0119pnej szko\u0142y\u201d - O\u015brodek Wsparcia i Test\u00f3w w Sosnowcu\",\"isPartOf\":{\"@id\":\"http:\/\/owitsosnowiec.pl\/#website\"},\"datePublished\":\"2024-10-22T15:15:00+00:00\",\"dateModified\":\"2026-03-26T16:16:16+00:00\",\"breadcrumb\":{\"@id\":\"https:\/\/owitsosnowiec.pl\/?p=277#breadcrumb\"},\"inLanguage\":\"pl-PL\",\"potentialAction\":[{\"@type\":\"ReadAction\",\"target\":[\"https:\/\/owitsosnowiec.pl\/?p=277\"]}]},{\"@type\":\"BreadcrumbList\",\"@id\":\"https:\/\/owitsosnowiec.pl\/?p=277#breadcrumb\",\"itemListElement\":[{\"@type\":\"ListItem\",\"position\":1,\"name\":\"Home\",\"item\":\"http:\/\/owitsosnowiec.pl\/\"},{\"@type\":\"ListItem\",\"position\":2,\"name\":\"OWiT na konferencji \u201eNa drodze do dost\u0119pnej szko\u0142y\u201d\"}]},{\"@type\":\"WebSite\",\"@id\":\"http:\/\/owitsosnowiec.pl\/#website\",\"url\":\"http:\/\/owitsosnowiec.pl\/\",\"name\":\"O\u015brodek Wsparcia i Test\u00f3w w Sosnowcu\",\"description\":\"\",\"publisher\":{\"@id\":\"http:\/\/owitsosnowiec.pl\/#organization\"},\"potentialAction\":[{\"@type\":\"SearchAction\",\"target\":{\"@type\":\"EntryPoint\",\"urlTemplate\":\"http:\/\/owitsosnowiec.pl\/?s={search_term_string}\"},\"query-input\":{\"@type\":\"PropertyValueSpecification\",\"valueRequired\":true,\"valueName\":\"search_term_string\"}}],\"inLanguage\":\"pl-PL\"},{\"@type\":\"Organization\",\"@id\":\"http:\/\/owitsosnowiec.pl\/#organization\",\"name\":\"O\u015brodek Wsparcia i Test\u00f3w w Sosnowcu\",\"url\":\"http:\/\/owitsosnowiec.pl\/\",\"logo\":{\"@type\":\"ImageObject\",\"inLanguage\":\"pl-PL\",\"@id\":\"http:\/\/owitsosnowiec.pl\/#\/schema\/logo\/image\/\",\"url\":\"http:\/\/owitsosnowiec.pl\/wp-content\/uploads\/2026\/04\/Projekt-bez-nazwy.png\",\"contentUrl\":\"http:\/\/owitsosnowiec.pl\/wp-content\/uploads\/2026\/04\/Projekt-bez-nazwy.png\",\"width\":2017,\"height\":733,\"caption\":\"O\u015brodek Wsparcia i Test\u00f3w w Sosnowcu\"},\"image\":{\"@id\":\"http:\/\/owitsosnowiec.pl\/#\/schema\/logo\/image\/\"}},{\"@type\":\"Person\",\"@id\":\"http:\/\/owitsosnowiec.pl\/#\/schema\/person\/a89842fe862e6af003c5d0d36d630c7c\",\"name\":\"admin\",\"image\":{\"@type\":\"ImageObject\",\"inLanguage\":\"pl-PL\",\"@id\":\"https:\/\/secure.gravatar.com\/avatar\/5e4944fe247161ff26b33b416ef5c794327c5dc77e48a59d6fa95ae7d24c4ed6?s=96&d=mm&r=g\",\"url\":\"https:\/\/secure.gravatar.com\/avatar\/5e4944fe247161ff26b33b416ef5c794327c5dc77e48a59d6fa95ae7d24c4ed6?s=96&d=mm&r=g\",\"contentUrl\":\"https:\/\/secure.gravatar.com\/avatar\/5e4944fe247161ff26b33b416ef5c794327c5dc77e48a59d6fa95ae7d24c4ed6?s=96&d=mm&r=g\",\"caption\":\"admin\"},\"sameAs\":[\"https:\/\/example.com\"],\"url\":\"http:\/\/owitsosnowiec.pl\/?author=1\"}]}<\/script>\n<!-- \/ Yoast SEO plugin. -->","yoast_head_json":{"title":"OWiT na konferencji \u201eNa drodze do dost\u0119pnej szko\u0142y\u201d - O\u015brodek Wsparcia i Test\u00f3w w Sosnowcu","robots":{"index":"index","follow":"follow","max-snippet":"max-snippet:-1","max-image-preview":"max-image-preview:large","max-video-preview":"max-video-preview:-1"},"canonical":"https:\/\/owitsosnowiec.pl\/?p=277","og_locale":"pl_PL","og_type":"article","og_title":"OWiT na konferencji \u201eNa drodze do dost\u0119pnej szko\u0142y\u201d - O\u015brodek Wsparcia i Test\u00f3w w Sosnowcu","og_description":"21 pa\u017adziernika 2024 r. mieli\u015bmy zaszczyt uczestniczy\u0107 w konferencji z cyklu&nbsp;\u201eNa drodze do dost\u0119pnej szko\u0142y\u201d, kt\u00f3ra odby\u0142a si\u0119 w Auli \u201eForum\u201d RODN \u201eWOM\u201d w Cz\u0119stochowie. Tematem przewodnim wydarzenia by\u0142&nbsp;\u201eDost\u0119pny nauczyciel\u201d, a dyskusje i prelekcje skupia\u0142y si\u0119 na wsparciu kadry pedagogicznej w budowaniu szko\u0142y wspieraj\u0105cej ka\u017cdego ucznia oraz na podnoszeniu jako\u015bci [&hellip;]","og_url":"https:\/\/owitsosnowiec.pl\/?p=277","og_site_name":"O\u015brodek Wsparcia i Test\u00f3w w Sosnowcu","article_published_time":"2024-10-22T15:15:00+00:00","article_modified_time":"2026-03-26T16:16:16+00:00","author":"admin","twitter_card":"summary_large_image","twitter_misc":{"Napisane przez":"admin","Szacowany czas czytania":"1 minuta"},"schema":{"@context":"https:\/\/schema.org","@graph":[{"@type":"Article","@id":"https:\/\/owitsosnowiec.pl\/?p=277#article","isPartOf":{"@id":"https:\/\/owitsosnowiec.pl\/?p=277"},"author":{"name":"admin","@id":"http:\/\/owitsosnowiec.pl\/#\/schema\/person\/a89842fe862e6af003c5d0d36d630c7c"},"headline":"OWiT na konferencji \u201eNa drodze do dost\u0119pnej szko\u0142y\u201d","datePublished":"2024-10-22T15:15:00+00:00","dateModified":"2026-03-26T16:16:16+00:00","mainEntityOfPage":{"@id":"https:\/\/owitsosnowiec.pl\/?p=277"},"wordCount":220,"commentCount":0,"publisher":{"@id":"http:\/\/owitsosnowiec.pl\/#organization"},"inLanguage":"pl-PL","potentialAction":[{"@type":"CommentAction","name":"Comment","target":["https:\/\/owitsosnowiec.pl\/?p=277#respond"]}]},{"@type":"WebPage","@id":"https:\/\/owitsosnowiec.pl\/?p=277","url":"https:\/\/owitsosnowiec.pl\/?p=277","name":"OWiT na konferencji \u201eNa drodze do dost\u0119pnej szko\u0142y\u201d - O\u015brodek Wsparcia i Test\u00f3w w Sosnowcu","isPartOf":{"@id":"http:\/\/owitsosnowiec.pl\/#website"},"datePublished":"2024-10-22T15:15:00+00:00","dateModified":"2026-03-26T16:16:16+00:00","breadcrumb":{"@id":"https:\/\/owitsosnowiec.pl\/?p=277#breadcrumb"},"inLanguage":"pl-PL","potentialAction":[{"@type":"ReadAction","target":["https:\/\/owitsosnowiec.pl\/?p=277"]}]},{"@type":"BreadcrumbList","@id":"https:\/\/owitsosnowiec.pl\/?p=277#breadcrumb","itemListElement":[{"@type":"ListItem","position":1,"name":"Home","item":"http:\/\/owitsosnowiec.pl\/"},{"@type":"ListItem","position":2,"name":"OWiT na konferencji \u201eNa drodze do dost\u0119pnej szko\u0142y\u201d"}]},{"@type":"WebSite","@id":"http:\/\/owitsosnowiec.pl\/#website","url":"http:\/\/owitsosnowiec.pl\/","name":"O\u015brodek Wsparcia i Test\u00f3w w Sosnowcu","description":"","publisher":{"@id":"http:\/\/owitsosnowiec.pl\/#organization"},"potentialAction":[{"@type":"SearchAction","target":{"@type":"EntryPoint","urlTemplate":"http:\/\/owitsosnowiec.pl\/?s={search_term_string}"},"query-input":{"@type":"PropertyValueSpecification","valueRequired":true,"valueName":"search_term_string"}}],"inLanguage":"pl-PL"},{"@type":"Organization","@id":"http:\/\/owitsosnowiec.pl\/#organization","name":"O\u015brodek Wsparcia i Test\u00f3w w Sosnowcu","url":"http:\/\/owitsosnowiec.pl\/","logo":{"@type":"ImageObject","inLanguage":"pl-PL","@id":"http:\/\/owitsosnowiec.pl\/#\/schema\/logo\/image\/","url":"http:\/\/owitsosnowiec.pl\/wp-content\/uploads\/2026\/04\/Projekt-bez-nazwy.png","contentUrl":"http:\/\/owitsosnowiec.pl\/wp-content\/uploads\/2026\/04\/Projekt-bez-nazwy.png","width":2017,"height":733,"caption":"O\u015brodek Wsparcia i Test\u00f3w w Sosnowcu"},"image":{"@id":"http:\/\/owitsosnowiec.pl\/#\/schema\/logo\/image\/"}},{"@type":"Person","@id":"http:\/\/owitsosnowiec.pl\/#\/schema\/person\/a89842fe862e6af003c5d0d36d630c7c","name":"admin","image":{"@type":"ImageObject","inLanguage":"pl-PL","@id":"https:\/\/secure.gravatar.com\/avatar\/5e4944fe247161ff26b33b416ef5c794327c5dc77e48a59d6fa95ae7d24c4ed6?s=96&d=mm&r=g","url":"https:\/\/secure.gravatar.com\/avatar\/5e4944fe247161ff26b33b416ef5c794327c5dc77e48a59d6fa95ae7d24c4ed6?s=96&d=mm&r=g","contentUrl":"https:\/\/secure.gravatar.com\/avatar\/5e4944fe247161ff26b33b416ef5c794327c5dc77e48a59d6fa95ae7d24c4ed6?s=96&d=mm&r=g","caption":"admin"},"sameAs":["https:\/\/example.com"],"url":"http:\/\/owitsosnowiec.pl\/?author=1"}]}},"_links":{"self":[{"href":"http:\/\/owitsosnowiec.pl\/index.php?rest_route=\/wp\/v2\/posts\/277","targetHints":{"allow":["GET"]}}],"collection":[{"href":"http:\/\/owitsosnowiec.pl\/index.php?rest_route=\/wp\/v2\/posts"}],"about":[{"href":"http:\/\/owitsosnowiec.pl\/index.php?rest_route=\/wp\/v2\/types\/post"}],"author":[{"embeddable":true,"href":"http:\/\/owitsosnowiec.pl\/index.php?rest_route=\/wp\/v2\/users\/1"}],"replies":[{"embeddable":true,"href":"http:\/\/owitsosnowiec.pl\/index.php?rest_route=%2Fwp%2Fv2%2Fcomments&post=277"}],"version-history":[{"count":1,"href":"http:\/\/owitsosnowiec.pl\/index.php?rest_route=\/wp\/v2\/posts\/277\/revisions"}],"predecessor-version":[{"id":278,"href":"http:\/\/owitsosnowiec.pl\/index.php?rest_route=\/wp\/v2\/posts\/277\/revisions\/278"}],"wp:attachment":[{"href":"http:\/\/owitsosnowiec.pl\/index.php?rest_route=%2Fwp%2Fv2%2Fmedia&parent=277"}],"wp:term":[{"taxonomy":"category","embeddable":true,"href":"http:\/\/owitsosnowiec.pl\/index.php?rest_route=%2Fwp%2Fv2%2Fcategories&post=277"},{"taxonomy":"post_tag","embeddable":true,"href":"http:\/\/owitsosnowiec.pl\/index.php?rest_route=%2Fwp%2Fv2%2Ftags&post=277"}],"curies":[{"name":"wp","href":"https:\/\/api.w.org\/{rel}","templated":true}]}}