{"id":273,"date":"2024-06-12T17:14:00","date_gmt":"2024-06-12T15:14:00","guid":{"rendered":"http:\/\/owitsosnowiec.pl\/?p=273"},"modified":"2026-03-26T17:14:38","modified_gmt":"2026-03-26T16:14:38","slug":"szkolenie-potencjal-wykorzystania-technologii-asystujacych-w-zyciu-codziennym-osoby-z-niepelnosprawnoscia-praktyczne-zastosowanie-wybranych-technologii-wspomagajacych","status":"publish","type":"post","link":"http:\/\/owitsosnowiec.pl\/?p=273","title":{"rendered":"Szkolenie \u201ePotencja\u0142 wykorzystania technologii asystuj\u0105cych w \u017cyciu codziennym osoby z niepe\u0142nosprawno\u015bci\u0105 \u2013 praktyczne zastosowanie wybranych technologii wspomagaj\u0105cych\u201d"},"content":{"rendered":"\n<p>W dniach&nbsp;<strong>10\u201311 czerwca 2024 roku<\/strong>&nbsp;przedstawicielki O\u015brodka Wsparcia i Test\u00f3w w Sosnowcu wzi\u0119\u0142y udzia\u0142 w szkoleniu pt.&nbsp;<strong>\u201ePotencja\u0142 wykorzystania technologii asystuj\u0105cych w \u017cyciu codziennym osoby z niepe\u0142nosprawno\u015bci\u0105 \u2013 praktyczne zastosowanie wybranych technologii wspomagaj\u0105cych\u201d<\/strong>.<\/p>\n\n\n\n<p>Podczas intensywnych dw\u00f3ch dni mia\u0142y\u015bmy okazj\u0119 pozna\u0107 innowacyjne technologie wspieraj\u0105ce osoby z r\u00f3\u017cnymi rodzajami niepe\u0142nosprawno\u015bci, w tym:<br>\ud83d\udd39&nbsp;<strong>Technologie wspomagaj\u0105ce osoby z niepe\u0142nosprawno\u015bci\u0105 wzroku<\/strong>, takie jak powi\u0119kszalniki przeno\u015bne i stacjonarne, urz\u0105dzenia brajlowskie oraz aplikacje wspomagaj\u0105ce codzienne funkcjonowanie.<br>\ud83d\udd39&nbsp;<strong>Technologie dla os\u00f3b z niepe\u0142nosprawno\u015bci\u0105 s\u0142uchu<\/strong>, w tym p\u0119tle indukcyjne, aplikacje komunikacyjne oraz urz\u0105dzenia wspomagaj\u0105ce s\u0142yszenie, takie jak EduMic i Phonak Clip-On Mic.<br>\ud83d\udd39&nbsp;<strong>Technologie wspomagaj\u0105ce komunikacj\u0119 alternatywn\u0105<\/strong>, w tym rejestratory ruchu ga\u0142ek ocznych oraz zaawansowane aplikacje, takie jak Grid, M\u00f3wik czy BoardMaker.<\/p>\n\n\n\n<p>Szkolenie by\u0142o pe\u0142ne praktycznych \u0107wicze\u0144, kt\u00f3re pozwoli\u0142y przetestowa\u0107 funkcje dost\u0119pnych urz\u0105dze\u0144 i lepiej zrozumie\u0107 ich potencja\u0142 w codziennym \u017cyciu os\u00f3b z niepe\u0142nosprawno\u015bciami.<\/p>\n\n\n\n<p>Dzi\u0119kujemy organizatorom za mo\u017cliwo\u015b\u0107 uczestniczenia w tym inspiruj\u0105cym wydarzeniu. Zdobyta wiedza z pewno\u015bci\u0105 przyczyni si\u0119 do jeszcze skuteczniejszego wspierania naszych beneficjent\u00f3w!<\/p>\n","protected":false},"excerpt":{"rendered":"<p>W dniach&nbsp;10\u201311 czerwca 2024 roku&nbsp;przedstawicielki O\u015brodka Wsparcia i Test\u00f3w w Sosnowcu wzi\u0119\u0142y udzia\u0142 w szkoleniu pt.&nbsp;\u201ePotencja\u0142 wykorzystania technologii asystuj\u0105cych w \u017cyciu codziennym osoby z niepe\u0142nosprawno\u015bci\u0105 \u2013 praktyczne zastosowanie wybranych technologii wspomagaj\u0105cych\u201d. Podczas intensywnych dw\u00f3ch dni mia\u0142y\u015bmy okazj\u0119 pozna\u0107 innowacyjne technologie wspieraj\u0105ce osoby z r\u00f3\u017cnymi rodzajami niepe\u0142nosprawno\u015bci, w tym:\ud83d\udd39&nbsp;Technologie wspomagaj\u0105ce osoby [&hellip;]<\/p>\n","protected":false},"author":1,"featured_media":0,"comment_status":"open","ping_status":"open","sticky":false,"template":"","format":"standard","meta":{"footnotes":""},"categories":[1],"tags":[],"class_list":["post-273","post","type-post","status-publish","format-standard","hentry","category-bez-kategorii"],"yoast_head":"<!-- This site is optimized with the Yoast SEO plugin v27.2 - https:\/\/yoast.com\/product\/yoast-seo-wordpress\/ -->\n<title>Szkolenie \u201ePotencja\u0142 wykorzystania technologii asystuj\u0105cych w \u017cyciu codziennym osoby z niepe\u0142nosprawno\u015bci\u0105 \u2013 praktyczne zastosowanie wybranych technologii wspomagaj\u0105cych\u201d - O\u015brodek Wsparcia i Test\u00f3w w Sosnowcu<\/title>\n<meta name=\"robots\" content=\"index, follow, max-snippet:-1, max-image-preview:large, max-video-preview:-1\" \/>\n<link rel=\"canonical\" href=\"https:\/\/owitsosnowiec.pl\/?p=273\" \/>\n<meta property=\"og:locale\" content=\"pl_PL\" \/>\n<meta property=\"og:type\" content=\"article\" \/>\n<meta property=\"og:title\" content=\"Szkolenie \u201ePotencja\u0142 wykorzystania technologii asystuj\u0105cych w \u017cyciu codziennym osoby z niepe\u0142nosprawno\u015bci\u0105 \u2013 praktyczne zastosowanie wybranych technologii wspomagaj\u0105cych\u201d - O\u015brodek Wsparcia i Test\u00f3w w Sosnowcu\" \/>\n<meta property=\"og:description\" content=\"W dniach&nbsp;10\u201311 czerwca 2024 roku&nbsp;przedstawicielki O\u015brodka Wsparcia i Test\u00f3w w Sosnowcu wzi\u0119\u0142y udzia\u0142 w szkoleniu pt.&nbsp;\u201ePotencja\u0142 wykorzystania technologii asystuj\u0105cych w \u017cyciu codziennym osoby z niepe\u0142nosprawno\u015bci\u0105 \u2013 praktyczne zastosowanie wybranych technologii wspomagaj\u0105cych\u201d. Podczas intensywnych dw\u00f3ch dni mia\u0142y\u015bmy okazj\u0119 pozna\u0107 innowacyjne technologie wspieraj\u0105ce osoby z r\u00f3\u017cnymi rodzajami niepe\u0142nosprawno\u015bci, w tym:\ud83d\udd39&nbsp;Technologie wspomagaj\u0105ce osoby [&hellip;]\" \/>\n<meta property=\"og:url\" content=\"https:\/\/owitsosnowiec.pl\/?p=273\" \/>\n<meta property=\"og:site_name\" content=\"O\u015brodek Wsparcia i Test\u00f3w w Sosnowcu\" \/>\n<meta property=\"article:published_time\" content=\"2024-06-12T15:14:00+00:00\" \/>\n<meta property=\"article:modified_time\" content=\"2026-03-26T16:14:38+00:00\" \/>\n<meta name=\"author\" content=\"admin\" \/>\n<meta name=\"twitter:card\" content=\"summary_large_image\" \/>\n<meta name=\"twitter:label1\" content=\"Napisane przez\" \/>\n\t<meta name=\"twitter:data1\" content=\"admin\" \/>\n\t<meta name=\"twitter:label2\" content=\"Szacowany czas czytania\" \/>\n\t<meta name=\"twitter:data2\" content=\"1 minuta\" \/>\n<script type=\"application\/ld+json\" class=\"yoast-schema-graph\">{\"@context\":\"https:\/\/schema.org\",\"@graph\":[{\"@type\":\"Article\",\"@id\":\"https:\/\/owitsosnowiec.pl\/?p=273#article\",\"isPartOf\":{\"@id\":\"https:\/\/owitsosnowiec.pl\/?p=273\"},\"author\":{\"name\":\"admin\",\"@id\":\"http:\/\/owitsosnowiec.pl\/#\/schema\/person\/a89842fe862e6af003c5d0d36d630c7c\"},\"headline\":\"Szkolenie \u201ePotencja\u0142 wykorzystania technologii asystuj\u0105cych w \u017cyciu codziennym osoby z niepe\u0142nosprawno\u015bci\u0105 \u2013 praktyczne zastosowanie wybranych technologii wspomagaj\u0105cych\u201d\",\"datePublished\":\"2024-06-12T15:14:00+00:00\",\"dateModified\":\"2026-03-26T16:14:38+00:00\",\"mainEntityOfPage\":{\"@id\":\"https:\/\/owitsosnowiec.pl\/?p=273\"},\"wordCount\":224,\"commentCount\":0,\"publisher\":{\"@id\":\"http:\/\/owitsosnowiec.pl\/#organization\"},\"inLanguage\":\"pl-PL\",\"potentialAction\":[{\"@type\":\"CommentAction\",\"name\":\"Comment\",\"target\":[\"https:\/\/owitsosnowiec.pl\/?p=273#respond\"]}]},{\"@type\":\"WebPage\",\"@id\":\"https:\/\/owitsosnowiec.pl\/?p=273\",\"url\":\"https:\/\/owitsosnowiec.pl\/?p=273\",\"name\":\"Szkolenie \u201ePotencja\u0142 wykorzystania technologii asystuj\u0105cych w \u017cyciu codziennym osoby z niepe\u0142nosprawno\u015bci\u0105 \u2013 praktyczne zastosowanie wybranych technologii wspomagaj\u0105cych\u201d - O\u015brodek Wsparcia i Test\u00f3w w Sosnowcu\",\"isPartOf\":{\"@id\":\"http:\/\/owitsosnowiec.pl\/#website\"},\"datePublished\":\"2024-06-12T15:14:00+00:00\",\"dateModified\":\"2026-03-26T16:14:38+00:00\",\"breadcrumb\":{\"@id\":\"https:\/\/owitsosnowiec.pl\/?p=273#breadcrumb\"},\"inLanguage\":\"pl-PL\",\"potentialAction\":[{\"@type\":\"ReadAction\",\"target\":[\"https:\/\/owitsosnowiec.pl\/?p=273\"]}]},{\"@type\":\"BreadcrumbList\",\"@id\":\"https:\/\/owitsosnowiec.pl\/?p=273#breadcrumb\",\"itemListElement\":[{\"@type\":\"ListItem\",\"position\":1,\"name\":\"Home\",\"item\":\"http:\/\/owitsosnowiec.pl\/\"},{\"@type\":\"ListItem\",\"position\":2,\"name\":\"Szkolenie \u201ePotencja\u0142 wykorzystania technologii asystuj\u0105cych w \u017cyciu codziennym osoby z niepe\u0142nosprawno\u015bci\u0105 \u2013 praktyczne zastosowanie wybranych technologii wspomagaj\u0105cych\u201d\"}]},{\"@type\":\"WebSite\",\"@id\":\"http:\/\/owitsosnowiec.pl\/#website\",\"url\":\"http:\/\/owitsosnowiec.pl\/\",\"name\":\"O\u015brodek Wsparcia i Test\u00f3w w Sosnowcu\",\"description\":\"\",\"publisher\":{\"@id\":\"http:\/\/owitsosnowiec.pl\/#organization\"},\"potentialAction\":[{\"@type\":\"SearchAction\",\"target\":{\"@type\":\"EntryPoint\",\"urlTemplate\":\"http:\/\/owitsosnowiec.pl\/?s={search_term_string}\"},\"query-input\":{\"@type\":\"PropertyValueSpecification\",\"valueRequired\":true,\"valueName\":\"search_term_string\"}}],\"inLanguage\":\"pl-PL\"},{\"@type\":\"Organization\",\"@id\":\"http:\/\/owitsosnowiec.pl\/#organization\",\"name\":\"O\u015brodek Wsparcia i Test\u00f3w w Sosnowcu\",\"url\":\"http:\/\/owitsosnowiec.pl\/\",\"logo\":{\"@type\":\"ImageObject\",\"inLanguage\":\"pl-PL\",\"@id\":\"http:\/\/owitsosnowiec.pl\/#\/schema\/logo\/image\/\",\"url\":\"http:\/\/owitsosnowiec.pl\/wp-content\/uploads\/2026\/04\/Projekt-bez-nazwy.png\",\"contentUrl\":\"http:\/\/owitsosnowiec.pl\/wp-content\/uploads\/2026\/04\/Projekt-bez-nazwy.png\",\"width\":2017,\"height\":733,\"caption\":\"O\u015brodek Wsparcia i Test\u00f3w w Sosnowcu\"},\"image\":{\"@id\":\"http:\/\/owitsosnowiec.pl\/#\/schema\/logo\/image\/\"}},{\"@type\":\"Person\",\"@id\":\"http:\/\/owitsosnowiec.pl\/#\/schema\/person\/a89842fe862e6af003c5d0d36d630c7c\",\"name\":\"admin\",\"image\":{\"@type\":\"ImageObject\",\"inLanguage\":\"pl-PL\",\"@id\":\"https:\/\/secure.gravatar.com\/avatar\/5e4944fe247161ff26b33b416ef5c794327c5dc77e48a59d6fa95ae7d24c4ed6?s=96&d=mm&r=g\",\"url\":\"https:\/\/secure.gravatar.com\/avatar\/5e4944fe247161ff26b33b416ef5c794327c5dc77e48a59d6fa95ae7d24c4ed6?s=96&d=mm&r=g\",\"contentUrl\":\"https:\/\/secure.gravatar.com\/avatar\/5e4944fe247161ff26b33b416ef5c794327c5dc77e48a59d6fa95ae7d24c4ed6?s=96&d=mm&r=g\",\"caption\":\"admin\"},\"sameAs\":[\"https:\/\/example.com\"],\"url\":\"http:\/\/owitsosnowiec.pl\/?author=1\"}]}<\/script>\n<!-- \/ Yoast SEO plugin. -->","yoast_head_json":{"title":"Szkolenie \u201ePotencja\u0142 wykorzystania technologii asystuj\u0105cych w \u017cyciu codziennym osoby z niepe\u0142nosprawno\u015bci\u0105 \u2013 praktyczne zastosowanie wybranych technologii wspomagaj\u0105cych\u201d - O\u015brodek Wsparcia i Test\u00f3w w Sosnowcu","robots":{"index":"index","follow":"follow","max-snippet":"max-snippet:-1","max-image-preview":"max-image-preview:large","max-video-preview":"max-video-preview:-1"},"canonical":"https:\/\/owitsosnowiec.pl\/?p=273","og_locale":"pl_PL","og_type":"article","og_title":"Szkolenie \u201ePotencja\u0142 wykorzystania technologii asystuj\u0105cych w \u017cyciu codziennym osoby z niepe\u0142nosprawno\u015bci\u0105 \u2013 praktyczne zastosowanie wybranych technologii wspomagaj\u0105cych\u201d - O\u015brodek Wsparcia i Test\u00f3w w Sosnowcu","og_description":"W dniach&nbsp;10\u201311 czerwca 2024 roku&nbsp;przedstawicielki O\u015brodka Wsparcia i Test\u00f3w w Sosnowcu wzi\u0119\u0142y udzia\u0142 w szkoleniu pt.&nbsp;\u201ePotencja\u0142 wykorzystania technologii asystuj\u0105cych w \u017cyciu codziennym osoby z niepe\u0142nosprawno\u015bci\u0105 \u2013 praktyczne zastosowanie wybranych technologii wspomagaj\u0105cych\u201d. Podczas intensywnych dw\u00f3ch dni mia\u0142y\u015bmy okazj\u0119 pozna\u0107 innowacyjne technologie wspieraj\u0105ce osoby z r\u00f3\u017cnymi rodzajami niepe\u0142nosprawno\u015bci, w tym:\ud83d\udd39&nbsp;Technologie wspomagaj\u0105ce osoby [&hellip;]","og_url":"https:\/\/owitsosnowiec.pl\/?p=273","og_site_name":"O\u015brodek Wsparcia i Test\u00f3w w Sosnowcu","article_published_time":"2024-06-12T15:14:00+00:00","article_modified_time":"2026-03-26T16:14:38+00:00","author":"admin","twitter_card":"summary_large_image","twitter_misc":{"Napisane przez":"admin","Szacowany czas czytania":"1 minuta"},"schema":{"@context":"https:\/\/schema.org","@graph":[{"@type":"Article","@id":"https:\/\/owitsosnowiec.pl\/?p=273#article","isPartOf":{"@id":"https:\/\/owitsosnowiec.pl\/?p=273"},"author":{"name":"admin","@id":"http:\/\/owitsosnowiec.pl\/#\/schema\/person\/a89842fe862e6af003c5d0d36d630c7c"},"headline":"Szkolenie \u201ePotencja\u0142 wykorzystania technologii asystuj\u0105cych w \u017cyciu codziennym osoby z niepe\u0142nosprawno\u015bci\u0105 \u2013 praktyczne zastosowanie wybranych technologii wspomagaj\u0105cych\u201d","datePublished":"2024-06-12T15:14:00+00:00","dateModified":"2026-03-26T16:14:38+00:00","mainEntityOfPage":{"@id":"https:\/\/owitsosnowiec.pl\/?p=273"},"wordCount":224,"commentCount":0,"publisher":{"@id":"http:\/\/owitsosnowiec.pl\/#organization"},"inLanguage":"pl-PL","potentialAction":[{"@type":"CommentAction","name":"Comment","target":["https:\/\/owitsosnowiec.pl\/?p=273#respond"]}]},{"@type":"WebPage","@id":"https:\/\/owitsosnowiec.pl\/?p=273","url":"https:\/\/owitsosnowiec.pl\/?p=273","name":"Szkolenie \u201ePotencja\u0142 wykorzystania technologii asystuj\u0105cych w \u017cyciu codziennym osoby z niepe\u0142nosprawno\u015bci\u0105 \u2013 praktyczne zastosowanie wybranych technologii wspomagaj\u0105cych\u201d - O\u015brodek Wsparcia i Test\u00f3w w Sosnowcu","isPartOf":{"@id":"http:\/\/owitsosnowiec.pl\/#website"},"datePublished":"2024-06-12T15:14:00+00:00","dateModified":"2026-03-26T16:14:38+00:00","breadcrumb":{"@id":"https:\/\/owitsosnowiec.pl\/?p=273#breadcrumb"},"inLanguage":"pl-PL","potentialAction":[{"@type":"ReadAction","target":["https:\/\/owitsosnowiec.pl\/?p=273"]}]},{"@type":"BreadcrumbList","@id":"https:\/\/owitsosnowiec.pl\/?p=273#breadcrumb","itemListElement":[{"@type":"ListItem","position":1,"name":"Home","item":"http:\/\/owitsosnowiec.pl\/"},{"@type":"ListItem","position":2,"name":"Szkolenie \u201ePotencja\u0142 wykorzystania technologii asystuj\u0105cych w \u017cyciu codziennym osoby z niepe\u0142nosprawno\u015bci\u0105 \u2013 praktyczne zastosowanie wybranych technologii wspomagaj\u0105cych\u201d"}]},{"@type":"WebSite","@id":"http:\/\/owitsosnowiec.pl\/#website","url":"http:\/\/owitsosnowiec.pl\/","name":"O\u015brodek Wsparcia i Test\u00f3w w Sosnowcu","description":"","publisher":{"@id":"http:\/\/owitsosnowiec.pl\/#organization"},"potentialAction":[{"@type":"SearchAction","target":{"@type":"EntryPoint","urlTemplate":"http:\/\/owitsosnowiec.pl\/?s={search_term_string}"},"query-input":{"@type":"PropertyValueSpecification","valueRequired":true,"valueName":"search_term_string"}}],"inLanguage":"pl-PL"},{"@type":"Organization","@id":"http:\/\/owitsosnowiec.pl\/#organization","name":"O\u015brodek Wsparcia i Test\u00f3w w Sosnowcu","url":"http:\/\/owitsosnowiec.pl\/","logo":{"@type":"ImageObject","inLanguage":"pl-PL","@id":"http:\/\/owitsosnowiec.pl\/#\/schema\/logo\/image\/","url":"http:\/\/owitsosnowiec.pl\/wp-content\/uploads\/2026\/04\/Projekt-bez-nazwy.png","contentUrl":"http:\/\/owitsosnowiec.pl\/wp-content\/uploads\/2026\/04\/Projekt-bez-nazwy.png","width":2017,"height":733,"caption":"O\u015brodek Wsparcia i Test\u00f3w w Sosnowcu"},"image":{"@id":"http:\/\/owitsosnowiec.pl\/#\/schema\/logo\/image\/"}},{"@type":"Person","@id":"http:\/\/owitsosnowiec.pl\/#\/schema\/person\/a89842fe862e6af003c5d0d36d630c7c","name":"admin","image":{"@type":"ImageObject","inLanguage":"pl-PL","@id":"https:\/\/secure.gravatar.com\/avatar\/5e4944fe247161ff26b33b416ef5c794327c5dc77e48a59d6fa95ae7d24c4ed6?s=96&d=mm&r=g","url":"https:\/\/secure.gravatar.com\/avatar\/5e4944fe247161ff26b33b416ef5c794327c5dc77e48a59d6fa95ae7d24c4ed6?s=96&d=mm&r=g","contentUrl":"https:\/\/secure.gravatar.com\/avatar\/5e4944fe247161ff26b33b416ef5c794327c5dc77e48a59d6fa95ae7d24c4ed6?s=96&d=mm&r=g","caption":"admin"},"sameAs":["https:\/\/example.com"],"url":"http:\/\/owitsosnowiec.pl\/?author=1"}]}},"_links":{"self":[{"href":"http:\/\/owitsosnowiec.pl\/index.php?rest_route=\/wp\/v2\/posts\/273","targetHints":{"allow":["GET"]}}],"collection":[{"href":"http:\/\/owitsosnowiec.pl\/index.php?rest_route=\/wp\/v2\/posts"}],"about":[{"href":"http:\/\/owitsosnowiec.pl\/index.php?rest_route=\/wp\/v2\/types\/post"}],"author":[{"embeddable":true,"href":"http:\/\/owitsosnowiec.pl\/index.php?rest_route=\/wp\/v2\/users\/1"}],"replies":[{"embeddable":true,"href":"http:\/\/owitsosnowiec.pl\/index.php?rest_route=%2Fwp%2Fv2%2Fcomments&post=273"}],"version-history":[{"count":1,"href":"http:\/\/owitsosnowiec.pl\/index.php?rest_route=\/wp\/v2\/posts\/273\/revisions"}],"predecessor-version":[{"id":274,"href":"http:\/\/owitsosnowiec.pl\/index.php?rest_route=\/wp\/v2\/posts\/273\/revisions\/274"}],"wp:attachment":[{"href":"http:\/\/owitsosnowiec.pl\/index.php?rest_route=%2Fwp%2Fv2%2Fmedia&parent=273"}],"wp:term":[{"taxonomy":"category","embeddable":true,"href":"http:\/\/owitsosnowiec.pl\/index.php?rest_route=%2Fwp%2Fv2%2Fcategories&post=273"},{"taxonomy":"post_tag","embeddable":true,"href":"http:\/\/owitsosnowiec.pl\/index.php?rest_route=%2Fwp%2Fv2%2Ftags&post=273"}],"curies":[{"name":"wp","href":"https:\/\/api.w.org\/{rel}","templated":true}]}}