{"id":269,"date":"2025-06-03T17:06:00","date_gmt":"2025-06-03T15:06:00","guid":{"rendered":"http:\/\/owitsosnowiec.pl\/?p=269"},"modified":"2026-03-26T17:07:30","modified_gmt":"2026-03-26T16:07:30","slug":"2-06-2025-ieee-wie-international-leadership-summit-2025-dzialania-owit-na-rzecz-dostepnosci-dla-osob-z-niepelnosprawnosciami","status":"publish","type":"post","link":"http:\/\/owitsosnowiec.pl\/?p=269","title":{"rendered":"2.06.2025 IEEE WIE International Leadership Summit 2025: Dzia\u0142ania OWiT na rzecz dost\u0119pno\u015bci dla os\u00f3b z niepe\u0142nosprawno\u015bciami"},"content":{"rendered":"\n<p>2 czerwca 2025 roku, podczas konferencji IEEE WIE International Leadership Summit 2025 na Politechnice \u015al\u0105skiej w Gliwicach, Jakub Wolny z O\u015brodka Wsparcia i Test\u00f3w (OWiT) w Sosnowcu poprowadzi\u0142 warsztaty po\u015bwi\u0119cone dost\u0119pno\u015bci dla os\u00f3b z niepe\u0142nosprawno\u015bciami. Tematem przewodnim warsztat\u00f3w by\u0142a&nbsp;<strong>\u201eIncreasing accessibility for people with disabilities through modern technologies\u201d<\/strong>.<\/p>\n\n\n\n<p>Podczas swojego wyst\u0105pienia, Jakub Wolny zaprezentowa\u0142 szereg dzia\u0142a\u0144 podejmowanych przez OWiT w Sosnowcu, kt\u00f3re maj\u0105 na celu zwi\u0119kszenie dost\u0119pno\u015bci do nowoczesnych technologii wspomagaj\u0105cych osoby z niepe\u0142nosprawno\u015bciami. Uczestnicy warsztat\u00f3w mieli okazj\u0119 zapozna\u0107 si\u0119 z innowacyjnymi rozwi\u0105zaniami, kt\u00f3re pozwalaj\u0105 na lepsz\u0105 integracj\u0119 os\u00f3b z r\u00f3\u017cnymi rodzajami niepe\u0142nosprawno\u015bci w przestrzeni publicznej i zawodowej.<\/p>\n\n\n\n<p>Konferencja IEEE WIE to mi\u0119dzynarodowe wydarzenie, kt\u00f3re gromadzi lider\u00f3w i ekspert\u00f3w z r\u00f3\u017cnych dziedzin, a temat dost\u0119pno\u015bci w kontek\u015bcie nowoczesnych technologii stanowi\u0142 wa\u017cny punkt programu. Warsztaty prowadzone przez OWiT by\u0142y doskona\u0142\u0105 okazj\u0105 do wymiany do\u015bwiadcze\u0144, pomys\u0142\u00f3w oraz praktycznych wskaz\u00f3wek dotycz\u0105cych tworzenia bardziej dost\u0119pnych przestrzeni i us\u0142ug.<\/p>\n","protected":false},"excerpt":{"rendered":"<p>2 czerwca 2025 roku, podczas konferencji IEEE WIE International Leadership Summit 2025 na Politechnice \u015al\u0105skiej w Gliwicach, Jakub Wolny z O\u015brodka Wsparcia i Test\u00f3w (OWiT) w Sosnowcu poprowadzi\u0142 warsztaty po\u015bwi\u0119cone dost\u0119pno\u015bci dla os\u00f3b z niepe\u0142nosprawno\u015bciami. Tematem przewodnim warsztat\u00f3w by\u0142a&nbsp;\u201eIncreasing accessibility for people with disabilities through modern technologies\u201d. Podczas swojego wyst\u0105pienia, [&hellip;]<\/p>\n","protected":false},"author":1,"featured_media":0,"comment_status":"open","ping_status":"open","sticky":false,"template":"","format":"standard","meta":{"footnotes":""},"categories":[1],"tags":[],"class_list":["post-269","post","type-post","status-publish","format-standard","hentry","category-bez-kategorii"],"yoast_head":"<!-- This site is optimized with the Yoast SEO plugin v27.2 - https:\/\/yoast.com\/product\/yoast-seo-wordpress\/ -->\n<title>2.06.2025 IEEE WIE International Leadership Summit 2025: Dzia\u0142ania OWiT na rzecz dost\u0119pno\u015bci dla os\u00f3b z niepe\u0142nosprawno\u015bciami - O\u015brodek Wsparcia i Test\u00f3w w Sosnowcu<\/title>\n<meta name=\"robots\" content=\"index, follow, max-snippet:-1, max-image-preview:large, max-video-preview:-1\" \/>\n<link rel=\"canonical\" href=\"https:\/\/owitsosnowiec.pl\/?p=269\" \/>\n<meta property=\"og:locale\" content=\"pl_PL\" \/>\n<meta property=\"og:type\" content=\"article\" \/>\n<meta property=\"og:title\" content=\"2.06.2025 IEEE WIE International Leadership Summit 2025: Dzia\u0142ania OWiT na rzecz dost\u0119pno\u015bci dla os\u00f3b z niepe\u0142nosprawno\u015bciami - O\u015brodek Wsparcia i Test\u00f3w w Sosnowcu\" \/>\n<meta property=\"og:description\" content=\"2 czerwca 2025 roku, podczas konferencji IEEE WIE International Leadership Summit 2025 na Politechnice \u015al\u0105skiej w Gliwicach, Jakub Wolny z O\u015brodka Wsparcia i Test\u00f3w (OWiT) w Sosnowcu poprowadzi\u0142 warsztaty po\u015bwi\u0119cone dost\u0119pno\u015bci dla os\u00f3b z niepe\u0142nosprawno\u015bciami. Tematem przewodnim warsztat\u00f3w by\u0142a&nbsp;\u201eIncreasing accessibility for people with disabilities through modern technologies\u201d. Podczas swojego wyst\u0105pienia, [&hellip;]\" \/>\n<meta property=\"og:url\" content=\"https:\/\/owitsosnowiec.pl\/?p=269\" \/>\n<meta property=\"og:site_name\" content=\"O\u015brodek Wsparcia i Test\u00f3w w Sosnowcu\" \/>\n<meta property=\"article:published_time\" content=\"2025-06-03T15:06:00+00:00\" \/>\n<meta property=\"article:modified_time\" content=\"2026-03-26T16:07:30+00:00\" \/>\n<meta name=\"author\" content=\"admin\" \/>\n<meta name=\"twitter:card\" content=\"summary_large_image\" \/>\n<meta name=\"twitter:label1\" content=\"Napisane przez\" \/>\n\t<meta name=\"twitter:data1\" content=\"admin\" \/>\n\t<meta name=\"twitter:label2\" content=\"Szacowany czas czytania\" \/>\n\t<meta name=\"twitter:data2\" content=\"1 minuta\" \/>\n<script type=\"application\/ld+json\" class=\"yoast-schema-graph\">{\"@context\":\"https:\/\/schema.org\",\"@graph\":[{\"@type\":\"Article\",\"@id\":\"https:\/\/owitsosnowiec.pl\/?p=269#article\",\"isPartOf\":{\"@id\":\"https:\/\/owitsosnowiec.pl\/?p=269\"},\"author\":{\"name\":\"admin\",\"@id\":\"http:\/\/owitsosnowiec.pl\/#\/schema\/person\/a89842fe862e6af003c5d0d36d630c7c\"},\"headline\":\"2.06.2025 IEEE WIE International Leadership Summit 2025: Dzia\u0142ania OWiT na rzecz dost\u0119pno\u015bci dla os\u00f3b z niepe\u0142nosprawno\u015bciami\",\"datePublished\":\"2025-06-03T15:06:00+00:00\",\"dateModified\":\"2026-03-26T16:07:30+00:00\",\"mainEntityOfPage\":{\"@id\":\"https:\/\/owitsosnowiec.pl\/?p=269\"},\"wordCount\":206,\"commentCount\":0,\"publisher\":{\"@id\":\"http:\/\/owitsosnowiec.pl\/#organization\"},\"inLanguage\":\"pl-PL\",\"potentialAction\":[{\"@type\":\"CommentAction\",\"name\":\"Comment\",\"target\":[\"https:\/\/owitsosnowiec.pl\/?p=269#respond\"]}]},{\"@type\":\"WebPage\",\"@id\":\"https:\/\/owitsosnowiec.pl\/?p=269\",\"url\":\"https:\/\/owitsosnowiec.pl\/?p=269\",\"name\":\"2.06.2025 IEEE WIE International Leadership Summit 2025: Dzia\u0142ania OWiT na rzecz dost\u0119pno\u015bci dla os\u00f3b z niepe\u0142nosprawno\u015bciami - O\u015brodek Wsparcia i Test\u00f3w w Sosnowcu\",\"isPartOf\":{\"@id\":\"http:\/\/owitsosnowiec.pl\/#website\"},\"datePublished\":\"2025-06-03T15:06:00+00:00\",\"dateModified\":\"2026-03-26T16:07:30+00:00\",\"breadcrumb\":{\"@id\":\"https:\/\/owitsosnowiec.pl\/?p=269#breadcrumb\"},\"inLanguage\":\"pl-PL\",\"potentialAction\":[{\"@type\":\"ReadAction\",\"target\":[\"https:\/\/owitsosnowiec.pl\/?p=269\"]}]},{\"@type\":\"BreadcrumbList\",\"@id\":\"https:\/\/owitsosnowiec.pl\/?p=269#breadcrumb\",\"itemListElement\":[{\"@type\":\"ListItem\",\"position\":1,\"name\":\"Home\",\"item\":\"http:\/\/owitsosnowiec.pl\/\"},{\"@type\":\"ListItem\",\"position\":2,\"name\":\"2.06.2025 IEEE WIE International Leadership Summit 2025: Dzia\u0142ania OWiT na rzecz dost\u0119pno\u015bci dla os\u00f3b z niepe\u0142nosprawno\u015bciami\"}]},{\"@type\":\"WebSite\",\"@id\":\"http:\/\/owitsosnowiec.pl\/#website\",\"url\":\"http:\/\/owitsosnowiec.pl\/\",\"name\":\"O\u015brodek Wsparcia i Test\u00f3w w Sosnowcu\",\"description\":\"\",\"publisher\":{\"@id\":\"http:\/\/owitsosnowiec.pl\/#organization\"},\"potentialAction\":[{\"@type\":\"SearchAction\",\"target\":{\"@type\":\"EntryPoint\",\"urlTemplate\":\"http:\/\/owitsosnowiec.pl\/?s={search_term_string}\"},\"query-input\":{\"@type\":\"PropertyValueSpecification\",\"valueRequired\":true,\"valueName\":\"search_term_string\"}}],\"inLanguage\":\"pl-PL\"},{\"@type\":\"Organization\",\"@id\":\"http:\/\/owitsosnowiec.pl\/#organization\",\"name\":\"O\u015brodek Wsparcia i Test\u00f3w w Sosnowcu\",\"url\":\"http:\/\/owitsosnowiec.pl\/\",\"logo\":{\"@type\":\"ImageObject\",\"inLanguage\":\"pl-PL\",\"@id\":\"http:\/\/owitsosnowiec.pl\/#\/schema\/logo\/image\/\",\"url\":\"http:\/\/owitsosnowiec.pl\/wp-content\/uploads\/2026\/04\/Projekt-bez-nazwy.png\",\"contentUrl\":\"http:\/\/owitsosnowiec.pl\/wp-content\/uploads\/2026\/04\/Projekt-bez-nazwy.png\",\"width\":2017,\"height\":733,\"caption\":\"O\u015brodek Wsparcia i Test\u00f3w w Sosnowcu\"},\"image\":{\"@id\":\"http:\/\/owitsosnowiec.pl\/#\/schema\/logo\/image\/\"}},{\"@type\":\"Person\",\"@id\":\"http:\/\/owitsosnowiec.pl\/#\/schema\/person\/a89842fe862e6af003c5d0d36d630c7c\",\"name\":\"admin\",\"image\":{\"@type\":\"ImageObject\",\"inLanguage\":\"pl-PL\",\"@id\":\"https:\/\/secure.gravatar.com\/avatar\/5e4944fe247161ff26b33b416ef5c794327c5dc77e48a59d6fa95ae7d24c4ed6?s=96&d=mm&r=g\",\"url\":\"https:\/\/secure.gravatar.com\/avatar\/5e4944fe247161ff26b33b416ef5c794327c5dc77e48a59d6fa95ae7d24c4ed6?s=96&d=mm&r=g\",\"contentUrl\":\"https:\/\/secure.gravatar.com\/avatar\/5e4944fe247161ff26b33b416ef5c794327c5dc77e48a59d6fa95ae7d24c4ed6?s=96&d=mm&r=g\",\"caption\":\"admin\"},\"sameAs\":[\"https:\/\/example.com\"],\"url\":\"http:\/\/owitsosnowiec.pl\/?author=1\"}]}<\/script>\n<!-- \/ Yoast SEO plugin. -->","yoast_head_json":{"title":"2.06.2025 IEEE WIE International Leadership Summit 2025: Dzia\u0142ania OWiT na rzecz dost\u0119pno\u015bci dla os\u00f3b z niepe\u0142nosprawno\u015bciami - O\u015brodek Wsparcia i Test\u00f3w w Sosnowcu","robots":{"index":"index","follow":"follow","max-snippet":"max-snippet:-1","max-image-preview":"max-image-preview:large","max-video-preview":"max-video-preview:-1"},"canonical":"https:\/\/owitsosnowiec.pl\/?p=269","og_locale":"pl_PL","og_type":"article","og_title":"2.06.2025 IEEE WIE International Leadership Summit 2025: Dzia\u0142ania OWiT na rzecz dost\u0119pno\u015bci dla os\u00f3b z niepe\u0142nosprawno\u015bciami - O\u015brodek Wsparcia i Test\u00f3w w Sosnowcu","og_description":"2 czerwca 2025 roku, podczas konferencji IEEE WIE International Leadership Summit 2025 na Politechnice \u015al\u0105skiej w Gliwicach, Jakub Wolny z O\u015brodka Wsparcia i Test\u00f3w (OWiT) w Sosnowcu poprowadzi\u0142 warsztaty po\u015bwi\u0119cone dost\u0119pno\u015bci dla os\u00f3b z niepe\u0142nosprawno\u015bciami. Tematem przewodnim warsztat\u00f3w by\u0142a&nbsp;\u201eIncreasing accessibility for people with disabilities through modern technologies\u201d. Podczas swojego wyst\u0105pienia, [&hellip;]","og_url":"https:\/\/owitsosnowiec.pl\/?p=269","og_site_name":"O\u015brodek Wsparcia i Test\u00f3w w Sosnowcu","article_published_time":"2025-06-03T15:06:00+00:00","article_modified_time":"2026-03-26T16:07:30+00:00","author":"admin","twitter_card":"summary_large_image","twitter_misc":{"Napisane przez":"admin","Szacowany czas czytania":"1 minuta"},"schema":{"@context":"https:\/\/schema.org","@graph":[{"@type":"Article","@id":"https:\/\/owitsosnowiec.pl\/?p=269#article","isPartOf":{"@id":"https:\/\/owitsosnowiec.pl\/?p=269"},"author":{"name":"admin","@id":"http:\/\/owitsosnowiec.pl\/#\/schema\/person\/a89842fe862e6af003c5d0d36d630c7c"},"headline":"2.06.2025 IEEE WIE International Leadership Summit 2025: Dzia\u0142ania OWiT na rzecz dost\u0119pno\u015bci dla os\u00f3b z niepe\u0142nosprawno\u015bciami","datePublished":"2025-06-03T15:06:00+00:00","dateModified":"2026-03-26T16:07:30+00:00","mainEntityOfPage":{"@id":"https:\/\/owitsosnowiec.pl\/?p=269"},"wordCount":206,"commentCount":0,"publisher":{"@id":"http:\/\/owitsosnowiec.pl\/#organization"},"inLanguage":"pl-PL","potentialAction":[{"@type":"CommentAction","name":"Comment","target":["https:\/\/owitsosnowiec.pl\/?p=269#respond"]}]},{"@type":"WebPage","@id":"https:\/\/owitsosnowiec.pl\/?p=269","url":"https:\/\/owitsosnowiec.pl\/?p=269","name":"2.06.2025 IEEE WIE International Leadership Summit 2025: Dzia\u0142ania OWiT na rzecz dost\u0119pno\u015bci dla os\u00f3b z niepe\u0142nosprawno\u015bciami - O\u015brodek Wsparcia i Test\u00f3w w Sosnowcu","isPartOf":{"@id":"http:\/\/owitsosnowiec.pl\/#website"},"datePublished":"2025-06-03T15:06:00+00:00","dateModified":"2026-03-26T16:07:30+00:00","breadcrumb":{"@id":"https:\/\/owitsosnowiec.pl\/?p=269#breadcrumb"},"inLanguage":"pl-PL","potentialAction":[{"@type":"ReadAction","target":["https:\/\/owitsosnowiec.pl\/?p=269"]}]},{"@type":"BreadcrumbList","@id":"https:\/\/owitsosnowiec.pl\/?p=269#breadcrumb","itemListElement":[{"@type":"ListItem","position":1,"name":"Home","item":"http:\/\/owitsosnowiec.pl\/"},{"@type":"ListItem","position":2,"name":"2.06.2025 IEEE WIE International Leadership Summit 2025: Dzia\u0142ania OWiT na rzecz dost\u0119pno\u015bci dla os\u00f3b z niepe\u0142nosprawno\u015bciami"}]},{"@type":"WebSite","@id":"http:\/\/owitsosnowiec.pl\/#website","url":"http:\/\/owitsosnowiec.pl\/","name":"O\u015brodek Wsparcia i Test\u00f3w w Sosnowcu","description":"","publisher":{"@id":"http:\/\/owitsosnowiec.pl\/#organization"},"potentialAction":[{"@type":"SearchAction","target":{"@type":"EntryPoint","urlTemplate":"http:\/\/owitsosnowiec.pl\/?s={search_term_string}"},"query-input":{"@type":"PropertyValueSpecification","valueRequired":true,"valueName":"search_term_string"}}],"inLanguage":"pl-PL"},{"@type":"Organization","@id":"http:\/\/owitsosnowiec.pl\/#organization","name":"O\u015brodek Wsparcia i Test\u00f3w w Sosnowcu","url":"http:\/\/owitsosnowiec.pl\/","logo":{"@type":"ImageObject","inLanguage":"pl-PL","@id":"http:\/\/owitsosnowiec.pl\/#\/schema\/logo\/image\/","url":"http:\/\/owitsosnowiec.pl\/wp-content\/uploads\/2026\/04\/Projekt-bez-nazwy.png","contentUrl":"http:\/\/owitsosnowiec.pl\/wp-content\/uploads\/2026\/04\/Projekt-bez-nazwy.png","width":2017,"height":733,"caption":"O\u015brodek Wsparcia i Test\u00f3w w Sosnowcu"},"image":{"@id":"http:\/\/owitsosnowiec.pl\/#\/schema\/logo\/image\/"}},{"@type":"Person","@id":"http:\/\/owitsosnowiec.pl\/#\/schema\/person\/a89842fe862e6af003c5d0d36d630c7c","name":"admin","image":{"@type":"ImageObject","inLanguage":"pl-PL","@id":"https:\/\/secure.gravatar.com\/avatar\/5e4944fe247161ff26b33b416ef5c794327c5dc77e48a59d6fa95ae7d24c4ed6?s=96&d=mm&r=g","url":"https:\/\/secure.gravatar.com\/avatar\/5e4944fe247161ff26b33b416ef5c794327c5dc77e48a59d6fa95ae7d24c4ed6?s=96&d=mm&r=g","contentUrl":"https:\/\/secure.gravatar.com\/avatar\/5e4944fe247161ff26b33b416ef5c794327c5dc77e48a59d6fa95ae7d24c4ed6?s=96&d=mm&r=g","caption":"admin"},"sameAs":["https:\/\/example.com"],"url":"http:\/\/owitsosnowiec.pl\/?author=1"}]}},"_links":{"self":[{"href":"http:\/\/owitsosnowiec.pl\/index.php?rest_route=\/wp\/v2\/posts\/269","targetHints":{"allow":["GET"]}}],"collection":[{"href":"http:\/\/owitsosnowiec.pl\/index.php?rest_route=\/wp\/v2\/posts"}],"about":[{"href":"http:\/\/owitsosnowiec.pl\/index.php?rest_route=\/wp\/v2\/types\/post"}],"author":[{"embeddable":true,"href":"http:\/\/owitsosnowiec.pl\/index.php?rest_route=\/wp\/v2\/users\/1"}],"replies":[{"embeddable":true,"href":"http:\/\/owitsosnowiec.pl\/index.php?rest_route=%2Fwp%2Fv2%2Fcomments&post=269"}],"version-history":[{"count":1,"href":"http:\/\/owitsosnowiec.pl\/index.php?rest_route=\/wp\/v2\/posts\/269\/revisions"}],"predecessor-version":[{"id":270,"href":"http:\/\/owitsosnowiec.pl\/index.php?rest_route=\/wp\/v2\/posts\/269\/revisions\/270"}],"wp:attachment":[{"href":"http:\/\/owitsosnowiec.pl\/index.php?rest_route=%2Fwp%2Fv2%2Fmedia&parent=269"}],"wp:term":[{"taxonomy":"category","embeddable":true,"href":"http:\/\/owitsosnowiec.pl\/index.php?rest_route=%2Fwp%2Fv2%2Fcategories&post=269"},{"taxonomy":"post_tag","embeddable":true,"href":"http:\/\/owitsosnowiec.pl\/index.php?rest_route=%2Fwp%2Fv2%2Ftags&post=269"}],"curies":[{"name":"wp","href":"https:\/\/api.w.org\/{rel}","templated":true}]}}