{"id":267,"date":"2025-06-11T17:05:00","date_gmt":"2025-06-11T15:05:00","guid":{"rendered":"http:\/\/owitsosnowiec.pl\/?p=267"},"modified":"2026-03-26T17:06:25","modified_gmt":"2026-03-26T16:06:25","slug":"10-06-2025-owit-po-raz-trzeci-na-konferencji-reha-for-the-blind-2025-w-katowicach","status":"publish","type":"post","link":"http:\/\/owitsosnowiec.pl\/?p=267","title":{"rendered":"10.06.2025 OWiT po raz trzeci na konferencji REHA FOR THE BLIND 2025 w Katowicach"},"content":{"rendered":"\n<p>10 czerwca 2025 roku O\u015brodek Wsparcia i Test\u00f3w (OWiT) w Sosnowcu po raz trzeci uczestniczy\u0142 w konferencji&nbsp;<strong>REHA FOR THE BLIND<\/strong>&nbsp;w Katowicach, kt\u00f3ra odby\u0142a si\u0119 w Muzeum \u015al\u0105skim. Nasze stoisko cieszy\u0142o si\u0119 du\u017cym zainteresowaniem, prezentuj\u0105c szerok\u0105 gam\u0119 nowoczesnych urz\u0105dze\u0144 i technologii wspomagaj\u0105cych osoby z dysfunkcjami wzroku.<\/p>\n\n\n\n<p>Podczas wydarzenia zaprezentowali\u015bmy najnowsze rozwi\u0105zania sprz\u0119towe, kt\u00f3re maj\u0105 na celu u\u0142atwienie codziennego funkcjonowania os\u00f3b niewidomych i s\u0142abowidz\u0105cych. Nasi specjali\u015bci odpowiadali na pytania odwiedzaj\u0105cych, oferuj\u0105c wsparcie w zakresie doboru odpowiednich technologii oraz pokazuj\u0105c, jak te innowacyjne urz\u0105dzenia mog\u0105 poprawi\u0107 jako\u015b\u0107 \u017cycia os\u00f3b z problemami ze wzrokiem.<\/p>\n\n\n\n<p>Konferencja&nbsp;<strong>REHA FOR THE BLIND<\/strong>&nbsp;to jedno z najwa\u017cniejszych wydarze\u0144 w Polsce, po\u015bwi\u0119cone tematyce rehabilitacji i dost\u0119pno\u015bci dla os\u00f3b niewidomych. Jako O\u015brodek Wsparcia i Test\u00f3w cieszymy si\u0119, \u017ce po raz kolejny mogli\u015bmy wzi\u0105\u0107 udzia\u0142 w tym wa\u017cnym spotkaniu, dziel\u0105c si\u0119 naszymi do\u015bwiadczeniami oraz wiedz\u0105 na temat nowoczesnych technologii wspomagaj\u0105cych.<\/p>\n","protected":false},"excerpt":{"rendered":"<p>10 czerwca 2025 roku O\u015brodek Wsparcia i Test\u00f3w (OWiT) w Sosnowcu po raz trzeci uczestniczy\u0142 w konferencji&nbsp;REHA FOR THE BLIND&nbsp;w Katowicach, kt\u00f3ra odby\u0142a si\u0119 w Muzeum \u015al\u0105skim. Nasze stoisko cieszy\u0142o si\u0119 du\u017cym zainteresowaniem, prezentuj\u0105c szerok\u0105 gam\u0119 nowoczesnych urz\u0105dze\u0144 i technologii wspomagaj\u0105cych osoby z dysfunkcjami wzroku. Podczas wydarzenia zaprezentowali\u015bmy najnowsze rozwi\u0105zania [&hellip;]<\/p>\n","protected":false},"author":1,"featured_media":0,"comment_status":"open","ping_status":"open","sticky":false,"template":"","format":"standard","meta":{"footnotes":""},"categories":[1],"tags":[],"class_list":["post-267","post","type-post","status-publish","format-standard","hentry","category-bez-kategorii"],"yoast_head":"<!-- This site is optimized with the Yoast SEO plugin v27.2 - https:\/\/yoast.com\/product\/yoast-seo-wordpress\/ -->\n<title>10.06.2025 OWiT po raz trzeci na konferencji REHA FOR THE BLIND 2025 w Katowicach - O\u015brodek Wsparcia i Test\u00f3w w Sosnowcu<\/title>\n<meta name=\"robots\" content=\"index, follow, max-snippet:-1, max-image-preview:large, max-video-preview:-1\" \/>\n<link rel=\"canonical\" href=\"https:\/\/owitsosnowiec.pl\/?p=267\" \/>\n<meta property=\"og:locale\" content=\"pl_PL\" \/>\n<meta property=\"og:type\" content=\"article\" \/>\n<meta property=\"og:title\" content=\"10.06.2025 OWiT po raz trzeci na konferencji REHA FOR THE BLIND 2025 w Katowicach - O\u015brodek Wsparcia i Test\u00f3w w Sosnowcu\" \/>\n<meta property=\"og:description\" content=\"10 czerwca 2025 roku O\u015brodek Wsparcia i Test\u00f3w (OWiT) w Sosnowcu po raz trzeci uczestniczy\u0142 w konferencji&nbsp;REHA FOR THE BLIND&nbsp;w Katowicach, kt\u00f3ra odby\u0142a si\u0119 w Muzeum \u015al\u0105skim. Nasze stoisko cieszy\u0142o si\u0119 du\u017cym zainteresowaniem, prezentuj\u0105c szerok\u0105 gam\u0119 nowoczesnych urz\u0105dze\u0144 i technologii wspomagaj\u0105cych osoby z dysfunkcjami wzroku. Podczas wydarzenia zaprezentowali\u015bmy najnowsze rozwi\u0105zania [&hellip;]\" \/>\n<meta property=\"og:url\" content=\"https:\/\/owitsosnowiec.pl\/?p=267\" \/>\n<meta property=\"og:site_name\" content=\"O\u015brodek Wsparcia i Test\u00f3w w Sosnowcu\" \/>\n<meta property=\"article:published_time\" content=\"2025-06-11T15:05:00+00:00\" \/>\n<meta property=\"article:modified_time\" content=\"2026-03-26T16:06:25+00:00\" \/>\n<meta name=\"author\" content=\"admin\" \/>\n<meta name=\"twitter:card\" content=\"summary_large_image\" \/>\n<meta name=\"twitter:label1\" content=\"Napisane przez\" \/>\n\t<meta name=\"twitter:data1\" content=\"admin\" \/>\n\t<meta name=\"twitter:label2\" content=\"Szacowany czas czytania\" \/>\n\t<meta name=\"twitter:data2\" content=\"1 minuta\" \/>\n<script type=\"application\/ld+json\" class=\"yoast-schema-graph\">{\"@context\":\"https:\/\/schema.org\",\"@graph\":[{\"@type\":\"Article\",\"@id\":\"https:\/\/owitsosnowiec.pl\/?p=267#article\",\"isPartOf\":{\"@id\":\"https:\/\/owitsosnowiec.pl\/?p=267\"},\"author\":{\"name\":\"admin\",\"@id\":\"http:\/\/owitsosnowiec.pl\/#\/schema\/person\/a89842fe862e6af003c5d0d36d630c7c\"},\"headline\":\"10.06.2025 OWiT po raz trzeci na konferencji REHA FOR THE BLIND 2025 w Katowicach\",\"datePublished\":\"2025-06-11T15:05:00+00:00\",\"dateModified\":\"2026-03-26T16:06:25+00:00\",\"mainEntityOfPage\":{\"@id\":\"https:\/\/owitsosnowiec.pl\/?p=267\"},\"wordCount\":192,\"commentCount\":0,\"publisher\":{\"@id\":\"http:\/\/owitsosnowiec.pl\/#organization\"},\"inLanguage\":\"pl-PL\",\"potentialAction\":[{\"@type\":\"CommentAction\",\"name\":\"Comment\",\"target\":[\"https:\/\/owitsosnowiec.pl\/?p=267#respond\"]}]},{\"@type\":\"WebPage\",\"@id\":\"https:\/\/owitsosnowiec.pl\/?p=267\",\"url\":\"https:\/\/owitsosnowiec.pl\/?p=267\",\"name\":\"10.06.2025 OWiT po raz trzeci na konferencji REHA FOR THE BLIND 2025 w Katowicach - O\u015brodek Wsparcia i Test\u00f3w w Sosnowcu\",\"isPartOf\":{\"@id\":\"http:\/\/owitsosnowiec.pl\/#website\"},\"datePublished\":\"2025-06-11T15:05:00+00:00\",\"dateModified\":\"2026-03-26T16:06:25+00:00\",\"breadcrumb\":{\"@id\":\"https:\/\/owitsosnowiec.pl\/?p=267#breadcrumb\"},\"inLanguage\":\"pl-PL\",\"potentialAction\":[{\"@type\":\"ReadAction\",\"target\":[\"https:\/\/owitsosnowiec.pl\/?p=267\"]}]},{\"@type\":\"BreadcrumbList\",\"@id\":\"https:\/\/owitsosnowiec.pl\/?p=267#breadcrumb\",\"itemListElement\":[{\"@type\":\"ListItem\",\"position\":1,\"name\":\"Home\",\"item\":\"http:\/\/owitsosnowiec.pl\/\"},{\"@type\":\"ListItem\",\"position\":2,\"name\":\"10.06.2025 OWiT po raz trzeci na konferencji REHA FOR THE BLIND 2025 w Katowicach\"}]},{\"@type\":\"WebSite\",\"@id\":\"http:\/\/owitsosnowiec.pl\/#website\",\"url\":\"http:\/\/owitsosnowiec.pl\/\",\"name\":\"O\u015brodek Wsparcia i Test\u00f3w w Sosnowcu\",\"description\":\"\",\"publisher\":{\"@id\":\"http:\/\/owitsosnowiec.pl\/#organization\"},\"potentialAction\":[{\"@type\":\"SearchAction\",\"target\":{\"@type\":\"EntryPoint\",\"urlTemplate\":\"http:\/\/owitsosnowiec.pl\/?s={search_term_string}\"},\"query-input\":{\"@type\":\"PropertyValueSpecification\",\"valueRequired\":true,\"valueName\":\"search_term_string\"}}],\"inLanguage\":\"pl-PL\"},{\"@type\":\"Organization\",\"@id\":\"http:\/\/owitsosnowiec.pl\/#organization\",\"name\":\"O\u015brodek Wsparcia i Test\u00f3w w Sosnowcu\",\"url\":\"http:\/\/owitsosnowiec.pl\/\",\"logo\":{\"@type\":\"ImageObject\",\"inLanguage\":\"pl-PL\",\"@id\":\"http:\/\/owitsosnowiec.pl\/#\/schema\/logo\/image\/\",\"url\":\"http:\/\/owitsosnowiec.pl\/wp-content\/uploads\/2026\/04\/Projekt-bez-nazwy.png\",\"contentUrl\":\"http:\/\/owitsosnowiec.pl\/wp-content\/uploads\/2026\/04\/Projekt-bez-nazwy.png\",\"width\":2017,\"height\":733,\"caption\":\"O\u015brodek Wsparcia i Test\u00f3w w Sosnowcu\"},\"image\":{\"@id\":\"http:\/\/owitsosnowiec.pl\/#\/schema\/logo\/image\/\"}},{\"@type\":\"Person\",\"@id\":\"http:\/\/owitsosnowiec.pl\/#\/schema\/person\/a89842fe862e6af003c5d0d36d630c7c\",\"name\":\"admin\",\"image\":{\"@type\":\"ImageObject\",\"inLanguage\":\"pl-PL\",\"@id\":\"https:\/\/secure.gravatar.com\/avatar\/5e4944fe247161ff26b33b416ef5c794327c5dc77e48a59d6fa95ae7d24c4ed6?s=96&d=mm&r=g\",\"url\":\"https:\/\/secure.gravatar.com\/avatar\/5e4944fe247161ff26b33b416ef5c794327c5dc77e48a59d6fa95ae7d24c4ed6?s=96&d=mm&r=g\",\"contentUrl\":\"https:\/\/secure.gravatar.com\/avatar\/5e4944fe247161ff26b33b416ef5c794327c5dc77e48a59d6fa95ae7d24c4ed6?s=96&d=mm&r=g\",\"caption\":\"admin\"},\"sameAs\":[\"https:\/\/example.com\"],\"url\":\"http:\/\/owitsosnowiec.pl\/?author=1\"}]}<\/script>\n<!-- \/ Yoast SEO plugin. -->","yoast_head_json":{"title":"10.06.2025 OWiT po raz trzeci na konferencji REHA FOR THE BLIND 2025 w Katowicach - O\u015brodek Wsparcia i Test\u00f3w w Sosnowcu","robots":{"index":"index","follow":"follow","max-snippet":"max-snippet:-1","max-image-preview":"max-image-preview:large","max-video-preview":"max-video-preview:-1"},"canonical":"https:\/\/owitsosnowiec.pl\/?p=267","og_locale":"pl_PL","og_type":"article","og_title":"10.06.2025 OWiT po raz trzeci na konferencji REHA FOR THE BLIND 2025 w Katowicach - O\u015brodek Wsparcia i Test\u00f3w w Sosnowcu","og_description":"10 czerwca 2025 roku O\u015brodek Wsparcia i Test\u00f3w (OWiT) w Sosnowcu po raz trzeci uczestniczy\u0142 w konferencji&nbsp;REHA FOR THE BLIND&nbsp;w Katowicach, kt\u00f3ra odby\u0142a si\u0119 w Muzeum \u015al\u0105skim. Nasze stoisko cieszy\u0142o si\u0119 du\u017cym zainteresowaniem, prezentuj\u0105c szerok\u0105 gam\u0119 nowoczesnych urz\u0105dze\u0144 i technologii wspomagaj\u0105cych osoby z dysfunkcjami wzroku. Podczas wydarzenia zaprezentowali\u015bmy najnowsze rozwi\u0105zania [&hellip;]","og_url":"https:\/\/owitsosnowiec.pl\/?p=267","og_site_name":"O\u015brodek Wsparcia i Test\u00f3w w Sosnowcu","article_published_time":"2025-06-11T15:05:00+00:00","article_modified_time":"2026-03-26T16:06:25+00:00","author":"admin","twitter_card":"summary_large_image","twitter_misc":{"Napisane przez":"admin","Szacowany czas czytania":"1 minuta"},"schema":{"@context":"https:\/\/schema.org","@graph":[{"@type":"Article","@id":"https:\/\/owitsosnowiec.pl\/?p=267#article","isPartOf":{"@id":"https:\/\/owitsosnowiec.pl\/?p=267"},"author":{"name":"admin","@id":"http:\/\/owitsosnowiec.pl\/#\/schema\/person\/a89842fe862e6af003c5d0d36d630c7c"},"headline":"10.06.2025 OWiT po raz trzeci na konferencji REHA FOR THE BLIND 2025 w Katowicach","datePublished":"2025-06-11T15:05:00+00:00","dateModified":"2026-03-26T16:06:25+00:00","mainEntityOfPage":{"@id":"https:\/\/owitsosnowiec.pl\/?p=267"},"wordCount":192,"commentCount":0,"publisher":{"@id":"http:\/\/owitsosnowiec.pl\/#organization"},"inLanguage":"pl-PL","potentialAction":[{"@type":"CommentAction","name":"Comment","target":["https:\/\/owitsosnowiec.pl\/?p=267#respond"]}]},{"@type":"WebPage","@id":"https:\/\/owitsosnowiec.pl\/?p=267","url":"https:\/\/owitsosnowiec.pl\/?p=267","name":"10.06.2025 OWiT po raz trzeci na konferencji REHA FOR THE BLIND 2025 w Katowicach - O\u015brodek Wsparcia i Test\u00f3w w Sosnowcu","isPartOf":{"@id":"http:\/\/owitsosnowiec.pl\/#website"},"datePublished":"2025-06-11T15:05:00+00:00","dateModified":"2026-03-26T16:06:25+00:00","breadcrumb":{"@id":"https:\/\/owitsosnowiec.pl\/?p=267#breadcrumb"},"inLanguage":"pl-PL","potentialAction":[{"@type":"ReadAction","target":["https:\/\/owitsosnowiec.pl\/?p=267"]}]},{"@type":"BreadcrumbList","@id":"https:\/\/owitsosnowiec.pl\/?p=267#breadcrumb","itemListElement":[{"@type":"ListItem","position":1,"name":"Home","item":"http:\/\/owitsosnowiec.pl\/"},{"@type":"ListItem","position":2,"name":"10.06.2025 OWiT po raz trzeci na konferencji REHA FOR THE BLIND 2025 w Katowicach"}]},{"@type":"WebSite","@id":"http:\/\/owitsosnowiec.pl\/#website","url":"http:\/\/owitsosnowiec.pl\/","name":"O\u015brodek Wsparcia i Test\u00f3w w Sosnowcu","description":"","publisher":{"@id":"http:\/\/owitsosnowiec.pl\/#organization"},"potentialAction":[{"@type":"SearchAction","target":{"@type":"EntryPoint","urlTemplate":"http:\/\/owitsosnowiec.pl\/?s={search_term_string}"},"query-input":{"@type":"PropertyValueSpecification","valueRequired":true,"valueName":"search_term_string"}}],"inLanguage":"pl-PL"},{"@type":"Organization","@id":"http:\/\/owitsosnowiec.pl\/#organization","name":"O\u015brodek Wsparcia i Test\u00f3w w Sosnowcu","url":"http:\/\/owitsosnowiec.pl\/","logo":{"@type":"ImageObject","inLanguage":"pl-PL","@id":"http:\/\/owitsosnowiec.pl\/#\/schema\/logo\/image\/","url":"http:\/\/owitsosnowiec.pl\/wp-content\/uploads\/2026\/04\/Projekt-bez-nazwy.png","contentUrl":"http:\/\/owitsosnowiec.pl\/wp-content\/uploads\/2026\/04\/Projekt-bez-nazwy.png","width":2017,"height":733,"caption":"O\u015brodek Wsparcia i Test\u00f3w w Sosnowcu"},"image":{"@id":"http:\/\/owitsosnowiec.pl\/#\/schema\/logo\/image\/"}},{"@type":"Person","@id":"http:\/\/owitsosnowiec.pl\/#\/schema\/person\/a89842fe862e6af003c5d0d36d630c7c","name":"admin","image":{"@type":"ImageObject","inLanguage":"pl-PL","@id":"https:\/\/secure.gravatar.com\/avatar\/5e4944fe247161ff26b33b416ef5c794327c5dc77e48a59d6fa95ae7d24c4ed6?s=96&d=mm&r=g","url":"https:\/\/secure.gravatar.com\/avatar\/5e4944fe247161ff26b33b416ef5c794327c5dc77e48a59d6fa95ae7d24c4ed6?s=96&d=mm&r=g","contentUrl":"https:\/\/secure.gravatar.com\/avatar\/5e4944fe247161ff26b33b416ef5c794327c5dc77e48a59d6fa95ae7d24c4ed6?s=96&d=mm&r=g","caption":"admin"},"sameAs":["https:\/\/example.com"],"url":"http:\/\/owitsosnowiec.pl\/?author=1"}]}},"_links":{"self":[{"href":"http:\/\/owitsosnowiec.pl\/index.php?rest_route=\/wp\/v2\/posts\/267","targetHints":{"allow":["GET"]}}],"collection":[{"href":"http:\/\/owitsosnowiec.pl\/index.php?rest_route=\/wp\/v2\/posts"}],"about":[{"href":"http:\/\/owitsosnowiec.pl\/index.php?rest_route=\/wp\/v2\/types\/post"}],"author":[{"embeddable":true,"href":"http:\/\/owitsosnowiec.pl\/index.php?rest_route=\/wp\/v2\/users\/1"}],"replies":[{"embeddable":true,"href":"http:\/\/owitsosnowiec.pl\/index.php?rest_route=%2Fwp%2Fv2%2Fcomments&post=267"}],"version-history":[{"count":1,"href":"http:\/\/owitsosnowiec.pl\/index.php?rest_route=\/wp\/v2\/posts\/267\/revisions"}],"predecessor-version":[{"id":268,"href":"http:\/\/owitsosnowiec.pl\/index.php?rest_route=\/wp\/v2\/posts\/267\/revisions\/268"}],"wp:attachment":[{"href":"http:\/\/owitsosnowiec.pl\/index.php?rest_route=%2Fwp%2Fv2%2Fmedia&parent=267"}],"wp:term":[{"taxonomy":"category","embeddable":true,"href":"http:\/\/owitsosnowiec.pl\/index.php?rest_route=%2Fwp%2Fv2%2Fcategories&post=267"},{"taxonomy":"post_tag","embeddable":true,"href":"http:\/\/owitsosnowiec.pl\/index.php?rest_route=%2Fwp%2Fv2%2Ftags&post=267"}],"curies":[{"name":"wp","href":"https:\/\/api.w.org\/{rel}","templated":true}]}}