{"id":265,"date":"2025-10-04T17:05:09","date_gmt":"2025-10-04T15:05:09","guid":{"rendered":"http:\/\/owitsosnowiec.pl\/?p=265"},"modified":"2026-03-26T17:05:36","modified_gmt":"2026-03-26T16:05:36","slug":"03-10-2025-iv-slaska-konferencja-senioralna-w-laziskach-gornych","status":"publish","type":"post","link":"http:\/\/owitsosnowiec.pl\/?p=265","title":{"rendered":"03.10.2025 \u2013 IV \u015al\u0105ska Konferencja Senioralna w \u0141aziskach G\u00f3rnych"},"content":{"rendered":"\n<p><strong>3 pa\u017adziernika 2025 r.<\/strong>&nbsp;mieli\u015bmy przyjemno\u015b\u0107 uczestniczy\u0107 w&nbsp;<strong>IV \u015al\u0105skiej Konferencji Senioralnej<\/strong>, zorganizowanej przez Zwi\u0105zek Stowarzysze\u0144 Centrum Aktywno\u015bci w Miko\u0142owie, Forum Senior\u00f3w Powiatu Miko\u0142owskiego oraz Powiat Miko\u0142owski wraz z partnerami.<\/p>\n\n\n\n<p>Tematem przewodnim konferencji by\u0142o:&nbsp;<em>\u201eSeniorzy (nie)widzialni. Wyzwania systemu opieki nad osobami starszymi zale\u017cnymi\u201d<\/em>. Spotkanie mia\u0142o charakter og\u00f3lnopolski \u2013 wzi\u0119li w nim udzia\u0142 przedstawiciele Rad i For\u00f3w Senior\u00f3w, samorz\u0105dowcy na r\u00f3\u017cnych szczeblach, pracownicy s\u0142u\u017cb zdrowia i pomocy spo\u0142ecznej, organizacje pozarz\u0105dowe oraz koordynatorzy ds. dost\u0119pno\u015bci.<\/p>\n\n\n\n<p>Podczas konferencji&nbsp;<strong>zaprezentowali\u015bmy dzia\u0142alno\u015b\u0107 naszego O\u015brodka Wsparcia i Test\u00f3w (OWiT) z Sosnowca<\/strong>, pokazuj\u0105c&nbsp;<strong>sprz\u0119t i technologie wspomagaj\u0105ce codzienne funkcjonowanie os\u00f3b starszych oraz os\u00f3b z niepe\u0142nosprawno\u015bciami<\/strong>. Nasi specjali\u015bci prowadzili&nbsp;<strong>indywidualne konsultacje<\/strong>, dziel\u0105c si\u0119 do\u015bwiadczeniem i doradzaj\u0105c w zakresie wsparcia senior\u00f3w niesamodzielnych oraz ich opiekun\u00f3w.<\/p>\n\n\n\n<p>IV edycja konferencji by\u0142a r\u00f3wnie\u017c okazj\u0105 do wymiany do\u015bwiadcze\u0144 mi\u0119dzy uczestnikami, przedstawienia najnowszych rozwi\u0105za\u0144 systemowych w opiece senioralnej oraz wskazania kierunk\u00f3w dalszego rozwoju polityki senioralnej na poziomie lokalnym i regionalnym.<\/p>\n\n\n\n<p>Dzi\u0119kujemy organizatorom za zaproszenie i wszystkim uczestnikom za inspiruj\u0105ce rozmowy. Cieszymy si\u0119, \u017ce mogli\u015bmy w\u0142\u0105czy\u0107 si\u0119 w dyskusj\u0119 o poprawie jako\u015bci \u017cycia senior\u00f3w i o nowoczesnych rozwi\u0105zaniach wspieraj\u0105cych osoby zale\u017cne.<\/p>\n","protected":false},"excerpt":{"rendered":"<p>3 pa\u017adziernika 2025 r.&nbsp;mieli\u015bmy przyjemno\u015b\u0107 uczestniczy\u0107 w&nbsp;IV \u015al\u0105skiej Konferencji Senioralnej, zorganizowanej przez Zwi\u0105zek Stowarzysze\u0144 Centrum Aktywno\u015bci w Miko\u0142owie, Forum Senior\u00f3w Powiatu Miko\u0142owskiego oraz Powiat Miko\u0142owski wraz z partnerami. Tematem przewodnim konferencji by\u0142o:&nbsp;\u201eSeniorzy (nie)widzialni. Wyzwania systemu opieki nad osobami starszymi zale\u017cnymi\u201d. Spotkanie mia\u0142o charakter og\u00f3lnopolski \u2013 wzi\u0119li w nim udzia\u0142 przedstawiciele [&hellip;]<\/p>\n","protected":false},"author":1,"featured_media":0,"comment_status":"open","ping_status":"open","sticky":false,"template":"","format":"standard","meta":{"footnotes":""},"categories":[1],"tags":[],"class_list":["post-265","post","type-post","status-publish","format-standard","hentry","category-bez-kategorii"],"yoast_head":"<!-- This site is optimized with the Yoast SEO plugin v27.2 - https:\/\/yoast.com\/product\/yoast-seo-wordpress\/ -->\n<title>03.10.2025 \u2013 IV \u015al\u0105ska Konferencja Senioralna w \u0141aziskach G\u00f3rnych - O\u015brodek Wsparcia i Test\u00f3w w Sosnowcu<\/title>\n<meta name=\"robots\" content=\"index, follow, max-snippet:-1, max-image-preview:large, max-video-preview:-1\" \/>\n<link rel=\"canonical\" href=\"https:\/\/owitsosnowiec.pl\/?p=265\" \/>\n<meta property=\"og:locale\" content=\"pl_PL\" \/>\n<meta property=\"og:type\" content=\"article\" \/>\n<meta property=\"og:title\" content=\"03.10.2025 \u2013 IV \u015al\u0105ska Konferencja Senioralna w \u0141aziskach G\u00f3rnych - O\u015brodek Wsparcia i Test\u00f3w w Sosnowcu\" \/>\n<meta property=\"og:description\" content=\"3 pa\u017adziernika 2025 r.&nbsp;mieli\u015bmy przyjemno\u015b\u0107 uczestniczy\u0107 w&nbsp;IV \u015al\u0105skiej Konferencji Senioralnej, zorganizowanej przez Zwi\u0105zek Stowarzysze\u0144 Centrum Aktywno\u015bci w Miko\u0142owie, Forum Senior\u00f3w Powiatu Miko\u0142owskiego oraz Powiat Miko\u0142owski wraz z partnerami. Tematem przewodnim konferencji by\u0142o:&nbsp;\u201eSeniorzy (nie)widzialni. Wyzwania systemu opieki nad osobami starszymi zale\u017cnymi\u201d. Spotkanie mia\u0142o charakter og\u00f3lnopolski \u2013 wzi\u0119li w nim udzia\u0142 przedstawiciele [&hellip;]\" \/>\n<meta property=\"og:url\" content=\"https:\/\/owitsosnowiec.pl\/?p=265\" \/>\n<meta property=\"og:site_name\" content=\"O\u015brodek Wsparcia i Test\u00f3w w Sosnowcu\" \/>\n<meta property=\"article:published_time\" content=\"2025-10-04T15:05:09+00:00\" \/>\n<meta property=\"article:modified_time\" content=\"2026-03-26T16:05:36+00:00\" \/>\n<meta name=\"author\" content=\"admin\" \/>\n<meta name=\"twitter:card\" content=\"summary_large_image\" \/>\n<meta name=\"twitter:label1\" content=\"Napisane przez\" \/>\n\t<meta name=\"twitter:data1\" content=\"admin\" \/>\n\t<meta name=\"twitter:label2\" content=\"Szacowany czas czytania\" \/>\n\t<meta name=\"twitter:data2\" content=\"2 minuty\" \/>\n<script type=\"application\/ld+json\" class=\"yoast-schema-graph\">{\"@context\":\"https:\/\/schema.org\",\"@graph\":[{\"@type\":\"Article\",\"@id\":\"https:\/\/owitsosnowiec.pl\/?p=265#article\",\"isPartOf\":{\"@id\":\"https:\/\/owitsosnowiec.pl\/?p=265\"},\"author\":{\"name\":\"admin\",\"@id\":\"http:\/\/owitsosnowiec.pl\/#\/schema\/person\/a89842fe862e6af003c5d0d36d630c7c\"},\"headline\":\"03.10.2025 \u2013 IV \u015al\u0105ska Konferencja Senioralna w \u0141aziskach G\u00f3rnych\",\"datePublished\":\"2025-10-04T15:05:09+00:00\",\"dateModified\":\"2026-03-26T16:05:36+00:00\",\"mainEntityOfPage\":{\"@id\":\"https:\/\/owitsosnowiec.pl\/?p=265\"},\"wordCount\":245,\"commentCount\":0,\"publisher\":{\"@id\":\"http:\/\/owitsosnowiec.pl\/#organization\"},\"inLanguage\":\"pl-PL\",\"potentialAction\":[{\"@type\":\"CommentAction\",\"name\":\"Comment\",\"target\":[\"https:\/\/owitsosnowiec.pl\/?p=265#respond\"]}]},{\"@type\":\"WebPage\",\"@id\":\"https:\/\/owitsosnowiec.pl\/?p=265\",\"url\":\"https:\/\/owitsosnowiec.pl\/?p=265\",\"name\":\"03.10.2025 \u2013 IV \u015al\u0105ska Konferencja Senioralna w \u0141aziskach G\u00f3rnych - O\u015brodek Wsparcia i Test\u00f3w w Sosnowcu\",\"isPartOf\":{\"@id\":\"http:\/\/owitsosnowiec.pl\/#website\"},\"datePublished\":\"2025-10-04T15:05:09+00:00\",\"dateModified\":\"2026-03-26T16:05:36+00:00\",\"breadcrumb\":{\"@id\":\"https:\/\/owitsosnowiec.pl\/?p=265#breadcrumb\"},\"inLanguage\":\"pl-PL\",\"potentialAction\":[{\"@type\":\"ReadAction\",\"target\":[\"https:\/\/owitsosnowiec.pl\/?p=265\"]}]},{\"@type\":\"BreadcrumbList\",\"@id\":\"https:\/\/owitsosnowiec.pl\/?p=265#breadcrumb\",\"itemListElement\":[{\"@type\":\"ListItem\",\"position\":1,\"name\":\"Home\",\"item\":\"http:\/\/owitsosnowiec.pl\/\"},{\"@type\":\"ListItem\",\"position\":2,\"name\":\"03.10.2025 \u2013 IV \u015al\u0105ska Konferencja Senioralna w \u0141aziskach G\u00f3rnych\"}]},{\"@type\":\"WebSite\",\"@id\":\"http:\/\/owitsosnowiec.pl\/#website\",\"url\":\"http:\/\/owitsosnowiec.pl\/\",\"name\":\"O\u015brodek Wsparcia i Test\u00f3w w Sosnowcu\",\"description\":\"\",\"publisher\":{\"@id\":\"http:\/\/owitsosnowiec.pl\/#organization\"},\"potentialAction\":[{\"@type\":\"SearchAction\",\"target\":{\"@type\":\"EntryPoint\",\"urlTemplate\":\"http:\/\/owitsosnowiec.pl\/?s={search_term_string}\"},\"query-input\":{\"@type\":\"PropertyValueSpecification\",\"valueRequired\":true,\"valueName\":\"search_term_string\"}}],\"inLanguage\":\"pl-PL\"},{\"@type\":\"Organization\",\"@id\":\"http:\/\/owitsosnowiec.pl\/#organization\",\"name\":\"O\u015brodek Wsparcia i Test\u00f3w w Sosnowcu\",\"url\":\"http:\/\/owitsosnowiec.pl\/\",\"logo\":{\"@type\":\"ImageObject\",\"inLanguage\":\"pl-PL\",\"@id\":\"http:\/\/owitsosnowiec.pl\/#\/schema\/logo\/image\/\",\"url\":\"http:\/\/owitsosnowiec.pl\/wp-content\/uploads\/2026\/04\/Projekt-bez-nazwy.png\",\"contentUrl\":\"http:\/\/owitsosnowiec.pl\/wp-content\/uploads\/2026\/04\/Projekt-bez-nazwy.png\",\"width\":2017,\"height\":733,\"caption\":\"O\u015brodek Wsparcia i Test\u00f3w w Sosnowcu\"},\"image\":{\"@id\":\"http:\/\/owitsosnowiec.pl\/#\/schema\/logo\/image\/\"}},{\"@type\":\"Person\",\"@id\":\"http:\/\/owitsosnowiec.pl\/#\/schema\/person\/a89842fe862e6af003c5d0d36d630c7c\",\"name\":\"admin\",\"image\":{\"@type\":\"ImageObject\",\"inLanguage\":\"pl-PL\",\"@id\":\"https:\/\/secure.gravatar.com\/avatar\/5e4944fe247161ff26b33b416ef5c794327c5dc77e48a59d6fa95ae7d24c4ed6?s=96&d=mm&r=g\",\"url\":\"https:\/\/secure.gravatar.com\/avatar\/5e4944fe247161ff26b33b416ef5c794327c5dc77e48a59d6fa95ae7d24c4ed6?s=96&d=mm&r=g\",\"contentUrl\":\"https:\/\/secure.gravatar.com\/avatar\/5e4944fe247161ff26b33b416ef5c794327c5dc77e48a59d6fa95ae7d24c4ed6?s=96&d=mm&r=g\",\"caption\":\"admin\"},\"sameAs\":[\"https:\/\/example.com\"],\"url\":\"http:\/\/owitsosnowiec.pl\/?author=1\"}]}<\/script>\n<!-- \/ Yoast SEO plugin. -->","yoast_head_json":{"title":"03.10.2025 \u2013 IV \u015al\u0105ska Konferencja Senioralna w \u0141aziskach G\u00f3rnych - O\u015brodek Wsparcia i Test\u00f3w w Sosnowcu","robots":{"index":"index","follow":"follow","max-snippet":"max-snippet:-1","max-image-preview":"max-image-preview:large","max-video-preview":"max-video-preview:-1"},"canonical":"https:\/\/owitsosnowiec.pl\/?p=265","og_locale":"pl_PL","og_type":"article","og_title":"03.10.2025 \u2013 IV \u015al\u0105ska Konferencja Senioralna w \u0141aziskach G\u00f3rnych - O\u015brodek Wsparcia i Test\u00f3w w Sosnowcu","og_description":"3 pa\u017adziernika 2025 r.&nbsp;mieli\u015bmy przyjemno\u015b\u0107 uczestniczy\u0107 w&nbsp;IV \u015al\u0105skiej Konferencji Senioralnej, zorganizowanej przez Zwi\u0105zek Stowarzysze\u0144 Centrum Aktywno\u015bci w Miko\u0142owie, Forum Senior\u00f3w Powiatu Miko\u0142owskiego oraz Powiat Miko\u0142owski wraz z partnerami. Tematem przewodnim konferencji by\u0142o:&nbsp;\u201eSeniorzy (nie)widzialni. Wyzwania systemu opieki nad osobami starszymi zale\u017cnymi\u201d. Spotkanie mia\u0142o charakter og\u00f3lnopolski \u2013 wzi\u0119li w nim udzia\u0142 przedstawiciele [&hellip;]","og_url":"https:\/\/owitsosnowiec.pl\/?p=265","og_site_name":"O\u015brodek Wsparcia i Test\u00f3w w Sosnowcu","article_published_time":"2025-10-04T15:05:09+00:00","article_modified_time":"2026-03-26T16:05:36+00:00","author":"admin","twitter_card":"summary_large_image","twitter_misc":{"Napisane przez":"admin","Szacowany czas czytania":"2 minuty"},"schema":{"@context":"https:\/\/schema.org","@graph":[{"@type":"Article","@id":"https:\/\/owitsosnowiec.pl\/?p=265#article","isPartOf":{"@id":"https:\/\/owitsosnowiec.pl\/?p=265"},"author":{"name":"admin","@id":"http:\/\/owitsosnowiec.pl\/#\/schema\/person\/a89842fe862e6af003c5d0d36d630c7c"},"headline":"03.10.2025 \u2013 IV \u015al\u0105ska Konferencja Senioralna w \u0141aziskach G\u00f3rnych","datePublished":"2025-10-04T15:05:09+00:00","dateModified":"2026-03-26T16:05:36+00:00","mainEntityOfPage":{"@id":"https:\/\/owitsosnowiec.pl\/?p=265"},"wordCount":245,"commentCount":0,"publisher":{"@id":"http:\/\/owitsosnowiec.pl\/#organization"},"inLanguage":"pl-PL","potentialAction":[{"@type":"CommentAction","name":"Comment","target":["https:\/\/owitsosnowiec.pl\/?p=265#respond"]}]},{"@type":"WebPage","@id":"https:\/\/owitsosnowiec.pl\/?p=265","url":"https:\/\/owitsosnowiec.pl\/?p=265","name":"03.10.2025 \u2013 IV \u015al\u0105ska Konferencja Senioralna w \u0141aziskach G\u00f3rnych - O\u015brodek Wsparcia i Test\u00f3w w Sosnowcu","isPartOf":{"@id":"http:\/\/owitsosnowiec.pl\/#website"},"datePublished":"2025-10-04T15:05:09+00:00","dateModified":"2026-03-26T16:05:36+00:00","breadcrumb":{"@id":"https:\/\/owitsosnowiec.pl\/?p=265#breadcrumb"},"inLanguage":"pl-PL","potentialAction":[{"@type":"ReadAction","target":["https:\/\/owitsosnowiec.pl\/?p=265"]}]},{"@type":"BreadcrumbList","@id":"https:\/\/owitsosnowiec.pl\/?p=265#breadcrumb","itemListElement":[{"@type":"ListItem","position":1,"name":"Home","item":"http:\/\/owitsosnowiec.pl\/"},{"@type":"ListItem","position":2,"name":"03.10.2025 \u2013 IV \u015al\u0105ska Konferencja Senioralna w \u0141aziskach G\u00f3rnych"}]},{"@type":"WebSite","@id":"http:\/\/owitsosnowiec.pl\/#website","url":"http:\/\/owitsosnowiec.pl\/","name":"O\u015brodek Wsparcia i Test\u00f3w w Sosnowcu","description":"","publisher":{"@id":"http:\/\/owitsosnowiec.pl\/#organization"},"potentialAction":[{"@type":"SearchAction","target":{"@type":"EntryPoint","urlTemplate":"http:\/\/owitsosnowiec.pl\/?s={search_term_string}"},"query-input":{"@type":"PropertyValueSpecification","valueRequired":true,"valueName":"search_term_string"}}],"inLanguage":"pl-PL"},{"@type":"Organization","@id":"http:\/\/owitsosnowiec.pl\/#organization","name":"O\u015brodek Wsparcia i Test\u00f3w w Sosnowcu","url":"http:\/\/owitsosnowiec.pl\/","logo":{"@type":"ImageObject","inLanguage":"pl-PL","@id":"http:\/\/owitsosnowiec.pl\/#\/schema\/logo\/image\/","url":"http:\/\/owitsosnowiec.pl\/wp-content\/uploads\/2026\/04\/Projekt-bez-nazwy.png","contentUrl":"http:\/\/owitsosnowiec.pl\/wp-content\/uploads\/2026\/04\/Projekt-bez-nazwy.png","width":2017,"height":733,"caption":"O\u015brodek Wsparcia i Test\u00f3w w Sosnowcu"},"image":{"@id":"http:\/\/owitsosnowiec.pl\/#\/schema\/logo\/image\/"}},{"@type":"Person","@id":"http:\/\/owitsosnowiec.pl\/#\/schema\/person\/a89842fe862e6af003c5d0d36d630c7c","name":"admin","image":{"@type":"ImageObject","inLanguage":"pl-PL","@id":"https:\/\/secure.gravatar.com\/avatar\/5e4944fe247161ff26b33b416ef5c794327c5dc77e48a59d6fa95ae7d24c4ed6?s=96&d=mm&r=g","url":"https:\/\/secure.gravatar.com\/avatar\/5e4944fe247161ff26b33b416ef5c794327c5dc77e48a59d6fa95ae7d24c4ed6?s=96&d=mm&r=g","contentUrl":"https:\/\/secure.gravatar.com\/avatar\/5e4944fe247161ff26b33b416ef5c794327c5dc77e48a59d6fa95ae7d24c4ed6?s=96&d=mm&r=g","caption":"admin"},"sameAs":["https:\/\/example.com"],"url":"http:\/\/owitsosnowiec.pl\/?author=1"}]}},"_links":{"self":[{"href":"http:\/\/owitsosnowiec.pl\/index.php?rest_route=\/wp\/v2\/posts\/265","targetHints":{"allow":["GET"]}}],"collection":[{"href":"http:\/\/owitsosnowiec.pl\/index.php?rest_route=\/wp\/v2\/posts"}],"about":[{"href":"http:\/\/owitsosnowiec.pl\/index.php?rest_route=\/wp\/v2\/types\/post"}],"author":[{"embeddable":true,"href":"http:\/\/owitsosnowiec.pl\/index.php?rest_route=\/wp\/v2\/users\/1"}],"replies":[{"embeddable":true,"href":"http:\/\/owitsosnowiec.pl\/index.php?rest_route=%2Fwp%2Fv2%2Fcomments&post=265"}],"version-history":[{"count":1,"href":"http:\/\/owitsosnowiec.pl\/index.php?rest_route=\/wp\/v2\/posts\/265\/revisions"}],"predecessor-version":[{"id":266,"href":"http:\/\/owitsosnowiec.pl\/index.php?rest_route=\/wp\/v2\/posts\/265\/revisions\/266"}],"wp:attachment":[{"href":"http:\/\/owitsosnowiec.pl\/index.php?rest_route=%2Fwp%2Fv2%2Fmedia&parent=265"}],"wp:term":[{"taxonomy":"category","embeddable":true,"href":"http:\/\/owitsosnowiec.pl\/index.php?rest_route=%2Fwp%2Fv2%2Fcategories&post=265"},{"taxonomy":"post_tag","embeddable":true,"href":"http:\/\/owitsosnowiec.pl\/index.php?rest_route=%2Fwp%2Fv2%2Ftags&post=265"}],"curies":[{"name":"wp","href":"https:\/\/api.w.org\/{rel}","templated":true}]}}