{"id":263,"date":"2025-10-09T17:04:00","date_gmt":"2025-10-09T15:04:00","guid":{"rendered":"http:\/\/owitsosnowiec.pl\/?p=263"},"modified":"2026-03-26T17:04:50","modified_gmt":"2026-03-26T16:04:50","slug":"08-10-2025-dzien-seniora-w-zus-bedzin","status":"publish","type":"post","link":"http:\/\/owitsosnowiec.pl\/?p=263","title":{"rendered":"08.10.2025 \u2013 Dzie\u0144 Seniora w ZUS B\u0119dzin"},"content":{"rendered":"\n<p><strong>8 pa\u017adziernika 2025 r.<\/strong>&nbsp;uczestniczyli\u015bmy w&nbsp;<strong>Dniu Seniora z ZUS<\/strong>, kt\u00f3ry odby\u0142 si\u0119 w&nbsp;<strong>B\u0119dzin Arena<\/strong>&nbsp;pod has\u0142em&nbsp;<em>\u201e\u015awiadome decyzje \u2013 Bezpieczny Senior\u201d<\/em>.<\/p>\n\n\n\n<p>Wydarzenie zorganizowali&nbsp;<strong>ZUS Oddzia\u0142 w Sosnowcu<\/strong>&nbsp;oraz&nbsp;<strong>Urz\u0105d Miasta B\u0119dzina<\/strong>, a w\u015br\u00f3d partner\u00f3w znale\u017ali si\u0119 m.in.&nbsp;<strong>NFZ, Policja, Oddzia\u0142 \u015al\u0105ski PFRON<\/strong>&nbsp;oraz liczne instytucje wspieraj\u0105ce senior\u00f3w.<\/p>\n\n\n\n<p>Podczas wydarzenia&nbsp;<strong>zaprezentowali\u015bmy dzia\u0142alno\u015b\u0107 naszego O\u015brodka Wsparcia i Test\u00f3w (OWiT) z Sosnowca<\/strong>, prezentuj\u0105c&nbsp;<strong>nowoczesny sprz\u0119t wspieraj\u0105cy codzienne funkcjonowanie os\u00f3b starszych i z niepe\u0142nosprawno\u015bciami<\/strong>.<\/p>\n\n\n\n<p>Nasi specjali\u015bci prowadzili r\u00f3wnie\u017c&nbsp;<strong>indywidualne konsultacje<\/strong>, odpowiadali na pytania dotycz\u0105ce technologii asystuj\u0105cych oraz doradzali, jak z nich korzysta\u0107, by zwi\u0119kszy\u0107 komfort i samodzielno\u015b\u0107 w \u017cyciu codziennym.<\/p>\n\n\n\n<p>Dzi\u0119kujemy organizatorom za zaproszenie, a wszystkim uczestnikom \u2013 za ogromne zainteresowanie naszym stoiskiem, otwarto\u015b\u0107 i serdeczne rozmowy.<\/p>\n\n\n\n<p>Takie wydarzenia pokazuj\u0105, jak wa\u017cna jest wsp\u00f3\u0142praca r\u00f3\u017cnych instytucji na rzecz aktywizacji i bezpiecze\u0144stwa senior\u00f3w.<\/p>\n","protected":false},"excerpt":{"rendered":"<p>8 pa\u017adziernika 2025 r.&nbsp;uczestniczyli\u015bmy w&nbsp;Dniu Seniora z ZUS, kt\u00f3ry odby\u0142 si\u0119 w&nbsp;B\u0119dzin Arena&nbsp;pod has\u0142em&nbsp;\u201e\u015awiadome decyzje \u2013 Bezpieczny Senior\u201d. Wydarzenie zorganizowali&nbsp;ZUS Oddzia\u0142 w Sosnowcu&nbsp;oraz&nbsp;Urz\u0105d Miasta B\u0119dzina, a w\u015br\u00f3d partner\u00f3w znale\u017ali si\u0119 m.in.&nbsp;NFZ, Policja, Oddzia\u0142 \u015al\u0105ski PFRON&nbsp;oraz liczne instytucje wspieraj\u0105ce senior\u00f3w. Podczas wydarzenia&nbsp;zaprezentowali\u015bmy dzia\u0142alno\u015b\u0107 naszego O\u015brodka Wsparcia i Test\u00f3w (OWiT) z Sosnowca, [&hellip;]<\/p>\n","protected":false},"author":1,"featured_media":0,"comment_status":"open","ping_status":"open","sticky":false,"template":"","format":"standard","meta":{"footnotes":""},"categories":[1],"tags":[],"class_list":["post-263","post","type-post","status-publish","format-standard","hentry","category-bez-kategorii"],"yoast_head":"<!-- This site is optimized with the Yoast SEO plugin v27.2 - https:\/\/yoast.com\/product\/yoast-seo-wordpress\/ -->\n<title>08.10.2025 \u2013 Dzie\u0144 Seniora w ZUS B\u0119dzin - O\u015brodek Wsparcia i Test\u00f3w w Sosnowcu<\/title>\n<meta name=\"robots\" content=\"index, follow, max-snippet:-1, max-image-preview:large, max-video-preview:-1\" \/>\n<link rel=\"canonical\" href=\"https:\/\/owitsosnowiec.pl\/?p=263\" \/>\n<meta property=\"og:locale\" content=\"pl_PL\" \/>\n<meta property=\"og:type\" content=\"article\" \/>\n<meta property=\"og:title\" content=\"08.10.2025 \u2013 Dzie\u0144 Seniora w ZUS B\u0119dzin - O\u015brodek Wsparcia i Test\u00f3w w Sosnowcu\" \/>\n<meta property=\"og:description\" content=\"8 pa\u017adziernika 2025 r.&nbsp;uczestniczyli\u015bmy w&nbsp;Dniu Seniora z ZUS, kt\u00f3ry odby\u0142 si\u0119 w&nbsp;B\u0119dzin Arena&nbsp;pod has\u0142em&nbsp;\u201e\u015awiadome decyzje \u2013 Bezpieczny Senior\u201d. Wydarzenie zorganizowali&nbsp;ZUS Oddzia\u0142 w Sosnowcu&nbsp;oraz&nbsp;Urz\u0105d Miasta B\u0119dzina, a w\u015br\u00f3d partner\u00f3w znale\u017ali si\u0119 m.in.&nbsp;NFZ, Policja, Oddzia\u0142 \u015al\u0105ski PFRON&nbsp;oraz liczne instytucje wspieraj\u0105ce senior\u00f3w. Podczas wydarzenia&nbsp;zaprezentowali\u015bmy dzia\u0142alno\u015b\u0107 naszego O\u015brodka Wsparcia i Test\u00f3w (OWiT) z Sosnowca, [&hellip;]\" \/>\n<meta property=\"og:url\" content=\"https:\/\/owitsosnowiec.pl\/?p=263\" \/>\n<meta property=\"og:site_name\" content=\"O\u015brodek Wsparcia i Test\u00f3w w Sosnowcu\" \/>\n<meta property=\"article:published_time\" content=\"2025-10-09T15:04:00+00:00\" \/>\n<meta property=\"article:modified_time\" content=\"2026-03-26T16:04:50+00:00\" \/>\n<meta name=\"author\" content=\"admin\" \/>\n<meta name=\"twitter:card\" content=\"summary_large_image\" \/>\n<meta name=\"twitter:label1\" content=\"Napisane przez\" \/>\n\t<meta name=\"twitter:data1\" content=\"admin\" \/>\n\t<meta name=\"twitter:label2\" content=\"Szacowany czas czytania\" \/>\n\t<meta name=\"twitter:data2\" content=\"1 minuta\" \/>\n<script type=\"application\/ld+json\" class=\"yoast-schema-graph\">{\"@context\":\"https:\/\/schema.org\",\"@graph\":[{\"@type\":\"Article\",\"@id\":\"https:\/\/owitsosnowiec.pl\/?p=263#article\",\"isPartOf\":{\"@id\":\"https:\/\/owitsosnowiec.pl\/?p=263\"},\"author\":{\"name\":\"admin\",\"@id\":\"http:\/\/owitsosnowiec.pl\/#\/schema\/person\/a89842fe862e6af003c5d0d36d630c7c\"},\"headline\":\"08.10.2025 \u2013 Dzie\u0144 Seniora w ZUS B\u0119dzin\",\"datePublished\":\"2025-10-09T15:04:00+00:00\",\"dateModified\":\"2026-03-26T16:04:50+00:00\",\"mainEntityOfPage\":{\"@id\":\"https:\/\/owitsosnowiec.pl\/?p=263\"},\"wordCount\":181,\"commentCount\":0,\"publisher\":{\"@id\":\"http:\/\/owitsosnowiec.pl\/#organization\"},\"inLanguage\":\"pl-PL\",\"potentialAction\":[{\"@type\":\"CommentAction\",\"name\":\"Comment\",\"target\":[\"https:\/\/owitsosnowiec.pl\/?p=263#respond\"]}]},{\"@type\":\"WebPage\",\"@id\":\"https:\/\/owitsosnowiec.pl\/?p=263\",\"url\":\"https:\/\/owitsosnowiec.pl\/?p=263\",\"name\":\"08.10.2025 \u2013 Dzie\u0144 Seniora w ZUS B\u0119dzin - O\u015brodek Wsparcia i Test\u00f3w w Sosnowcu\",\"isPartOf\":{\"@id\":\"http:\/\/owitsosnowiec.pl\/#website\"},\"datePublished\":\"2025-10-09T15:04:00+00:00\",\"dateModified\":\"2026-03-26T16:04:50+00:00\",\"breadcrumb\":{\"@id\":\"https:\/\/owitsosnowiec.pl\/?p=263#breadcrumb\"},\"inLanguage\":\"pl-PL\",\"potentialAction\":[{\"@type\":\"ReadAction\",\"target\":[\"https:\/\/owitsosnowiec.pl\/?p=263\"]}]},{\"@type\":\"BreadcrumbList\",\"@id\":\"https:\/\/owitsosnowiec.pl\/?p=263#breadcrumb\",\"itemListElement\":[{\"@type\":\"ListItem\",\"position\":1,\"name\":\"Home\",\"item\":\"http:\/\/owitsosnowiec.pl\/\"},{\"@type\":\"ListItem\",\"position\":2,\"name\":\"08.10.2025 \u2013 Dzie\u0144 Seniora w ZUS B\u0119dzin\"}]},{\"@type\":\"WebSite\",\"@id\":\"http:\/\/owitsosnowiec.pl\/#website\",\"url\":\"http:\/\/owitsosnowiec.pl\/\",\"name\":\"O\u015brodek Wsparcia i Test\u00f3w w Sosnowcu\",\"description\":\"\",\"publisher\":{\"@id\":\"http:\/\/owitsosnowiec.pl\/#organization\"},\"potentialAction\":[{\"@type\":\"SearchAction\",\"target\":{\"@type\":\"EntryPoint\",\"urlTemplate\":\"http:\/\/owitsosnowiec.pl\/?s={search_term_string}\"},\"query-input\":{\"@type\":\"PropertyValueSpecification\",\"valueRequired\":true,\"valueName\":\"search_term_string\"}}],\"inLanguage\":\"pl-PL\"},{\"@type\":\"Organization\",\"@id\":\"http:\/\/owitsosnowiec.pl\/#organization\",\"name\":\"O\u015brodek Wsparcia i Test\u00f3w w Sosnowcu\",\"url\":\"http:\/\/owitsosnowiec.pl\/\",\"logo\":{\"@type\":\"ImageObject\",\"inLanguage\":\"pl-PL\",\"@id\":\"http:\/\/owitsosnowiec.pl\/#\/schema\/logo\/image\/\",\"url\":\"http:\/\/owitsosnowiec.pl\/wp-content\/uploads\/2026\/04\/Projekt-bez-nazwy.png\",\"contentUrl\":\"http:\/\/owitsosnowiec.pl\/wp-content\/uploads\/2026\/04\/Projekt-bez-nazwy.png\",\"width\":2017,\"height\":733,\"caption\":\"O\u015brodek Wsparcia i Test\u00f3w w Sosnowcu\"},\"image\":{\"@id\":\"http:\/\/owitsosnowiec.pl\/#\/schema\/logo\/image\/\"}},{\"@type\":\"Person\",\"@id\":\"http:\/\/owitsosnowiec.pl\/#\/schema\/person\/a89842fe862e6af003c5d0d36d630c7c\",\"name\":\"admin\",\"image\":{\"@type\":\"ImageObject\",\"inLanguage\":\"pl-PL\",\"@id\":\"https:\/\/secure.gravatar.com\/avatar\/5e4944fe247161ff26b33b416ef5c794327c5dc77e48a59d6fa95ae7d24c4ed6?s=96&d=mm&r=g\",\"url\":\"https:\/\/secure.gravatar.com\/avatar\/5e4944fe247161ff26b33b416ef5c794327c5dc77e48a59d6fa95ae7d24c4ed6?s=96&d=mm&r=g\",\"contentUrl\":\"https:\/\/secure.gravatar.com\/avatar\/5e4944fe247161ff26b33b416ef5c794327c5dc77e48a59d6fa95ae7d24c4ed6?s=96&d=mm&r=g\",\"caption\":\"admin\"},\"sameAs\":[\"https:\/\/example.com\"],\"url\":\"http:\/\/owitsosnowiec.pl\/?author=1\"}]}<\/script>\n<!-- \/ Yoast SEO plugin. -->","yoast_head_json":{"title":"08.10.2025 \u2013 Dzie\u0144 Seniora w ZUS B\u0119dzin - O\u015brodek Wsparcia i Test\u00f3w w Sosnowcu","robots":{"index":"index","follow":"follow","max-snippet":"max-snippet:-1","max-image-preview":"max-image-preview:large","max-video-preview":"max-video-preview:-1"},"canonical":"https:\/\/owitsosnowiec.pl\/?p=263","og_locale":"pl_PL","og_type":"article","og_title":"08.10.2025 \u2013 Dzie\u0144 Seniora w ZUS B\u0119dzin - O\u015brodek Wsparcia i Test\u00f3w w Sosnowcu","og_description":"8 pa\u017adziernika 2025 r.&nbsp;uczestniczyli\u015bmy w&nbsp;Dniu Seniora z ZUS, kt\u00f3ry odby\u0142 si\u0119 w&nbsp;B\u0119dzin Arena&nbsp;pod has\u0142em&nbsp;\u201e\u015awiadome decyzje \u2013 Bezpieczny Senior\u201d. Wydarzenie zorganizowali&nbsp;ZUS Oddzia\u0142 w Sosnowcu&nbsp;oraz&nbsp;Urz\u0105d Miasta B\u0119dzina, a w\u015br\u00f3d partner\u00f3w znale\u017ali si\u0119 m.in.&nbsp;NFZ, Policja, Oddzia\u0142 \u015al\u0105ski PFRON&nbsp;oraz liczne instytucje wspieraj\u0105ce senior\u00f3w. Podczas wydarzenia&nbsp;zaprezentowali\u015bmy dzia\u0142alno\u015b\u0107 naszego O\u015brodka Wsparcia i Test\u00f3w (OWiT) z Sosnowca, [&hellip;]","og_url":"https:\/\/owitsosnowiec.pl\/?p=263","og_site_name":"O\u015brodek Wsparcia i Test\u00f3w w Sosnowcu","article_published_time":"2025-10-09T15:04:00+00:00","article_modified_time":"2026-03-26T16:04:50+00:00","author":"admin","twitter_card":"summary_large_image","twitter_misc":{"Napisane przez":"admin","Szacowany czas czytania":"1 minuta"},"schema":{"@context":"https:\/\/schema.org","@graph":[{"@type":"Article","@id":"https:\/\/owitsosnowiec.pl\/?p=263#article","isPartOf":{"@id":"https:\/\/owitsosnowiec.pl\/?p=263"},"author":{"name":"admin","@id":"http:\/\/owitsosnowiec.pl\/#\/schema\/person\/a89842fe862e6af003c5d0d36d630c7c"},"headline":"08.10.2025 \u2013 Dzie\u0144 Seniora w ZUS B\u0119dzin","datePublished":"2025-10-09T15:04:00+00:00","dateModified":"2026-03-26T16:04:50+00:00","mainEntityOfPage":{"@id":"https:\/\/owitsosnowiec.pl\/?p=263"},"wordCount":181,"commentCount":0,"publisher":{"@id":"http:\/\/owitsosnowiec.pl\/#organization"},"inLanguage":"pl-PL","potentialAction":[{"@type":"CommentAction","name":"Comment","target":["https:\/\/owitsosnowiec.pl\/?p=263#respond"]}]},{"@type":"WebPage","@id":"https:\/\/owitsosnowiec.pl\/?p=263","url":"https:\/\/owitsosnowiec.pl\/?p=263","name":"08.10.2025 \u2013 Dzie\u0144 Seniora w ZUS B\u0119dzin - O\u015brodek Wsparcia i Test\u00f3w w Sosnowcu","isPartOf":{"@id":"http:\/\/owitsosnowiec.pl\/#website"},"datePublished":"2025-10-09T15:04:00+00:00","dateModified":"2026-03-26T16:04:50+00:00","breadcrumb":{"@id":"https:\/\/owitsosnowiec.pl\/?p=263#breadcrumb"},"inLanguage":"pl-PL","potentialAction":[{"@type":"ReadAction","target":["https:\/\/owitsosnowiec.pl\/?p=263"]}]},{"@type":"BreadcrumbList","@id":"https:\/\/owitsosnowiec.pl\/?p=263#breadcrumb","itemListElement":[{"@type":"ListItem","position":1,"name":"Home","item":"http:\/\/owitsosnowiec.pl\/"},{"@type":"ListItem","position":2,"name":"08.10.2025 \u2013 Dzie\u0144 Seniora w ZUS B\u0119dzin"}]},{"@type":"WebSite","@id":"http:\/\/owitsosnowiec.pl\/#website","url":"http:\/\/owitsosnowiec.pl\/","name":"O\u015brodek Wsparcia i Test\u00f3w w Sosnowcu","description":"","publisher":{"@id":"http:\/\/owitsosnowiec.pl\/#organization"},"potentialAction":[{"@type":"SearchAction","target":{"@type":"EntryPoint","urlTemplate":"http:\/\/owitsosnowiec.pl\/?s={search_term_string}"},"query-input":{"@type":"PropertyValueSpecification","valueRequired":true,"valueName":"search_term_string"}}],"inLanguage":"pl-PL"},{"@type":"Organization","@id":"http:\/\/owitsosnowiec.pl\/#organization","name":"O\u015brodek Wsparcia i Test\u00f3w w Sosnowcu","url":"http:\/\/owitsosnowiec.pl\/","logo":{"@type":"ImageObject","inLanguage":"pl-PL","@id":"http:\/\/owitsosnowiec.pl\/#\/schema\/logo\/image\/","url":"http:\/\/owitsosnowiec.pl\/wp-content\/uploads\/2026\/04\/Projekt-bez-nazwy.png","contentUrl":"http:\/\/owitsosnowiec.pl\/wp-content\/uploads\/2026\/04\/Projekt-bez-nazwy.png","width":2017,"height":733,"caption":"O\u015brodek Wsparcia i Test\u00f3w w Sosnowcu"},"image":{"@id":"http:\/\/owitsosnowiec.pl\/#\/schema\/logo\/image\/"}},{"@type":"Person","@id":"http:\/\/owitsosnowiec.pl\/#\/schema\/person\/a89842fe862e6af003c5d0d36d630c7c","name":"admin","image":{"@type":"ImageObject","inLanguage":"pl-PL","@id":"https:\/\/secure.gravatar.com\/avatar\/5e4944fe247161ff26b33b416ef5c794327c5dc77e48a59d6fa95ae7d24c4ed6?s=96&d=mm&r=g","url":"https:\/\/secure.gravatar.com\/avatar\/5e4944fe247161ff26b33b416ef5c794327c5dc77e48a59d6fa95ae7d24c4ed6?s=96&d=mm&r=g","contentUrl":"https:\/\/secure.gravatar.com\/avatar\/5e4944fe247161ff26b33b416ef5c794327c5dc77e48a59d6fa95ae7d24c4ed6?s=96&d=mm&r=g","caption":"admin"},"sameAs":["https:\/\/example.com"],"url":"http:\/\/owitsosnowiec.pl\/?author=1"}]}},"_links":{"self":[{"href":"http:\/\/owitsosnowiec.pl\/index.php?rest_route=\/wp\/v2\/posts\/263","targetHints":{"allow":["GET"]}}],"collection":[{"href":"http:\/\/owitsosnowiec.pl\/index.php?rest_route=\/wp\/v2\/posts"}],"about":[{"href":"http:\/\/owitsosnowiec.pl\/index.php?rest_route=\/wp\/v2\/types\/post"}],"author":[{"embeddable":true,"href":"http:\/\/owitsosnowiec.pl\/index.php?rest_route=\/wp\/v2\/users\/1"}],"replies":[{"embeddable":true,"href":"http:\/\/owitsosnowiec.pl\/index.php?rest_route=%2Fwp%2Fv2%2Fcomments&post=263"}],"version-history":[{"count":1,"href":"http:\/\/owitsosnowiec.pl\/index.php?rest_route=\/wp\/v2\/posts\/263\/revisions"}],"predecessor-version":[{"id":264,"href":"http:\/\/owitsosnowiec.pl\/index.php?rest_route=\/wp\/v2\/posts\/263\/revisions\/264"}],"wp:attachment":[{"href":"http:\/\/owitsosnowiec.pl\/index.php?rest_route=%2Fwp%2Fv2%2Fmedia&parent=263"}],"wp:term":[{"taxonomy":"category","embeddable":true,"href":"http:\/\/owitsosnowiec.pl\/index.php?rest_route=%2Fwp%2Fv2%2Fcategories&post=263"},{"taxonomy":"post_tag","embeddable":true,"href":"http:\/\/owitsosnowiec.pl\/index.php?rest_route=%2Fwp%2Fv2%2Ftags&post=263"}],"curies":[{"name":"wp","href":"https:\/\/api.w.org\/{rel}","templated":true}]}}