{"id":257,"date":"2025-11-25T17:01:49","date_gmt":"2025-11-25T16:01:49","guid":{"rendered":"http:\/\/owitsosnowiec.pl\/?p=257"},"modified":"2026-04-16T09:19:27","modified_gmt":"2026-04-16T07:19:27","slug":"24-11-2025-spotkanie-pfron-oddzial-slaski-prezentacja-technologii-wspierajacych-osoby-z-niepelnosprawnosciami","status":"publish","type":"post","link":"http:\/\/owitsosnowiec.pl\/?p=257","title":{"rendered":"24.11.2025 Spotkanie PFRON Oddzia\u0142 \u015al\u0105ski \u2013 prezentacja technologii wspieraj\u0105cych osoby z niepe\u0142nosprawno\u015bciami"},"content":{"rendered":"\n<p><strong>24 listopada 2025 r.<\/strong>&nbsp;w siedzibie&nbsp;<strong>PFRON Oddzia\u0142 \u015al\u0105ski<\/strong>&nbsp;odby\u0142o si\u0119 spotkanie z przedstawicielami samorz\u0105d\u00f3w powiatowych, podczas kt\u00f3rego omawiano aktualnie realizowane programy PFRON oraz plany na nadchodz\u0105cy rok. Spotkanie zgromadzi\u0142o ponad&nbsp;<strong>70 uczestnik\u00f3w<\/strong>&nbsp;\u2013 przedstawicieli samorz\u0105d\u00f3w, organizacji pozarz\u0105dowych oraz instytucji wspieraj\u0105cych osoby z niepe\u0142nosprawno\u015bciami.<\/p>\n\n\n\n<p>W trakcie wydarzenia&nbsp;<strong>O\u015brodek Wsparcia i Test\u00f3w w Sosnowcu<\/strong>&nbsp;mia\u0142 okazj\u0119 zaprezentowa\u0107&nbsp;<strong>nowoczesne technologie wspieraj\u0105ce osoby z niepe\u0142nosprawno\u015bci\u0105<\/strong>&nbsp;oraz ich praktyczne zastosowanie w edukacji, rehabilitacji i codziennym funkcjonowaniu. Uczestnicy mogli zapozna\u0107 si\u0119 z dzia\u0142aniem sprz\u0119tu i rozwi\u0105za\u0144 asystuj\u0105cych, a tak\u017ce wymieni\u0107 do\u015bwiadczenia i dobre praktyki, szczeg\u00f3lnie w ramach programu&nbsp;<strong>CIDON \u2013 Centrum Informacyjno-Doradczego dla Os\u00f3b z Niepe\u0142nosprawno\u015bci\u0105<\/strong>.<\/p>\n\n\n\n<p>Dodatkowo podczas spotkania zaprezentowano za\u0142o\u017cenia program\u00f3w&nbsp;<strong>\u201eAktywny Samorz\u0105d\u201d<\/strong>&nbsp;oraz&nbsp;<strong>\u201eZaj\u0119cia Klubowe w WTZ\u201d<\/strong>, co pozwoli\u0142o uczestnikom lepiej pozna\u0107 dost\u0119pne formy wsparcia i mo\u017cliwo\u015bci wsp\u00f3\u0142pracy z PFRON.<\/p>\n\n\n\n<p>Spotkanie pokaza\u0142o, jak wa\u017cna jest&nbsp;<strong>wsp\u00f3\u0142praca instytucji publicznych i organizacji pozarz\u0105dowych<\/strong>&nbsp;w realizacji program\u00f3w na rzecz os\u00f3b z niepe\u0142nosprawno\u015bciami, oraz jak technologia i nowoczesne rozwi\u0105zania mog\u0105 realnie wspiera\u0107 ich samodzielno\u015b\u0107 i codzienne \u017cycie.<\/p>\n\n\n\n<div class=\"wp-block-columns is-layout-flex wp-container-core-columns-is-layout-28f84493 wp-block-columns-is-layout-flex\">\n<div class=\"wp-block-column is-layout-flow wp-block-column-is-layout-flow\">\n<figure class=\"wp-block-image size-large\"><img fetchpriority=\"high\" decoding=\"async\" width=\"1024\" height=\"780\" src=\"https:\/\/owitsosnowiec.pl\/wp-content\/uploads\/2025\/11\/588645218_1433495085445509_71128244506698849_n-1024x780.jpg\" alt=\"\" class=\"wp-image-354\" srcset=\"http:\/\/owitsosnowiec.pl\/wp-content\/uploads\/2025\/11\/588645218_1433495085445509_71128244506698849_n-1024x780.jpg 1024w, http:\/\/owitsosnowiec.pl\/wp-content\/uploads\/2025\/11\/588645218_1433495085445509_71128244506698849_n-300x229.jpg 300w, http:\/\/owitsosnowiec.pl\/wp-content\/uploads\/2025\/11\/588645218_1433495085445509_71128244506698849_n-768x585.jpg 768w, http:\/\/owitsosnowiec.pl\/wp-content\/uploads\/2025\/11\/588645218_1433495085445509_71128244506698849_n-1536x1170.jpg 1536w, http:\/\/owitsosnowiec.pl\/wp-content\/uploads\/2025\/11\/588645218_1433495085445509_71128244506698849_n.jpg 1600w\" sizes=\"(max-width: 1024px) 100vw, 1024px\" \/><\/figure>\n<\/div>\n\n\n\n<div class=\"wp-block-column is-layout-flow wp-block-column-is-layout-flow\">\n<figure class=\"wp-block-image size-large\"><img decoding=\"async\" width=\"1024\" height=\"601\" src=\"https:\/\/owitsosnowiec.pl\/wp-content\/uploads\/2025\/11\/590772210_1433494685445549_2918194461869888159_n-1024x601.jpg\" alt=\"\" class=\"wp-image-355\" srcset=\"http:\/\/owitsosnowiec.pl\/wp-content\/uploads\/2025\/11\/590772210_1433494685445549_2918194461869888159_n-1024x601.jpg 1024w, http:\/\/owitsosnowiec.pl\/wp-content\/uploads\/2025\/11\/590772210_1433494685445549_2918194461869888159_n-300x176.jpg 300w, http:\/\/owitsosnowiec.pl\/wp-content\/uploads\/2025\/11\/590772210_1433494685445549_2918194461869888159_n-768x451.jpg 768w, http:\/\/owitsosnowiec.pl\/wp-content\/uploads\/2025\/11\/590772210_1433494685445549_2918194461869888159_n.jpg 1170w\" sizes=\"(max-width: 1024px) 100vw, 1024px\" \/><\/figure>\n<\/div>\n<\/div>\n","protected":false},"excerpt":{"rendered":"<p>24 listopada 2025 r.&nbsp;w siedzibie&nbsp;PFRON Oddzia\u0142 \u015al\u0105ski&nbsp;odby\u0142o si\u0119 spotkanie z przedstawicielami samorz\u0105d\u00f3w powiatowych, podczas kt\u00f3rego omawiano aktualnie realizowane programy PFRON oraz plany na nadchodz\u0105cy rok. Spotkanie zgromadzi\u0142o ponad&nbsp;70 uczestnik\u00f3w&nbsp;\u2013 przedstawicieli samorz\u0105d\u00f3w, organizacji pozarz\u0105dowych oraz instytucji wspieraj\u0105cych osoby z niepe\u0142nosprawno\u015bciami. W trakcie wydarzenia&nbsp;O\u015brodek Wsparcia i Test\u00f3w w Sosnowcu&nbsp;mia\u0142 okazj\u0119 zaprezentowa\u0107&nbsp;nowoczesne technologie [&hellip;]<\/p>\n","protected":false},"author":1,"featured_media":354,"comment_status":"open","ping_status":"open","sticky":false,"template":"","format":"standard","meta":{"footnotes":""},"categories":[1],"tags":[],"class_list":["post-257","post","type-post","status-publish","format-standard","has-post-thumbnail","hentry","category-bez-kategorii"],"yoast_head":"<!-- This site is optimized with the Yoast SEO plugin v27.2 - https:\/\/yoast.com\/product\/yoast-seo-wordpress\/ -->\n<title>24.11.2025 Spotkanie PFRON Oddzia\u0142 \u015al\u0105ski \u2013 prezentacja technologii wspieraj\u0105cych osoby z niepe\u0142nosprawno\u015bciami - O\u015brodek Wsparcia i Test\u00f3w w Sosnowcu<\/title>\n<meta name=\"robots\" content=\"index, follow, max-snippet:-1, max-image-preview:large, max-video-preview:-1\" \/>\n<link rel=\"canonical\" href=\"https:\/\/owitsosnowiec.pl\/?p=257\" \/>\n<meta property=\"og:locale\" content=\"pl_PL\" \/>\n<meta property=\"og:type\" content=\"article\" \/>\n<meta property=\"og:title\" content=\"24.11.2025 Spotkanie PFRON Oddzia\u0142 \u015al\u0105ski \u2013 prezentacja technologii wspieraj\u0105cych osoby z niepe\u0142nosprawno\u015bciami - O\u015brodek Wsparcia i Test\u00f3w w Sosnowcu\" \/>\n<meta property=\"og:description\" content=\"24 listopada 2025 r.&nbsp;w siedzibie&nbsp;PFRON Oddzia\u0142 \u015al\u0105ski&nbsp;odby\u0142o si\u0119 spotkanie z przedstawicielami samorz\u0105d\u00f3w powiatowych, podczas kt\u00f3rego omawiano aktualnie realizowane programy PFRON oraz plany na nadchodz\u0105cy rok. Spotkanie zgromadzi\u0142o ponad&nbsp;70 uczestnik\u00f3w&nbsp;\u2013 przedstawicieli samorz\u0105d\u00f3w, organizacji pozarz\u0105dowych oraz instytucji wspieraj\u0105cych osoby z niepe\u0142nosprawno\u015bciami. W trakcie wydarzenia&nbsp;O\u015brodek Wsparcia i Test\u00f3w w Sosnowcu&nbsp;mia\u0142 okazj\u0119 zaprezentowa\u0107&nbsp;nowoczesne technologie [&hellip;]\" \/>\n<meta property=\"og:url\" content=\"https:\/\/owitsosnowiec.pl\/?p=257\" \/>\n<meta property=\"og:site_name\" content=\"O\u015brodek Wsparcia i Test\u00f3w w Sosnowcu\" \/>\n<meta property=\"article:published_time\" content=\"2025-11-25T16:01:49+00:00\" \/>\n<meta property=\"article:modified_time\" content=\"2026-04-16T07:19:27+00:00\" \/>\n<meta property=\"og:image\" content=\"http:\/\/owitsosnowiec.pl\/wp-content\/uploads\/2025\/11\/588645218_1433495085445509_71128244506698849_n.jpg\" \/>\n\t<meta property=\"og:image:width\" content=\"1600\" \/>\n\t<meta property=\"og:image:height\" content=\"1219\" \/>\n\t<meta property=\"og:image:type\" content=\"image\/jpeg\" \/>\n<meta name=\"author\" content=\"admin\" \/>\n<meta name=\"twitter:card\" content=\"summary_large_image\" \/>\n<meta name=\"twitter:label1\" content=\"Napisane przez\" \/>\n\t<meta name=\"twitter:data1\" content=\"admin\" \/>\n\t<meta name=\"twitter:label2\" content=\"Szacowany czas czytania\" \/>\n\t<meta name=\"twitter:data2\" content=\"2 minuty\" \/>\n<script type=\"application\/ld+json\" class=\"yoast-schema-graph\">{\"@context\":\"https:\/\/schema.org\",\"@graph\":[{\"@type\":\"Article\",\"@id\":\"https:\/\/owitsosnowiec.pl\/?p=257#article\",\"isPartOf\":{\"@id\":\"https:\/\/owitsosnowiec.pl\/?p=257\"},\"author\":{\"name\":\"admin\",\"@id\":\"http:\/\/owitsosnowiec.pl\/#\/schema\/person\/a89842fe862e6af003c5d0d36d630c7c\"},\"headline\":\"24.11.2025 Spotkanie PFRON Oddzia\u0142 \u015al\u0105ski \u2013 prezentacja technologii wspieraj\u0105cych osoby z niepe\u0142nosprawno\u015bciami\",\"datePublished\":\"2025-11-25T16:01:49+00:00\",\"dateModified\":\"2026-04-16T07:19:27+00:00\",\"mainEntityOfPage\":{\"@id\":\"https:\/\/owitsosnowiec.pl\/?p=257\"},\"wordCount\":232,\"commentCount\":0,\"publisher\":{\"@id\":\"http:\/\/owitsosnowiec.pl\/#organization\"},\"image\":{\"@id\":\"https:\/\/owitsosnowiec.pl\/?p=257#primaryimage\"},\"thumbnailUrl\":\"http:\/\/owitsosnowiec.pl\/wp-content\/uploads\/2025\/11\/588645218_1433495085445509_71128244506698849_n.jpg\",\"inLanguage\":\"pl-PL\",\"potentialAction\":[{\"@type\":\"CommentAction\",\"name\":\"Comment\",\"target\":[\"https:\/\/owitsosnowiec.pl\/?p=257#respond\"]}]},{\"@type\":\"WebPage\",\"@id\":\"https:\/\/owitsosnowiec.pl\/?p=257\",\"url\":\"https:\/\/owitsosnowiec.pl\/?p=257\",\"name\":\"24.11.2025 Spotkanie PFRON Oddzia\u0142 \u015al\u0105ski \u2013 prezentacja technologii wspieraj\u0105cych osoby z niepe\u0142nosprawno\u015bciami - O\u015brodek Wsparcia i Test\u00f3w w Sosnowcu\",\"isPartOf\":{\"@id\":\"http:\/\/owitsosnowiec.pl\/#website\"},\"primaryImageOfPage\":{\"@id\":\"https:\/\/owitsosnowiec.pl\/?p=257#primaryimage\"},\"image\":{\"@id\":\"https:\/\/owitsosnowiec.pl\/?p=257#primaryimage\"},\"thumbnailUrl\":\"http:\/\/owitsosnowiec.pl\/wp-content\/uploads\/2025\/11\/588645218_1433495085445509_71128244506698849_n.jpg\",\"datePublished\":\"2025-11-25T16:01:49+00:00\",\"dateModified\":\"2026-04-16T07:19:27+00:00\",\"breadcrumb\":{\"@id\":\"https:\/\/owitsosnowiec.pl\/?p=257#breadcrumb\"},\"inLanguage\":\"pl-PL\",\"potentialAction\":[{\"@type\":\"ReadAction\",\"target\":[\"https:\/\/owitsosnowiec.pl\/?p=257\"]}]},{\"@type\":\"ImageObject\",\"inLanguage\":\"pl-PL\",\"@id\":\"https:\/\/owitsosnowiec.pl\/?p=257#primaryimage\",\"url\":\"http:\/\/owitsosnowiec.pl\/wp-content\/uploads\/2025\/11\/588645218_1433495085445509_71128244506698849_n.jpg\",\"contentUrl\":\"http:\/\/owitsosnowiec.pl\/wp-content\/uploads\/2025\/11\/588645218_1433495085445509_71128244506698849_n.jpg\",\"width\":1600,\"height\":1219},{\"@type\":\"BreadcrumbList\",\"@id\":\"https:\/\/owitsosnowiec.pl\/?p=257#breadcrumb\",\"itemListElement\":[{\"@type\":\"ListItem\",\"position\":1,\"name\":\"Home\",\"item\":\"http:\/\/owitsosnowiec.pl\/\"},{\"@type\":\"ListItem\",\"position\":2,\"name\":\"24.11.2025 Spotkanie PFRON Oddzia\u0142 \u015al\u0105ski \u2013 prezentacja technologii wspieraj\u0105cych osoby z niepe\u0142nosprawno\u015bciami\"}]},{\"@type\":\"WebSite\",\"@id\":\"http:\/\/owitsosnowiec.pl\/#website\",\"url\":\"http:\/\/owitsosnowiec.pl\/\",\"name\":\"O\u015brodek Wsparcia i Test\u00f3w w Sosnowcu\",\"description\":\"\",\"publisher\":{\"@id\":\"http:\/\/owitsosnowiec.pl\/#organization\"},\"potentialAction\":[{\"@type\":\"SearchAction\",\"target\":{\"@type\":\"EntryPoint\",\"urlTemplate\":\"http:\/\/owitsosnowiec.pl\/?s={search_term_string}\"},\"query-input\":{\"@type\":\"PropertyValueSpecification\",\"valueRequired\":true,\"valueName\":\"search_term_string\"}}],\"inLanguage\":\"pl-PL\"},{\"@type\":\"Organization\",\"@id\":\"http:\/\/owitsosnowiec.pl\/#organization\",\"name\":\"O\u015brodek Wsparcia i Test\u00f3w w Sosnowcu\",\"url\":\"http:\/\/owitsosnowiec.pl\/\",\"logo\":{\"@type\":\"ImageObject\",\"inLanguage\":\"pl-PL\",\"@id\":\"http:\/\/owitsosnowiec.pl\/#\/schema\/logo\/image\/\",\"url\":\"http:\/\/owitsosnowiec.pl\/wp-content\/uploads\/2026\/04\/Projekt-bez-nazwy.png\",\"contentUrl\":\"http:\/\/owitsosnowiec.pl\/wp-content\/uploads\/2026\/04\/Projekt-bez-nazwy.png\",\"width\":2017,\"height\":733,\"caption\":\"O\u015brodek Wsparcia i Test\u00f3w w Sosnowcu\"},\"image\":{\"@id\":\"http:\/\/owitsosnowiec.pl\/#\/schema\/logo\/image\/\"}},{\"@type\":\"Person\",\"@id\":\"http:\/\/owitsosnowiec.pl\/#\/schema\/person\/a89842fe862e6af003c5d0d36d630c7c\",\"name\":\"admin\",\"image\":{\"@type\":\"ImageObject\",\"inLanguage\":\"pl-PL\",\"@id\":\"https:\/\/secure.gravatar.com\/avatar\/5e4944fe247161ff26b33b416ef5c794327c5dc77e48a59d6fa95ae7d24c4ed6?s=96&d=mm&r=g\",\"url\":\"https:\/\/secure.gravatar.com\/avatar\/5e4944fe247161ff26b33b416ef5c794327c5dc77e48a59d6fa95ae7d24c4ed6?s=96&d=mm&r=g\",\"contentUrl\":\"https:\/\/secure.gravatar.com\/avatar\/5e4944fe247161ff26b33b416ef5c794327c5dc77e48a59d6fa95ae7d24c4ed6?s=96&d=mm&r=g\",\"caption\":\"admin\"},\"sameAs\":[\"https:\/\/example.com\"],\"url\":\"http:\/\/owitsosnowiec.pl\/?author=1\"}]}<\/script>\n<!-- \/ Yoast SEO plugin. -->","yoast_head_json":{"title":"24.11.2025 Spotkanie PFRON Oddzia\u0142 \u015al\u0105ski \u2013 prezentacja technologii wspieraj\u0105cych osoby z niepe\u0142nosprawno\u015bciami - O\u015brodek Wsparcia i Test\u00f3w w Sosnowcu","robots":{"index":"index","follow":"follow","max-snippet":"max-snippet:-1","max-image-preview":"max-image-preview:large","max-video-preview":"max-video-preview:-1"},"canonical":"https:\/\/owitsosnowiec.pl\/?p=257","og_locale":"pl_PL","og_type":"article","og_title":"24.11.2025 Spotkanie PFRON Oddzia\u0142 \u015al\u0105ski \u2013 prezentacja technologii wspieraj\u0105cych osoby z niepe\u0142nosprawno\u015bciami - O\u015brodek Wsparcia i Test\u00f3w w Sosnowcu","og_description":"24 listopada 2025 r.&nbsp;w siedzibie&nbsp;PFRON Oddzia\u0142 \u015al\u0105ski&nbsp;odby\u0142o si\u0119 spotkanie z przedstawicielami samorz\u0105d\u00f3w powiatowych, podczas kt\u00f3rego omawiano aktualnie realizowane programy PFRON oraz plany na nadchodz\u0105cy rok. Spotkanie zgromadzi\u0142o ponad&nbsp;70 uczestnik\u00f3w&nbsp;\u2013 przedstawicieli samorz\u0105d\u00f3w, organizacji pozarz\u0105dowych oraz instytucji wspieraj\u0105cych osoby z niepe\u0142nosprawno\u015bciami. W trakcie wydarzenia&nbsp;O\u015brodek Wsparcia i Test\u00f3w w Sosnowcu&nbsp;mia\u0142 okazj\u0119 zaprezentowa\u0107&nbsp;nowoczesne technologie [&hellip;]","og_url":"https:\/\/owitsosnowiec.pl\/?p=257","og_site_name":"O\u015brodek Wsparcia i Test\u00f3w w Sosnowcu","article_published_time":"2025-11-25T16:01:49+00:00","article_modified_time":"2026-04-16T07:19:27+00:00","og_image":[{"width":1600,"height":1219,"url":"http:\/\/owitsosnowiec.pl\/wp-content\/uploads\/2025\/11\/588645218_1433495085445509_71128244506698849_n.jpg","type":"image\/jpeg"}],"author":"admin","twitter_card":"summary_large_image","twitter_misc":{"Napisane przez":"admin","Szacowany czas czytania":"2 minuty"},"schema":{"@context":"https:\/\/schema.org","@graph":[{"@type":"Article","@id":"https:\/\/owitsosnowiec.pl\/?p=257#article","isPartOf":{"@id":"https:\/\/owitsosnowiec.pl\/?p=257"},"author":{"name":"admin","@id":"http:\/\/owitsosnowiec.pl\/#\/schema\/person\/a89842fe862e6af003c5d0d36d630c7c"},"headline":"24.11.2025 Spotkanie PFRON Oddzia\u0142 \u015al\u0105ski \u2013 prezentacja technologii wspieraj\u0105cych osoby z niepe\u0142nosprawno\u015bciami","datePublished":"2025-11-25T16:01:49+00:00","dateModified":"2026-04-16T07:19:27+00:00","mainEntityOfPage":{"@id":"https:\/\/owitsosnowiec.pl\/?p=257"},"wordCount":232,"commentCount":0,"publisher":{"@id":"http:\/\/owitsosnowiec.pl\/#organization"},"image":{"@id":"https:\/\/owitsosnowiec.pl\/?p=257#primaryimage"},"thumbnailUrl":"http:\/\/owitsosnowiec.pl\/wp-content\/uploads\/2025\/11\/588645218_1433495085445509_71128244506698849_n.jpg","inLanguage":"pl-PL","potentialAction":[{"@type":"CommentAction","name":"Comment","target":["https:\/\/owitsosnowiec.pl\/?p=257#respond"]}]},{"@type":"WebPage","@id":"https:\/\/owitsosnowiec.pl\/?p=257","url":"https:\/\/owitsosnowiec.pl\/?p=257","name":"24.11.2025 Spotkanie PFRON Oddzia\u0142 \u015al\u0105ski \u2013 prezentacja technologii wspieraj\u0105cych osoby z niepe\u0142nosprawno\u015bciami - O\u015brodek Wsparcia i Test\u00f3w w Sosnowcu","isPartOf":{"@id":"http:\/\/owitsosnowiec.pl\/#website"},"primaryImageOfPage":{"@id":"https:\/\/owitsosnowiec.pl\/?p=257#primaryimage"},"image":{"@id":"https:\/\/owitsosnowiec.pl\/?p=257#primaryimage"},"thumbnailUrl":"http:\/\/owitsosnowiec.pl\/wp-content\/uploads\/2025\/11\/588645218_1433495085445509_71128244506698849_n.jpg","datePublished":"2025-11-25T16:01:49+00:00","dateModified":"2026-04-16T07:19:27+00:00","breadcrumb":{"@id":"https:\/\/owitsosnowiec.pl\/?p=257#breadcrumb"},"inLanguage":"pl-PL","potentialAction":[{"@type":"ReadAction","target":["https:\/\/owitsosnowiec.pl\/?p=257"]}]},{"@type":"ImageObject","inLanguage":"pl-PL","@id":"https:\/\/owitsosnowiec.pl\/?p=257#primaryimage","url":"http:\/\/owitsosnowiec.pl\/wp-content\/uploads\/2025\/11\/588645218_1433495085445509_71128244506698849_n.jpg","contentUrl":"http:\/\/owitsosnowiec.pl\/wp-content\/uploads\/2025\/11\/588645218_1433495085445509_71128244506698849_n.jpg","width":1600,"height":1219},{"@type":"BreadcrumbList","@id":"https:\/\/owitsosnowiec.pl\/?p=257#breadcrumb","itemListElement":[{"@type":"ListItem","position":1,"name":"Home","item":"http:\/\/owitsosnowiec.pl\/"},{"@type":"ListItem","position":2,"name":"24.11.2025 Spotkanie PFRON Oddzia\u0142 \u015al\u0105ski \u2013 prezentacja technologii wspieraj\u0105cych osoby z niepe\u0142nosprawno\u015bciami"}]},{"@type":"WebSite","@id":"http:\/\/owitsosnowiec.pl\/#website","url":"http:\/\/owitsosnowiec.pl\/","name":"O\u015brodek Wsparcia i Test\u00f3w w Sosnowcu","description":"","publisher":{"@id":"http:\/\/owitsosnowiec.pl\/#organization"},"potentialAction":[{"@type":"SearchAction","target":{"@type":"EntryPoint","urlTemplate":"http:\/\/owitsosnowiec.pl\/?s={search_term_string}"},"query-input":{"@type":"PropertyValueSpecification","valueRequired":true,"valueName":"search_term_string"}}],"inLanguage":"pl-PL"},{"@type":"Organization","@id":"http:\/\/owitsosnowiec.pl\/#organization","name":"O\u015brodek Wsparcia i Test\u00f3w w Sosnowcu","url":"http:\/\/owitsosnowiec.pl\/","logo":{"@type":"ImageObject","inLanguage":"pl-PL","@id":"http:\/\/owitsosnowiec.pl\/#\/schema\/logo\/image\/","url":"http:\/\/owitsosnowiec.pl\/wp-content\/uploads\/2026\/04\/Projekt-bez-nazwy.png","contentUrl":"http:\/\/owitsosnowiec.pl\/wp-content\/uploads\/2026\/04\/Projekt-bez-nazwy.png","width":2017,"height":733,"caption":"O\u015brodek Wsparcia i Test\u00f3w w Sosnowcu"},"image":{"@id":"http:\/\/owitsosnowiec.pl\/#\/schema\/logo\/image\/"}},{"@type":"Person","@id":"http:\/\/owitsosnowiec.pl\/#\/schema\/person\/a89842fe862e6af003c5d0d36d630c7c","name":"admin","image":{"@type":"ImageObject","inLanguage":"pl-PL","@id":"https:\/\/secure.gravatar.com\/avatar\/5e4944fe247161ff26b33b416ef5c794327c5dc77e48a59d6fa95ae7d24c4ed6?s=96&d=mm&r=g","url":"https:\/\/secure.gravatar.com\/avatar\/5e4944fe247161ff26b33b416ef5c794327c5dc77e48a59d6fa95ae7d24c4ed6?s=96&d=mm&r=g","contentUrl":"https:\/\/secure.gravatar.com\/avatar\/5e4944fe247161ff26b33b416ef5c794327c5dc77e48a59d6fa95ae7d24c4ed6?s=96&d=mm&r=g","caption":"admin"},"sameAs":["https:\/\/example.com"],"url":"http:\/\/owitsosnowiec.pl\/?author=1"}]}},"_links":{"self":[{"href":"http:\/\/owitsosnowiec.pl\/index.php?rest_route=\/wp\/v2\/posts\/257","targetHints":{"allow":["GET"]}}],"collection":[{"href":"http:\/\/owitsosnowiec.pl\/index.php?rest_route=\/wp\/v2\/posts"}],"about":[{"href":"http:\/\/owitsosnowiec.pl\/index.php?rest_route=\/wp\/v2\/types\/post"}],"author":[{"embeddable":true,"href":"http:\/\/owitsosnowiec.pl\/index.php?rest_route=\/wp\/v2\/users\/1"}],"replies":[{"embeddable":true,"href":"http:\/\/owitsosnowiec.pl\/index.php?rest_route=%2Fwp%2Fv2%2Fcomments&post=257"}],"version-history":[{"count":2,"href":"http:\/\/owitsosnowiec.pl\/index.php?rest_route=\/wp\/v2\/posts\/257\/revisions"}],"predecessor-version":[{"id":356,"href":"http:\/\/owitsosnowiec.pl\/index.php?rest_route=\/wp\/v2\/posts\/257\/revisions\/356"}],"wp:featuredmedia":[{"embeddable":true,"href":"http:\/\/owitsosnowiec.pl\/index.php?rest_route=\/wp\/v2\/media\/354"}],"wp:attachment":[{"href":"http:\/\/owitsosnowiec.pl\/index.php?rest_route=%2Fwp%2Fv2%2Fmedia&parent=257"}],"wp:term":[{"taxonomy":"category","embeddable":true,"href":"http:\/\/owitsosnowiec.pl\/index.php?rest_route=%2Fwp%2Fv2%2Fcategories&post=257"},{"taxonomy":"post_tag","embeddable":true,"href":"http:\/\/owitsosnowiec.pl\/index.php?rest_route=%2Fwp%2Fv2%2Ftags&post=257"}],"curies":[{"name":"wp","href":"https:\/\/api.w.org\/{rel}","templated":true}]}}