{"id":255,"date":"2025-12-02T17:00:43","date_gmt":"2025-12-02T16:00:43","guid":{"rendered":"http:\/\/owitsosnowiec.pl\/?p=255"},"modified":"2026-04-16T09:17:33","modified_gmt":"2026-04-16T07:17:33","slug":"1-12-2025-spotkanie-w-pfron-oddzial-slaski-rozmowy-o-programie-wyrownywanie-roznic-miedzy-regionami-iii","status":"publish","type":"post","link":"http:\/\/owitsosnowiec.pl\/?p=255","title":{"rendered":"1.12.2025 Spotkanie w PFRON Oddzia\u0142 \u015al\u0105ski \u2013 rozmowy o programie \u201eWyr\u00f3wnywanie r\u00f3\u017cnic mi\u0119dzy regionami III\u201d"},"content":{"rendered":"\n<p><strong>1 grudnia 2025 r.<\/strong>&nbsp;w siedzibie&nbsp;<strong>PFRON Oddzia\u0142 \u015al\u0105ski<\/strong>&nbsp;odby\u0142o si\u0119 spotkanie z udzia\u0142em przedstawicieli samorz\u0105d\u00f3w powiatowych realizuj\u0105cych&nbsp;<strong>\u201eProgram wyr\u00f3wnywania r\u00f3\u017cnic mi\u0119dzy regionami III\u201d<\/strong>. Spotkanie po\u015bwi\u0119cone by\u0142o om\u00f3wieniu aktualnych oraz planowanych dzia\u0142a\u0144 programu, w tym zmian w uchwale oraz nowych kierunk\u00f3w i warunk\u00f3w brzegowych na rok&nbsp;<strong>2026<\/strong>.<\/p>\n\n\n\n<p>W trakcie rozm\u00f3w szczeg\u00f3ln\u0105 uwag\u0119 po\u015bwi\u0119cono znaczeniu wsp\u00f3\u0142pracy instytucjonalnej w realizacji dzia\u0142a\u0144 na rzecz os\u00f3b z niepe\u0142nosprawno\u015bciami. Podkre\u015blono rol\u0119&nbsp;<strong>Centr\u00f3w Informacyjno-Doradczych dla Os\u00f3b z Niepe\u0142nosprawno\u015bci\u0105 (CIDON)<\/strong>&nbsp;jako istotnego elementu systemu wsparcia, a tak\u017ce znaczenie&nbsp;<strong>O\u015brodka Wsparcia i Test\u00f3w (OWiT) w Sosnowcu<\/strong>, kt\u00f3ry realnie wspiera dost\u0119pno\u015b\u0107 oraz rozw\u00f3j i upowszechnianie technologii asystuj\u0105cych.<\/p>\n\n\n\n<p>Spotkanie by\u0142o r\u00f3wnie\u017c okazj\u0105 do wymiany do\u015bwiadcze\u0144 pomi\u0119dzy przedstawicielami samorz\u0105d\u00f3w i instytucji zaanga\u017cowanych w realizacj\u0119 programu. Wsp\u00f3lna rozmowa i planowanie kolejnych dzia\u0142a\u0144 potwierdzi\u0142y, jak du\u017ca si\u0142a tkwi we wsp\u00f3\u0142pracy oraz jak istotna jest koordynacja dzia\u0142a\u0144 na poziomie regionalnym i lokalnym.<\/p>\n\n\n\n<div class=\"wp-block-columns is-layout-flex wp-container-core-columns-is-layout-28f84493 wp-block-columns-is-layout-flex\">\n<div class=\"wp-block-column is-layout-flow wp-block-column-is-layout-flow\">\n<figure class=\"wp-block-image size-large\"><img fetchpriority=\"high\" decoding=\"async\" width=\"1024\" height=\"600\" src=\"https:\/\/owitsosnowiec.pl\/wp-content\/uploads\/2025\/12\/593141031_1438096668318684_535660135690011422_n-1024x600.jpg\" alt=\"\" class=\"wp-image-351\" srcset=\"http:\/\/owitsosnowiec.pl\/wp-content\/uploads\/2025\/12\/593141031_1438096668318684_535660135690011422_n-1024x600.jpg 1024w, http:\/\/owitsosnowiec.pl\/wp-content\/uploads\/2025\/12\/593141031_1438096668318684_535660135690011422_n-300x176.jpg 300w, http:\/\/owitsosnowiec.pl\/wp-content\/uploads\/2025\/12\/593141031_1438096668318684_535660135690011422_n-768x450.jpg 768w, http:\/\/owitsosnowiec.pl\/wp-content\/uploads\/2025\/12\/593141031_1438096668318684_535660135690011422_n-1536x900.jpg 1536w, http:\/\/owitsosnowiec.pl\/wp-content\/uploads\/2025\/12\/593141031_1438096668318684_535660135690011422_n.jpg 1600w\" sizes=\"(max-width: 1024px) 100vw, 1024px\" \/><\/figure>\n<\/div>\n\n\n\n<div class=\"wp-block-column is-layout-flow wp-block-column-is-layout-flow\">\n<figure class=\"wp-block-image size-large\"><img decoding=\"async\" width=\"1024\" height=\"768\" src=\"https:\/\/owitsosnowiec.pl\/wp-content\/uploads\/2025\/12\/594569190_1438096604985357_8398378286904900391_n-1024x768.jpg\" alt=\"\" class=\"wp-image-352\" srcset=\"http:\/\/owitsosnowiec.pl\/wp-content\/uploads\/2025\/12\/594569190_1438096604985357_8398378286904900391_n-1024x768.jpg 1024w, http:\/\/owitsosnowiec.pl\/wp-content\/uploads\/2025\/12\/594569190_1438096604985357_8398378286904900391_n-300x225.jpg 300w, http:\/\/owitsosnowiec.pl\/wp-content\/uploads\/2025\/12\/594569190_1438096604985357_8398378286904900391_n-768x576.jpg 768w, http:\/\/owitsosnowiec.pl\/wp-content\/uploads\/2025\/12\/594569190_1438096604985357_8398378286904900391_n-1536x1152.jpg 1536w, http:\/\/owitsosnowiec.pl\/wp-content\/uploads\/2025\/12\/594569190_1438096604985357_8398378286904900391_n.jpg 1600w\" sizes=\"(max-width: 1024px) 100vw, 1024px\" \/><\/figure>\n<\/div>\n<\/div>\n","protected":false},"excerpt":{"rendered":"<p>1 grudnia 2025 r.&nbsp;w siedzibie&nbsp;PFRON Oddzia\u0142 \u015al\u0105ski&nbsp;odby\u0142o si\u0119 spotkanie z udzia\u0142em przedstawicieli samorz\u0105d\u00f3w powiatowych realizuj\u0105cych&nbsp;\u201eProgram wyr\u00f3wnywania r\u00f3\u017cnic mi\u0119dzy regionami III\u201d. Spotkanie po\u015bwi\u0119cone by\u0142o om\u00f3wieniu aktualnych oraz planowanych dzia\u0142a\u0144 programu, w tym zmian w uchwale oraz nowych kierunk\u00f3w i warunk\u00f3w brzegowych na rok&nbsp;2026. W trakcie rozm\u00f3w szczeg\u00f3ln\u0105 uwag\u0119 po\u015bwi\u0119cono znaczeniu wsp\u00f3\u0142pracy [&hellip;]<\/p>\n","protected":false},"author":1,"featured_media":351,"comment_status":"open","ping_status":"open","sticky":false,"template":"","format":"standard","meta":{"footnotes":""},"categories":[1],"tags":[],"class_list":["post-255","post","type-post","status-publish","format-standard","has-post-thumbnail","hentry","category-bez-kategorii"],"yoast_head":"<!-- This site is optimized with the Yoast SEO plugin v27.2 - https:\/\/yoast.com\/product\/yoast-seo-wordpress\/ -->\n<title>1.12.2025 Spotkanie w PFRON Oddzia\u0142 \u015al\u0105ski \u2013 rozmowy o programie \u201eWyr\u00f3wnywanie r\u00f3\u017cnic mi\u0119dzy regionami III\u201d - O\u015brodek Wsparcia i Test\u00f3w w Sosnowcu<\/title>\n<meta name=\"robots\" content=\"index, follow, max-snippet:-1, max-image-preview:large, max-video-preview:-1\" \/>\n<link rel=\"canonical\" href=\"https:\/\/owitsosnowiec.pl\/?p=255\" \/>\n<meta property=\"og:locale\" content=\"pl_PL\" \/>\n<meta property=\"og:type\" content=\"article\" \/>\n<meta property=\"og:title\" content=\"1.12.2025 Spotkanie w PFRON Oddzia\u0142 \u015al\u0105ski \u2013 rozmowy o programie \u201eWyr\u00f3wnywanie r\u00f3\u017cnic mi\u0119dzy regionami III\u201d - O\u015brodek Wsparcia i Test\u00f3w w Sosnowcu\" \/>\n<meta property=\"og:description\" content=\"1 grudnia 2025 r.&nbsp;w siedzibie&nbsp;PFRON Oddzia\u0142 \u015al\u0105ski&nbsp;odby\u0142o si\u0119 spotkanie z udzia\u0142em przedstawicieli samorz\u0105d\u00f3w powiatowych realizuj\u0105cych&nbsp;\u201eProgram wyr\u00f3wnywania r\u00f3\u017cnic mi\u0119dzy regionami III\u201d. Spotkanie po\u015bwi\u0119cone by\u0142o om\u00f3wieniu aktualnych oraz planowanych dzia\u0142a\u0144 programu, w tym zmian w uchwale oraz nowych kierunk\u00f3w i warunk\u00f3w brzegowych na rok&nbsp;2026. W trakcie rozm\u00f3w szczeg\u00f3ln\u0105 uwag\u0119 po\u015bwi\u0119cono znaczeniu wsp\u00f3\u0142pracy [&hellip;]\" \/>\n<meta property=\"og:url\" content=\"https:\/\/owitsosnowiec.pl\/?p=255\" \/>\n<meta property=\"og:site_name\" content=\"O\u015brodek Wsparcia i Test\u00f3w w Sosnowcu\" \/>\n<meta property=\"article:published_time\" content=\"2025-12-02T16:00:43+00:00\" \/>\n<meta property=\"article:modified_time\" content=\"2026-04-16T07:17:33+00:00\" \/>\n<meta property=\"og:image\" content=\"http:\/\/owitsosnowiec.pl\/wp-content\/uploads\/2025\/12\/593141031_1438096668318684_535660135690011422_n.jpg\" \/>\n\t<meta property=\"og:image:width\" content=\"1600\" \/>\n\t<meta property=\"og:image:height\" content=\"938\" \/>\n\t<meta property=\"og:image:type\" content=\"image\/jpeg\" \/>\n<meta name=\"author\" content=\"admin\" \/>\n<meta name=\"twitter:card\" content=\"summary_large_image\" \/>\n<meta name=\"twitter:label1\" content=\"Napisane przez\" \/>\n\t<meta name=\"twitter:data1\" content=\"admin\" \/>\n\t<meta name=\"twitter:label2\" content=\"Szacowany czas czytania\" \/>\n\t<meta name=\"twitter:data2\" content=\"2 minuty\" \/>\n<script type=\"application\/ld+json\" class=\"yoast-schema-graph\">{\"@context\":\"https:\/\/schema.org\",\"@graph\":[{\"@type\":\"Article\",\"@id\":\"https:\/\/owitsosnowiec.pl\/?p=255#article\",\"isPartOf\":{\"@id\":\"https:\/\/owitsosnowiec.pl\/?p=255\"},\"author\":{\"name\":\"admin\",\"@id\":\"http:\/\/owitsosnowiec.pl\/#\/schema\/person\/a89842fe862e6af003c5d0d36d630c7c\"},\"headline\":\"1.12.2025 Spotkanie w PFRON Oddzia\u0142 \u015al\u0105ski \u2013 rozmowy o programie \u201eWyr\u00f3wnywanie r\u00f3\u017cnic mi\u0119dzy regionami III\u201d\",\"datePublished\":\"2025-12-02T16:00:43+00:00\",\"dateModified\":\"2026-04-16T07:17:33+00:00\",\"mainEntityOfPage\":{\"@id\":\"https:\/\/owitsosnowiec.pl\/?p=255\"},\"wordCount\":211,\"commentCount\":0,\"publisher\":{\"@id\":\"http:\/\/owitsosnowiec.pl\/#organization\"},\"image\":{\"@id\":\"https:\/\/owitsosnowiec.pl\/?p=255#primaryimage\"},\"thumbnailUrl\":\"http:\/\/owitsosnowiec.pl\/wp-content\/uploads\/2025\/12\/593141031_1438096668318684_535660135690011422_n.jpg\",\"inLanguage\":\"pl-PL\",\"potentialAction\":[{\"@type\":\"CommentAction\",\"name\":\"Comment\",\"target\":[\"https:\/\/owitsosnowiec.pl\/?p=255#respond\"]}]},{\"@type\":\"WebPage\",\"@id\":\"https:\/\/owitsosnowiec.pl\/?p=255\",\"url\":\"https:\/\/owitsosnowiec.pl\/?p=255\",\"name\":\"1.12.2025 Spotkanie w PFRON Oddzia\u0142 \u015al\u0105ski \u2013 rozmowy o programie \u201eWyr\u00f3wnywanie r\u00f3\u017cnic mi\u0119dzy regionami III\u201d - O\u015brodek Wsparcia i Test\u00f3w w Sosnowcu\",\"isPartOf\":{\"@id\":\"http:\/\/owitsosnowiec.pl\/#website\"},\"primaryImageOfPage\":{\"@id\":\"https:\/\/owitsosnowiec.pl\/?p=255#primaryimage\"},\"image\":{\"@id\":\"https:\/\/owitsosnowiec.pl\/?p=255#primaryimage\"},\"thumbnailUrl\":\"http:\/\/owitsosnowiec.pl\/wp-content\/uploads\/2025\/12\/593141031_1438096668318684_535660135690011422_n.jpg\",\"datePublished\":\"2025-12-02T16:00:43+00:00\",\"dateModified\":\"2026-04-16T07:17:33+00:00\",\"breadcrumb\":{\"@id\":\"https:\/\/owitsosnowiec.pl\/?p=255#breadcrumb\"},\"inLanguage\":\"pl-PL\",\"potentialAction\":[{\"@type\":\"ReadAction\",\"target\":[\"https:\/\/owitsosnowiec.pl\/?p=255\"]}]},{\"@type\":\"ImageObject\",\"inLanguage\":\"pl-PL\",\"@id\":\"https:\/\/owitsosnowiec.pl\/?p=255#primaryimage\",\"url\":\"http:\/\/owitsosnowiec.pl\/wp-content\/uploads\/2025\/12\/593141031_1438096668318684_535660135690011422_n.jpg\",\"contentUrl\":\"http:\/\/owitsosnowiec.pl\/wp-content\/uploads\/2025\/12\/593141031_1438096668318684_535660135690011422_n.jpg\",\"width\":1600,\"height\":938},{\"@type\":\"BreadcrumbList\",\"@id\":\"https:\/\/owitsosnowiec.pl\/?p=255#breadcrumb\",\"itemListElement\":[{\"@type\":\"ListItem\",\"position\":1,\"name\":\"Home\",\"item\":\"http:\/\/owitsosnowiec.pl\/\"},{\"@type\":\"ListItem\",\"position\":2,\"name\":\"1.12.2025 Spotkanie w PFRON Oddzia\u0142 \u015al\u0105ski \u2013 rozmowy o programie \u201eWyr\u00f3wnywanie r\u00f3\u017cnic mi\u0119dzy regionami III\u201d\"}]},{\"@type\":\"WebSite\",\"@id\":\"http:\/\/owitsosnowiec.pl\/#website\",\"url\":\"http:\/\/owitsosnowiec.pl\/\",\"name\":\"O\u015brodek Wsparcia i Test\u00f3w w Sosnowcu\",\"description\":\"\",\"publisher\":{\"@id\":\"http:\/\/owitsosnowiec.pl\/#organization\"},\"potentialAction\":[{\"@type\":\"SearchAction\",\"target\":{\"@type\":\"EntryPoint\",\"urlTemplate\":\"http:\/\/owitsosnowiec.pl\/?s={search_term_string}\"},\"query-input\":{\"@type\":\"PropertyValueSpecification\",\"valueRequired\":true,\"valueName\":\"search_term_string\"}}],\"inLanguage\":\"pl-PL\"},{\"@type\":\"Organization\",\"@id\":\"http:\/\/owitsosnowiec.pl\/#organization\",\"name\":\"O\u015brodek Wsparcia i Test\u00f3w w Sosnowcu\",\"url\":\"http:\/\/owitsosnowiec.pl\/\",\"logo\":{\"@type\":\"ImageObject\",\"inLanguage\":\"pl-PL\",\"@id\":\"http:\/\/owitsosnowiec.pl\/#\/schema\/logo\/image\/\",\"url\":\"http:\/\/owitsosnowiec.pl\/wp-content\/uploads\/2026\/04\/Projekt-bez-nazwy.png\",\"contentUrl\":\"http:\/\/owitsosnowiec.pl\/wp-content\/uploads\/2026\/04\/Projekt-bez-nazwy.png\",\"width\":2017,\"height\":733,\"caption\":\"O\u015brodek Wsparcia i Test\u00f3w w Sosnowcu\"},\"image\":{\"@id\":\"http:\/\/owitsosnowiec.pl\/#\/schema\/logo\/image\/\"}},{\"@type\":\"Person\",\"@id\":\"http:\/\/owitsosnowiec.pl\/#\/schema\/person\/a89842fe862e6af003c5d0d36d630c7c\",\"name\":\"admin\",\"image\":{\"@type\":\"ImageObject\",\"inLanguage\":\"pl-PL\",\"@id\":\"https:\/\/secure.gravatar.com\/avatar\/5e4944fe247161ff26b33b416ef5c794327c5dc77e48a59d6fa95ae7d24c4ed6?s=96&d=mm&r=g\",\"url\":\"https:\/\/secure.gravatar.com\/avatar\/5e4944fe247161ff26b33b416ef5c794327c5dc77e48a59d6fa95ae7d24c4ed6?s=96&d=mm&r=g\",\"contentUrl\":\"https:\/\/secure.gravatar.com\/avatar\/5e4944fe247161ff26b33b416ef5c794327c5dc77e48a59d6fa95ae7d24c4ed6?s=96&d=mm&r=g\",\"caption\":\"admin\"},\"sameAs\":[\"https:\/\/example.com\"],\"url\":\"http:\/\/owitsosnowiec.pl\/?author=1\"}]}<\/script>\n<!-- \/ Yoast SEO plugin. -->","yoast_head_json":{"title":"1.12.2025 Spotkanie w PFRON Oddzia\u0142 \u015al\u0105ski \u2013 rozmowy o programie \u201eWyr\u00f3wnywanie r\u00f3\u017cnic mi\u0119dzy regionami III\u201d - O\u015brodek Wsparcia i Test\u00f3w w Sosnowcu","robots":{"index":"index","follow":"follow","max-snippet":"max-snippet:-1","max-image-preview":"max-image-preview:large","max-video-preview":"max-video-preview:-1"},"canonical":"https:\/\/owitsosnowiec.pl\/?p=255","og_locale":"pl_PL","og_type":"article","og_title":"1.12.2025 Spotkanie w PFRON Oddzia\u0142 \u015al\u0105ski \u2013 rozmowy o programie \u201eWyr\u00f3wnywanie r\u00f3\u017cnic mi\u0119dzy regionami III\u201d - O\u015brodek Wsparcia i Test\u00f3w w Sosnowcu","og_description":"1 grudnia 2025 r.&nbsp;w siedzibie&nbsp;PFRON Oddzia\u0142 \u015al\u0105ski&nbsp;odby\u0142o si\u0119 spotkanie z udzia\u0142em przedstawicieli samorz\u0105d\u00f3w powiatowych realizuj\u0105cych&nbsp;\u201eProgram wyr\u00f3wnywania r\u00f3\u017cnic mi\u0119dzy regionami III\u201d. Spotkanie po\u015bwi\u0119cone by\u0142o om\u00f3wieniu aktualnych oraz planowanych dzia\u0142a\u0144 programu, w tym zmian w uchwale oraz nowych kierunk\u00f3w i warunk\u00f3w brzegowych na rok&nbsp;2026. W trakcie rozm\u00f3w szczeg\u00f3ln\u0105 uwag\u0119 po\u015bwi\u0119cono znaczeniu wsp\u00f3\u0142pracy [&hellip;]","og_url":"https:\/\/owitsosnowiec.pl\/?p=255","og_site_name":"O\u015brodek Wsparcia i Test\u00f3w w Sosnowcu","article_published_time":"2025-12-02T16:00:43+00:00","article_modified_time":"2026-04-16T07:17:33+00:00","og_image":[{"width":1600,"height":938,"url":"http:\/\/owitsosnowiec.pl\/wp-content\/uploads\/2025\/12\/593141031_1438096668318684_535660135690011422_n.jpg","type":"image\/jpeg"}],"author":"admin","twitter_card":"summary_large_image","twitter_misc":{"Napisane przez":"admin","Szacowany czas czytania":"2 minuty"},"schema":{"@context":"https:\/\/schema.org","@graph":[{"@type":"Article","@id":"https:\/\/owitsosnowiec.pl\/?p=255#article","isPartOf":{"@id":"https:\/\/owitsosnowiec.pl\/?p=255"},"author":{"name":"admin","@id":"http:\/\/owitsosnowiec.pl\/#\/schema\/person\/a89842fe862e6af003c5d0d36d630c7c"},"headline":"1.12.2025 Spotkanie w PFRON Oddzia\u0142 \u015al\u0105ski \u2013 rozmowy o programie \u201eWyr\u00f3wnywanie r\u00f3\u017cnic mi\u0119dzy regionami III\u201d","datePublished":"2025-12-02T16:00:43+00:00","dateModified":"2026-04-16T07:17:33+00:00","mainEntityOfPage":{"@id":"https:\/\/owitsosnowiec.pl\/?p=255"},"wordCount":211,"commentCount":0,"publisher":{"@id":"http:\/\/owitsosnowiec.pl\/#organization"},"image":{"@id":"https:\/\/owitsosnowiec.pl\/?p=255#primaryimage"},"thumbnailUrl":"http:\/\/owitsosnowiec.pl\/wp-content\/uploads\/2025\/12\/593141031_1438096668318684_535660135690011422_n.jpg","inLanguage":"pl-PL","potentialAction":[{"@type":"CommentAction","name":"Comment","target":["https:\/\/owitsosnowiec.pl\/?p=255#respond"]}]},{"@type":"WebPage","@id":"https:\/\/owitsosnowiec.pl\/?p=255","url":"https:\/\/owitsosnowiec.pl\/?p=255","name":"1.12.2025 Spotkanie w PFRON Oddzia\u0142 \u015al\u0105ski \u2013 rozmowy o programie \u201eWyr\u00f3wnywanie r\u00f3\u017cnic mi\u0119dzy regionami III\u201d - O\u015brodek Wsparcia i Test\u00f3w w Sosnowcu","isPartOf":{"@id":"http:\/\/owitsosnowiec.pl\/#website"},"primaryImageOfPage":{"@id":"https:\/\/owitsosnowiec.pl\/?p=255#primaryimage"},"image":{"@id":"https:\/\/owitsosnowiec.pl\/?p=255#primaryimage"},"thumbnailUrl":"http:\/\/owitsosnowiec.pl\/wp-content\/uploads\/2025\/12\/593141031_1438096668318684_535660135690011422_n.jpg","datePublished":"2025-12-02T16:00:43+00:00","dateModified":"2026-04-16T07:17:33+00:00","breadcrumb":{"@id":"https:\/\/owitsosnowiec.pl\/?p=255#breadcrumb"},"inLanguage":"pl-PL","potentialAction":[{"@type":"ReadAction","target":["https:\/\/owitsosnowiec.pl\/?p=255"]}]},{"@type":"ImageObject","inLanguage":"pl-PL","@id":"https:\/\/owitsosnowiec.pl\/?p=255#primaryimage","url":"http:\/\/owitsosnowiec.pl\/wp-content\/uploads\/2025\/12\/593141031_1438096668318684_535660135690011422_n.jpg","contentUrl":"http:\/\/owitsosnowiec.pl\/wp-content\/uploads\/2025\/12\/593141031_1438096668318684_535660135690011422_n.jpg","width":1600,"height":938},{"@type":"BreadcrumbList","@id":"https:\/\/owitsosnowiec.pl\/?p=255#breadcrumb","itemListElement":[{"@type":"ListItem","position":1,"name":"Home","item":"http:\/\/owitsosnowiec.pl\/"},{"@type":"ListItem","position":2,"name":"1.12.2025 Spotkanie w PFRON Oddzia\u0142 \u015al\u0105ski \u2013 rozmowy o programie \u201eWyr\u00f3wnywanie r\u00f3\u017cnic mi\u0119dzy regionami III\u201d"}]},{"@type":"WebSite","@id":"http:\/\/owitsosnowiec.pl\/#website","url":"http:\/\/owitsosnowiec.pl\/","name":"O\u015brodek Wsparcia i Test\u00f3w w Sosnowcu","description":"","publisher":{"@id":"http:\/\/owitsosnowiec.pl\/#organization"},"potentialAction":[{"@type":"SearchAction","target":{"@type":"EntryPoint","urlTemplate":"http:\/\/owitsosnowiec.pl\/?s={search_term_string}"},"query-input":{"@type":"PropertyValueSpecification","valueRequired":true,"valueName":"search_term_string"}}],"inLanguage":"pl-PL"},{"@type":"Organization","@id":"http:\/\/owitsosnowiec.pl\/#organization","name":"O\u015brodek Wsparcia i Test\u00f3w w Sosnowcu","url":"http:\/\/owitsosnowiec.pl\/","logo":{"@type":"ImageObject","inLanguage":"pl-PL","@id":"http:\/\/owitsosnowiec.pl\/#\/schema\/logo\/image\/","url":"http:\/\/owitsosnowiec.pl\/wp-content\/uploads\/2026\/04\/Projekt-bez-nazwy.png","contentUrl":"http:\/\/owitsosnowiec.pl\/wp-content\/uploads\/2026\/04\/Projekt-bez-nazwy.png","width":2017,"height":733,"caption":"O\u015brodek Wsparcia i Test\u00f3w w Sosnowcu"},"image":{"@id":"http:\/\/owitsosnowiec.pl\/#\/schema\/logo\/image\/"}},{"@type":"Person","@id":"http:\/\/owitsosnowiec.pl\/#\/schema\/person\/a89842fe862e6af003c5d0d36d630c7c","name":"admin","image":{"@type":"ImageObject","inLanguage":"pl-PL","@id":"https:\/\/secure.gravatar.com\/avatar\/5e4944fe247161ff26b33b416ef5c794327c5dc77e48a59d6fa95ae7d24c4ed6?s=96&d=mm&r=g","url":"https:\/\/secure.gravatar.com\/avatar\/5e4944fe247161ff26b33b416ef5c794327c5dc77e48a59d6fa95ae7d24c4ed6?s=96&d=mm&r=g","contentUrl":"https:\/\/secure.gravatar.com\/avatar\/5e4944fe247161ff26b33b416ef5c794327c5dc77e48a59d6fa95ae7d24c4ed6?s=96&d=mm&r=g","caption":"admin"},"sameAs":["https:\/\/example.com"],"url":"http:\/\/owitsosnowiec.pl\/?author=1"}]}},"_links":{"self":[{"href":"http:\/\/owitsosnowiec.pl\/index.php?rest_route=\/wp\/v2\/posts\/255","targetHints":{"allow":["GET"]}}],"collection":[{"href":"http:\/\/owitsosnowiec.pl\/index.php?rest_route=\/wp\/v2\/posts"}],"about":[{"href":"http:\/\/owitsosnowiec.pl\/index.php?rest_route=\/wp\/v2\/types\/post"}],"author":[{"embeddable":true,"href":"http:\/\/owitsosnowiec.pl\/index.php?rest_route=\/wp\/v2\/users\/1"}],"replies":[{"embeddable":true,"href":"http:\/\/owitsosnowiec.pl\/index.php?rest_route=%2Fwp%2Fv2%2Fcomments&post=255"}],"version-history":[{"count":2,"href":"http:\/\/owitsosnowiec.pl\/index.php?rest_route=\/wp\/v2\/posts\/255\/revisions"}],"predecessor-version":[{"id":353,"href":"http:\/\/owitsosnowiec.pl\/index.php?rest_route=\/wp\/v2\/posts\/255\/revisions\/353"}],"wp:featuredmedia":[{"embeddable":true,"href":"http:\/\/owitsosnowiec.pl\/index.php?rest_route=\/wp\/v2\/media\/351"}],"wp:attachment":[{"href":"http:\/\/owitsosnowiec.pl\/index.php?rest_route=%2Fwp%2Fv2%2Fmedia&parent=255"}],"wp:term":[{"taxonomy":"category","embeddable":true,"href":"http:\/\/owitsosnowiec.pl\/index.php?rest_route=%2Fwp%2Fv2%2Fcategories&post=255"},{"taxonomy":"post_tag","embeddable":true,"href":"http:\/\/owitsosnowiec.pl\/index.php?rest_route=%2Fwp%2Fv2%2Ftags&post=255"}],"curies":[{"name":"wp","href":"https:\/\/api.w.org\/{rel}","templated":true}]}}