{"id":253,"date":"2025-12-06T16:59:50","date_gmt":"2025-12-06T15:59:50","guid":{"rendered":"http:\/\/owitsosnowiec.pl\/?p=253"},"modified":"2026-04-16T09:16:15","modified_gmt":"2026-04-16T07:16:15","slug":"5-12-2025-spotkanie-w-pfron-oddzial-slaski-prezentacja-technologii-asystujacych","status":"publish","type":"post","link":"http:\/\/owitsosnowiec.pl\/?p=253","title":{"rendered":"5.12.2025 Spotkanie w PFRON Oddzia\u0142 \u015al\u0105ski \u2013 prezentacja technologii asystuj\u0105cych"},"content":{"rendered":"\n<p><strong>5 grudnia<\/strong>&nbsp;w siedzibie&nbsp;<strong>PFRON Oddzia\u0142 \u015al\u0105ski<\/strong>&nbsp;odby\u0142o si\u0119 spotkanie z udzia\u0142em dyrektor\u00f3w&nbsp;<strong>Powiatowych Urz\u0119d\u00f3w Pracy<\/strong>&nbsp;oraz&nbsp;<strong>Zak\u0142ad\u00f3w Ubezpiecze\u0144 Spo\u0142ecznych<\/strong>&nbsp;z terenu wojew\u00f3dztwa \u015bl\u0105skiego. Wydarzenie po\u015bwi\u0119cone by\u0142o om\u00f3wieniu kluczowych dzia\u0142a\u0144 realizowanych przez&nbsp;<strong>Pa\u0144stwowy Fundusz Rehabilitacji Os\u00f3b Niepe\u0142nosprawnych<\/strong>, ze szczeg\u00f3lnym uwzgl\u0119dnieniem program\u00f3w wspieraj\u0105cych aktywizacj\u0119 i dost\u0119pno\u015b\u0107 dla os\u00f3b z niepe\u0142nosprawno\u015bciami.<\/p>\n\n\n\n<p>Podczas spotkania poruszono zagadnienia zwi\u0105zane z realizacj\u0105 program\u00f3w PFRON, takich jak&nbsp;<strong>\u201eStabilne zatrudnienie\u201d<\/strong>,&nbsp;<strong>\u201eWyr\u00f3wnywanie r\u00f3\u017cnic mi\u0119dzy regionami\u201d<\/strong>&nbsp;oraz funkcjonowanie&nbsp;<strong>Centr\u00f3w Informacyjno-Doradczych dla Os\u00f3b z Niepe\u0142nosprawno\u015bci\u0105<\/strong>. W skierowanym do uczestnik\u00f3w li\u015bcie&nbsp;<strong>Pani Bo\u017ceny Borowiec \u2013 Zast\u0119pcy Prezesa Zarz\u0105du PFRON ds. Programowych<\/strong>, podkre\u015blono znaczenie skutecznej i d\u0142ugofalowej wsp\u00f3\u0142pracy instytucji publicznych w dzia\u0142aniach na rzecz os\u00f3b z niepe\u0142nosprawno\u015bciami.<\/p>\n\n\n\n<p>Wa\u017cnym elementem spotkania by\u0142a&nbsp;<strong>prezentacja dzia\u0142alno\u015bci O\u015brodka Wsparcia i Test\u00f3w (OWiT) w Sosnowcu<\/strong>. Nasz przedstawiciel zaprezentowa\u0142&nbsp;<strong>nowoczesny sprz\u0119t wspomagaj\u0105cy i asystuj\u0105cy<\/strong>, kt\u00f3ry wykorzystywany jest zar\u00f3wno w procesie rehabilitacji, jak i w codziennym funkcjonowaniu os\u00f3b z niepe\u0142nosprawno\u015bciami. Uczestnicy mieli mo\u017cliwo\u015b\u0107 zapoznania si\u0119 z praktycznymi przyk\u0142adami zastosowania technologii asystuj\u0105cych oraz rol\u0105 OWiT w zwi\u0119kszaniu samodzielno\u015bci i jako\u015bci \u017cycia u\u017cytkownik\u00f3w.<\/p>\n\n\n\n<p>Spotkanie by\u0142o r\u00f3wnie\u017c okazj\u0105 do wymiany do\u015bwiadcze\u0144 i rozm\u00f3w o dalszym rozwoju systemowych rozwi\u0105za\u0144 wspieraj\u0105cych osoby z niepe\u0142nosprawno\u015bciami na poziomie regionalnym i lokalnym.<\/p>\n\n\n\n<p>Na zako\u0144czenie wydarzenia uczestnicy odwiedzili&nbsp;<strong>Galeri\u0119 na Antresoli<\/strong>, gdzie zaprezentowano wystaw\u0119&nbsp;<em>\u201eSztuk\u0105 \u0141\u0105czy \u2013 \u015al\u0105skie Spotkania Artystyczne\u201d<\/em><\/p>\n\n\n\n<figure class=\"wp-block-gallery has-nested-images columns-default is-cropped wp-block-gallery-1 is-layout-flex wp-block-gallery-is-layout-flex\">\n<figure class=\"wp-block-image size-large\"><img fetchpriority=\"high\" decoding=\"async\" width=\"1024\" height=\"768\" data-id=\"349\" src=\"https:\/\/owitsosnowiec.pl\/wp-content\/uploads\/2025\/12\/594663895_1158973039758559_9137157563323835445_n-1024x768.jpg\" alt=\"\" class=\"wp-image-349\" srcset=\"http:\/\/owitsosnowiec.pl\/wp-content\/uploads\/2025\/12\/594663895_1158973039758559_9137157563323835445_n-1024x768.jpg 1024w, http:\/\/owitsosnowiec.pl\/wp-content\/uploads\/2025\/12\/594663895_1158973039758559_9137157563323835445_n-300x225.jpg 300w, http:\/\/owitsosnowiec.pl\/wp-content\/uploads\/2025\/12\/594663895_1158973039758559_9137157563323835445_n-768x576.jpg 768w, http:\/\/owitsosnowiec.pl\/wp-content\/uploads\/2025\/12\/594663895_1158973039758559_9137157563323835445_n-1536x1152.jpg 1536w, http:\/\/owitsosnowiec.pl\/wp-content\/uploads\/2025\/12\/594663895_1158973039758559_9137157563323835445_n.jpg 2048w\" sizes=\"(max-width: 1024px) 100vw, 1024px\" \/><\/figure>\n\n\n\n<figure class=\"wp-block-image size-large\"><img decoding=\"async\" width=\"1024\" height=\"768\" data-id=\"348\" src=\"https:\/\/owitsosnowiec.pl\/wp-content\/uploads\/2025\/12\/594766107_1158973109758552_2123820676300125702_n-1024x768.jpg\" alt=\"\" class=\"wp-image-348\" srcset=\"http:\/\/owitsosnowiec.pl\/wp-content\/uploads\/2025\/12\/594766107_1158973109758552_2123820676300125702_n-1024x768.jpg 1024w, http:\/\/owitsosnowiec.pl\/wp-content\/uploads\/2025\/12\/594766107_1158973109758552_2123820676300125702_n-300x225.jpg 300w, http:\/\/owitsosnowiec.pl\/wp-content\/uploads\/2025\/12\/594766107_1158973109758552_2123820676300125702_n-768x576.jpg 768w, http:\/\/owitsosnowiec.pl\/wp-content\/uploads\/2025\/12\/594766107_1158973109758552_2123820676300125702_n-1536x1152.jpg 1536w, http:\/\/owitsosnowiec.pl\/wp-content\/uploads\/2025\/12\/594766107_1158973109758552_2123820676300125702_n.jpg 1600w\" sizes=\"(max-width: 1024px) 100vw, 1024px\" \/><\/figure>\n<\/figure>\n","protected":false},"excerpt":{"rendered":"<p>5 grudnia&nbsp;w siedzibie&nbsp;PFRON Oddzia\u0142 \u015al\u0105ski&nbsp;odby\u0142o si\u0119 spotkanie z udzia\u0142em dyrektor\u00f3w&nbsp;Powiatowych Urz\u0119d\u00f3w Pracy&nbsp;oraz&nbsp;Zak\u0142ad\u00f3w Ubezpiecze\u0144 Spo\u0142ecznych&nbsp;z terenu wojew\u00f3dztwa \u015bl\u0105skiego. Wydarzenie po\u015bwi\u0119cone by\u0142o om\u00f3wieniu kluczowych dzia\u0142a\u0144 realizowanych przez&nbsp;Pa\u0144stwowy Fundusz Rehabilitacji Os\u00f3b Niepe\u0142nosprawnych, ze szczeg\u00f3lnym uwzgl\u0119dnieniem program\u00f3w wspieraj\u0105cych aktywizacj\u0119 i dost\u0119pno\u015b\u0107 dla os\u00f3b z niepe\u0142nosprawno\u015bciami. Podczas spotkania poruszono zagadnienia zwi\u0105zane z realizacj\u0105 program\u00f3w PFRON, [&hellip;]<\/p>\n","protected":false},"author":1,"featured_media":349,"comment_status":"open","ping_status":"open","sticky":false,"template":"","format":"standard","meta":{"footnotes":""},"categories":[1],"tags":[],"class_list":["post-253","post","type-post","status-publish","format-standard","has-post-thumbnail","hentry","category-bez-kategorii"],"yoast_head":"<!-- This site is optimized with the Yoast SEO plugin v27.2 - https:\/\/yoast.com\/product\/yoast-seo-wordpress\/ -->\n<title>5.12.2025 Spotkanie w PFRON Oddzia\u0142 \u015al\u0105ski \u2013 prezentacja technologii asystuj\u0105cych - O\u015brodek Wsparcia i Test\u00f3w w Sosnowcu<\/title>\n<meta name=\"robots\" content=\"index, follow, max-snippet:-1, max-image-preview:large, max-video-preview:-1\" \/>\n<link rel=\"canonical\" href=\"https:\/\/owitsosnowiec.pl\/?p=253\" \/>\n<meta property=\"og:locale\" content=\"pl_PL\" \/>\n<meta property=\"og:type\" content=\"article\" \/>\n<meta property=\"og:title\" content=\"5.12.2025 Spotkanie w PFRON Oddzia\u0142 \u015al\u0105ski \u2013 prezentacja technologii asystuj\u0105cych - O\u015brodek Wsparcia i Test\u00f3w w Sosnowcu\" \/>\n<meta property=\"og:description\" content=\"5 grudnia&nbsp;w siedzibie&nbsp;PFRON Oddzia\u0142 \u015al\u0105ski&nbsp;odby\u0142o si\u0119 spotkanie z udzia\u0142em dyrektor\u00f3w&nbsp;Powiatowych Urz\u0119d\u00f3w Pracy&nbsp;oraz&nbsp;Zak\u0142ad\u00f3w Ubezpiecze\u0144 Spo\u0142ecznych&nbsp;z terenu wojew\u00f3dztwa \u015bl\u0105skiego. Wydarzenie po\u015bwi\u0119cone by\u0142o om\u00f3wieniu kluczowych dzia\u0142a\u0144 realizowanych przez&nbsp;Pa\u0144stwowy Fundusz Rehabilitacji Os\u00f3b Niepe\u0142nosprawnych, ze szczeg\u00f3lnym uwzgl\u0119dnieniem program\u00f3w wspieraj\u0105cych aktywizacj\u0119 i dost\u0119pno\u015b\u0107 dla os\u00f3b z niepe\u0142nosprawno\u015bciami. Podczas spotkania poruszono zagadnienia zwi\u0105zane z realizacj\u0105 program\u00f3w PFRON, [&hellip;]\" \/>\n<meta property=\"og:url\" content=\"https:\/\/owitsosnowiec.pl\/?p=253\" \/>\n<meta property=\"og:site_name\" content=\"O\u015brodek Wsparcia i Test\u00f3w w Sosnowcu\" \/>\n<meta property=\"article:published_time\" content=\"2025-12-06T15:59:50+00:00\" \/>\n<meta property=\"article:modified_time\" content=\"2026-04-16T07:16:15+00:00\" \/>\n<meta property=\"og:image\" content=\"http:\/\/owitsosnowiec.pl\/wp-content\/uploads\/2025\/12\/594663895_1158973039758559_9137157563323835445_n.jpg\" \/>\n\t<meta property=\"og:image:width\" content=\"2048\" \/>\n\t<meta property=\"og:image:height\" content=\"1536\" \/>\n\t<meta property=\"og:image:type\" content=\"image\/jpeg\" \/>\n<meta name=\"author\" content=\"admin\" \/>\n<meta name=\"twitter:card\" content=\"summary_large_image\" \/>\n<meta name=\"twitter:label1\" content=\"Napisane przez\" \/>\n\t<meta name=\"twitter:data1\" content=\"admin\" \/>\n\t<meta name=\"twitter:label2\" content=\"Szacowany czas czytania\" \/>\n\t<meta name=\"twitter:data2\" content=\"2 minuty\" \/>\n<script type=\"application\/ld+json\" class=\"yoast-schema-graph\">{\"@context\":\"https:\/\/schema.org\",\"@graph\":[{\"@type\":\"Article\",\"@id\":\"https:\/\/owitsosnowiec.pl\/?p=253#article\",\"isPartOf\":{\"@id\":\"https:\/\/owitsosnowiec.pl\/?p=253\"},\"author\":{\"name\":\"admin\",\"@id\":\"http:\/\/owitsosnowiec.pl\/#\/schema\/person\/a89842fe862e6af003c5d0d36d630c7c\"},\"headline\":\"5.12.2025 Spotkanie w PFRON Oddzia\u0142 \u015al\u0105ski \u2013 prezentacja technologii asystuj\u0105cych\",\"datePublished\":\"2025-12-06T15:59:50+00:00\",\"dateModified\":\"2026-04-16T07:16:15+00:00\",\"mainEntityOfPage\":{\"@id\":\"https:\/\/owitsosnowiec.pl\/?p=253\"},\"wordCount\":305,\"commentCount\":0,\"publisher\":{\"@id\":\"http:\/\/owitsosnowiec.pl\/#organization\"},\"image\":{\"@id\":\"https:\/\/owitsosnowiec.pl\/?p=253#primaryimage\"},\"thumbnailUrl\":\"http:\/\/owitsosnowiec.pl\/wp-content\/uploads\/2025\/12\/594663895_1158973039758559_9137157563323835445_n.jpg\",\"inLanguage\":\"pl-PL\",\"potentialAction\":[{\"@type\":\"CommentAction\",\"name\":\"Comment\",\"target\":[\"https:\/\/owitsosnowiec.pl\/?p=253#respond\"]}]},{\"@type\":\"WebPage\",\"@id\":\"https:\/\/owitsosnowiec.pl\/?p=253\",\"url\":\"https:\/\/owitsosnowiec.pl\/?p=253\",\"name\":\"5.12.2025 Spotkanie w PFRON Oddzia\u0142 \u015al\u0105ski \u2013 prezentacja technologii asystuj\u0105cych - O\u015brodek Wsparcia i Test\u00f3w w Sosnowcu\",\"isPartOf\":{\"@id\":\"http:\/\/owitsosnowiec.pl\/#website\"},\"primaryImageOfPage\":{\"@id\":\"https:\/\/owitsosnowiec.pl\/?p=253#primaryimage\"},\"image\":{\"@id\":\"https:\/\/owitsosnowiec.pl\/?p=253#primaryimage\"},\"thumbnailUrl\":\"http:\/\/owitsosnowiec.pl\/wp-content\/uploads\/2025\/12\/594663895_1158973039758559_9137157563323835445_n.jpg\",\"datePublished\":\"2025-12-06T15:59:50+00:00\",\"dateModified\":\"2026-04-16T07:16:15+00:00\",\"breadcrumb\":{\"@id\":\"https:\/\/owitsosnowiec.pl\/?p=253#breadcrumb\"},\"inLanguage\":\"pl-PL\",\"potentialAction\":[{\"@type\":\"ReadAction\",\"target\":[\"https:\/\/owitsosnowiec.pl\/?p=253\"]}]},{\"@type\":\"ImageObject\",\"inLanguage\":\"pl-PL\",\"@id\":\"https:\/\/owitsosnowiec.pl\/?p=253#primaryimage\",\"url\":\"http:\/\/owitsosnowiec.pl\/wp-content\/uploads\/2025\/12\/594663895_1158973039758559_9137157563323835445_n.jpg\",\"contentUrl\":\"http:\/\/owitsosnowiec.pl\/wp-content\/uploads\/2025\/12\/594663895_1158973039758559_9137157563323835445_n.jpg\",\"width\":2048,\"height\":1536},{\"@type\":\"BreadcrumbList\",\"@id\":\"https:\/\/owitsosnowiec.pl\/?p=253#breadcrumb\",\"itemListElement\":[{\"@type\":\"ListItem\",\"position\":1,\"name\":\"Home\",\"item\":\"http:\/\/owitsosnowiec.pl\/\"},{\"@type\":\"ListItem\",\"position\":2,\"name\":\"5.12.2025 Spotkanie w PFRON Oddzia\u0142 \u015al\u0105ski \u2013 prezentacja technologii asystuj\u0105cych\"}]},{\"@type\":\"WebSite\",\"@id\":\"http:\/\/owitsosnowiec.pl\/#website\",\"url\":\"http:\/\/owitsosnowiec.pl\/\",\"name\":\"O\u015brodek Wsparcia i Test\u00f3w w Sosnowcu\",\"description\":\"\",\"publisher\":{\"@id\":\"http:\/\/owitsosnowiec.pl\/#organization\"},\"potentialAction\":[{\"@type\":\"SearchAction\",\"target\":{\"@type\":\"EntryPoint\",\"urlTemplate\":\"http:\/\/owitsosnowiec.pl\/?s={search_term_string}\"},\"query-input\":{\"@type\":\"PropertyValueSpecification\",\"valueRequired\":true,\"valueName\":\"search_term_string\"}}],\"inLanguage\":\"pl-PL\"},{\"@type\":\"Organization\",\"@id\":\"http:\/\/owitsosnowiec.pl\/#organization\",\"name\":\"O\u015brodek Wsparcia i Test\u00f3w w Sosnowcu\",\"url\":\"http:\/\/owitsosnowiec.pl\/\",\"logo\":{\"@type\":\"ImageObject\",\"inLanguage\":\"pl-PL\",\"@id\":\"http:\/\/owitsosnowiec.pl\/#\/schema\/logo\/image\/\",\"url\":\"http:\/\/owitsosnowiec.pl\/wp-content\/uploads\/2026\/04\/Projekt-bez-nazwy.png\",\"contentUrl\":\"http:\/\/owitsosnowiec.pl\/wp-content\/uploads\/2026\/04\/Projekt-bez-nazwy.png\",\"width\":2017,\"height\":733,\"caption\":\"O\u015brodek Wsparcia i Test\u00f3w w Sosnowcu\"},\"image\":{\"@id\":\"http:\/\/owitsosnowiec.pl\/#\/schema\/logo\/image\/\"}},{\"@type\":\"Person\",\"@id\":\"http:\/\/owitsosnowiec.pl\/#\/schema\/person\/a89842fe862e6af003c5d0d36d630c7c\",\"name\":\"admin\",\"image\":{\"@type\":\"ImageObject\",\"inLanguage\":\"pl-PL\",\"@id\":\"https:\/\/secure.gravatar.com\/avatar\/5e4944fe247161ff26b33b416ef5c794327c5dc77e48a59d6fa95ae7d24c4ed6?s=96&d=mm&r=g\",\"url\":\"https:\/\/secure.gravatar.com\/avatar\/5e4944fe247161ff26b33b416ef5c794327c5dc77e48a59d6fa95ae7d24c4ed6?s=96&d=mm&r=g\",\"contentUrl\":\"https:\/\/secure.gravatar.com\/avatar\/5e4944fe247161ff26b33b416ef5c794327c5dc77e48a59d6fa95ae7d24c4ed6?s=96&d=mm&r=g\",\"caption\":\"admin\"},\"sameAs\":[\"https:\/\/example.com\"],\"url\":\"http:\/\/owitsosnowiec.pl\/?author=1\"}]}<\/script>\n<!-- \/ Yoast SEO plugin. -->","yoast_head_json":{"title":"5.12.2025 Spotkanie w PFRON Oddzia\u0142 \u015al\u0105ski \u2013 prezentacja technologii asystuj\u0105cych - O\u015brodek Wsparcia i Test\u00f3w w Sosnowcu","robots":{"index":"index","follow":"follow","max-snippet":"max-snippet:-1","max-image-preview":"max-image-preview:large","max-video-preview":"max-video-preview:-1"},"canonical":"https:\/\/owitsosnowiec.pl\/?p=253","og_locale":"pl_PL","og_type":"article","og_title":"5.12.2025 Spotkanie w PFRON Oddzia\u0142 \u015al\u0105ski \u2013 prezentacja technologii asystuj\u0105cych - O\u015brodek Wsparcia i Test\u00f3w w Sosnowcu","og_description":"5 grudnia&nbsp;w siedzibie&nbsp;PFRON Oddzia\u0142 \u015al\u0105ski&nbsp;odby\u0142o si\u0119 spotkanie z udzia\u0142em dyrektor\u00f3w&nbsp;Powiatowych Urz\u0119d\u00f3w Pracy&nbsp;oraz&nbsp;Zak\u0142ad\u00f3w Ubezpiecze\u0144 Spo\u0142ecznych&nbsp;z terenu wojew\u00f3dztwa \u015bl\u0105skiego. Wydarzenie po\u015bwi\u0119cone by\u0142o om\u00f3wieniu kluczowych dzia\u0142a\u0144 realizowanych przez&nbsp;Pa\u0144stwowy Fundusz Rehabilitacji Os\u00f3b Niepe\u0142nosprawnych, ze szczeg\u00f3lnym uwzgl\u0119dnieniem program\u00f3w wspieraj\u0105cych aktywizacj\u0119 i dost\u0119pno\u015b\u0107 dla os\u00f3b z niepe\u0142nosprawno\u015bciami. Podczas spotkania poruszono zagadnienia zwi\u0105zane z realizacj\u0105 program\u00f3w PFRON, [&hellip;]","og_url":"https:\/\/owitsosnowiec.pl\/?p=253","og_site_name":"O\u015brodek Wsparcia i Test\u00f3w w Sosnowcu","article_published_time":"2025-12-06T15:59:50+00:00","article_modified_time":"2026-04-16T07:16:15+00:00","og_image":[{"width":2048,"height":1536,"url":"http:\/\/owitsosnowiec.pl\/wp-content\/uploads\/2025\/12\/594663895_1158973039758559_9137157563323835445_n.jpg","type":"image\/jpeg"}],"author":"admin","twitter_card":"summary_large_image","twitter_misc":{"Napisane przez":"admin","Szacowany czas czytania":"2 minuty"},"schema":{"@context":"https:\/\/schema.org","@graph":[{"@type":"Article","@id":"https:\/\/owitsosnowiec.pl\/?p=253#article","isPartOf":{"@id":"https:\/\/owitsosnowiec.pl\/?p=253"},"author":{"name":"admin","@id":"http:\/\/owitsosnowiec.pl\/#\/schema\/person\/a89842fe862e6af003c5d0d36d630c7c"},"headline":"5.12.2025 Spotkanie w PFRON Oddzia\u0142 \u015al\u0105ski \u2013 prezentacja technologii asystuj\u0105cych","datePublished":"2025-12-06T15:59:50+00:00","dateModified":"2026-04-16T07:16:15+00:00","mainEntityOfPage":{"@id":"https:\/\/owitsosnowiec.pl\/?p=253"},"wordCount":305,"commentCount":0,"publisher":{"@id":"http:\/\/owitsosnowiec.pl\/#organization"},"image":{"@id":"https:\/\/owitsosnowiec.pl\/?p=253#primaryimage"},"thumbnailUrl":"http:\/\/owitsosnowiec.pl\/wp-content\/uploads\/2025\/12\/594663895_1158973039758559_9137157563323835445_n.jpg","inLanguage":"pl-PL","potentialAction":[{"@type":"CommentAction","name":"Comment","target":["https:\/\/owitsosnowiec.pl\/?p=253#respond"]}]},{"@type":"WebPage","@id":"https:\/\/owitsosnowiec.pl\/?p=253","url":"https:\/\/owitsosnowiec.pl\/?p=253","name":"5.12.2025 Spotkanie w PFRON Oddzia\u0142 \u015al\u0105ski \u2013 prezentacja technologii asystuj\u0105cych - O\u015brodek Wsparcia i Test\u00f3w w Sosnowcu","isPartOf":{"@id":"http:\/\/owitsosnowiec.pl\/#website"},"primaryImageOfPage":{"@id":"https:\/\/owitsosnowiec.pl\/?p=253#primaryimage"},"image":{"@id":"https:\/\/owitsosnowiec.pl\/?p=253#primaryimage"},"thumbnailUrl":"http:\/\/owitsosnowiec.pl\/wp-content\/uploads\/2025\/12\/594663895_1158973039758559_9137157563323835445_n.jpg","datePublished":"2025-12-06T15:59:50+00:00","dateModified":"2026-04-16T07:16:15+00:00","breadcrumb":{"@id":"https:\/\/owitsosnowiec.pl\/?p=253#breadcrumb"},"inLanguage":"pl-PL","potentialAction":[{"@type":"ReadAction","target":["https:\/\/owitsosnowiec.pl\/?p=253"]}]},{"@type":"ImageObject","inLanguage":"pl-PL","@id":"https:\/\/owitsosnowiec.pl\/?p=253#primaryimage","url":"http:\/\/owitsosnowiec.pl\/wp-content\/uploads\/2025\/12\/594663895_1158973039758559_9137157563323835445_n.jpg","contentUrl":"http:\/\/owitsosnowiec.pl\/wp-content\/uploads\/2025\/12\/594663895_1158973039758559_9137157563323835445_n.jpg","width":2048,"height":1536},{"@type":"BreadcrumbList","@id":"https:\/\/owitsosnowiec.pl\/?p=253#breadcrumb","itemListElement":[{"@type":"ListItem","position":1,"name":"Home","item":"http:\/\/owitsosnowiec.pl\/"},{"@type":"ListItem","position":2,"name":"5.12.2025 Spotkanie w PFRON Oddzia\u0142 \u015al\u0105ski \u2013 prezentacja technologii asystuj\u0105cych"}]},{"@type":"WebSite","@id":"http:\/\/owitsosnowiec.pl\/#website","url":"http:\/\/owitsosnowiec.pl\/","name":"O\u015brodek Wsparcia i Test\u00f3w w Sosnowcu","description":"","publisher":{"@id":"http:\/\/owitsosnowiec.pl\/#organization"},"potentialAction":[{"@type":"SearchAction","target":{"@type":"EntryPoint","urlTemplate":"http:\/\/owitsosnowiec.pl\/?s={search_term_string}"},"query-input":{"@type":"PropertyValueSpecification","valueRequired":true,"valueName":"search_term_string"}}],"inLanguage":"pl-PL"},{"@type":"Organization","@id":"http:\/\/owitsosnowiec.pl\/#organization","name":"O\u015brodek Wsparcia i Test\u00f3w w Sosnowcu","url":"http:\/\/owitsosnowiec.pl\/","logo":{"@type":"ImageObject","inLanguage":"pl-PL","@id":"http:\/\/owitsosnowiec.pl\/#\/schema\/logo\/image\/","url":"http:\/\/owitsosnowiec.pl\/wp-content\/uploads\/2026\/04\/Projekt-bez-nazwy.png","contentUrl":"http:\/\/owitsosnowiec.pl\/wp-content\/uploads\/2026\/04\/Projekt-bez-nazwy.png","width":2017,"height":733,"caption":"O\u015brodek Wsparcia i Test\u00f3w w Sosnowcu"},"image":{"@id":"http:\/\/owitsosnowiec.pl\/#\/schema\/logo\/image\/"}},{"@type":"Person","@id":"http:\/\/owitsosnowiec.pl\/#\/schema\/person\/a89842fe862e6af003c5d0d36d630c7c","name":"admin","image":{"@type":"ImageObject","inLanguage":"pl-PL","@id":"https:\/\/secure.gravatar.com\/avatar\/5e4944fe247161ff26b33b416ef5c794327c5dc77e48a59d6fa95ae7d24c4ed6?s=96&d=mm&r=g","url":"https:\/\/secure.gravatar.com\/avatar\/5e4944fe247161ff26b33b416ef5c794327c5dc77e48a59d6fa95ae7d24c4ed6?s=96&d=mm&r=g","contentUrl":"https:\/\/secure.gravatar.com\/avatar\/5e4944fe247161ff26b33b416ef5c794327c5dc77e48a59d6fa95ae7d24c4ed6?s=96&d=mm&r=g","caption":"admin"},"sameAs":["https:\/\/example.com"],"url":"http:\/\/owitsosnowiec.pl\/?author=1"}]}},"_links":{"self":[{"href":"http:\/\/owitsosnowiec.pl\/index.php?rest_route=\/wp\/v2\/posts\/253","targetHints":{"allow":["GET"]}}],"collection":[{"href":"http:\/\/owitsosnowiec.pl\/index.php?rest_route=\/wp\/v2\/posts"}],"about":[{"href":"http:\/\/owitsosnowiec.pl\/index.php?rest_route=\/wp\/v2\/types\/post"}],"author":[{"embeddable":true,"href":"http:\/\/owitsosnowiec.pl\/index.php?rest_route=\/wp\/v2\/users\/1"}],"replies":[{"embeddable":true,"href":"http:\/\/owitsosnowiec.pl\/index.php?rest_route=%2Fwp%2Fv2%2Fcomments&post=253"}],"version-history":[{"count":2,"href":"http:\/\/owitsosnowiec.pl\/index.php?rest_route=\/wp\/v2\/posts\/253\/revisions"}],"predecessor-version":[{"id":350,"href":"http:\/\/owitsosnowiec.pl\/index.php?rest_route=\/wp\/v2\/posts\/253\/revisions\/350"}],"wp:featuredmedia":[{"embeddable":true,"href":"http:\/\/owitsosnowiec.pl\/index.php?rest_route=\/wp\/v2\/media\/349"}],"wp:attachment":[{"href":"http:\/\/owitsosnowiec.pl\/index.php?rest_route=%2Fwp%2Fv2%2Fmedia&parent=253"}],"wp:term":[{"taxonomy":"category","embeddable":true,"href":"http:\/\/owitsosnowiec.pl\/index.php?rest_route=%2Fwp%2Fv2%2Fcategories&post=253"},{"taxonomy":"post_tag","embeddable":true,"href":"http:\/\/owitsosnowiec.pl\/index.php?rest_route=%2Fwp%2Fv2%2Ftags&post=253"}],"curies":[{"name":"wp","href":"https:\/\/api.w.org\/{rel}","templated":true}]}}