{"id":223,"date":"2023-12-01T12:03:03","date_gmt":"2023-12-01T11:03:03","guid":{"rendered":"https:\/\/owit.sosnowiec.pl\/?p=223"},"modified":"2026-04-16T09:36:31","modified_gmt":"2026-04-16T07:36:31","slug":"miedzynarodowy-dzien-osob-z-niepelnosprawnosciami-w-starostwie-powiatowym-w-pszczynie","status":"publish","type":"post","link":"http:\/\/owitsosnowiec.pl\/?p=223","title":{"rendered":"Mi\u0119dzynarodowy Dzie\u0144 Os\u00f3b z Niepe\u0142nosprawno\u015bciami w Starostwie Powiatowym w Pszczynie"},"content":{"rendered":"\n<p>Dzi\u015b mieli\u015bmy zaszczyt uczestniczy\u0107 w konferencji zorganizowanej z okazji Mi\u0119dzynarodowego Dnia Os\u00f3b Niepe\u0142nosprawnych w Starostwie Powiatowym w Pszczynie. Nasz O\u015brodek Wsparcia i Test\u00f3w anga\u017cuje si\u0119 ju\u017c po raz trzeci z rz\u0119du w to wa\u017cne wydarzenie, maj\u0105ce na celu podniesienie \u015bwiadomo\u015bci spo\u0142ecze\u0144stwa na temat potrzeb i wyzwa\u0144, z jakimi borykaj\u0105 si\u0119 osoby z niepe\u0142nosprawno\u015bci\u0105 oraz ich opiekunowie.<\/p>\n\n\n\n<p>Tegoroczna konferencja skupi\u0142a si\u0119 na praktycznych aspektach funkcjonowania w spo\u0142ecze\u0144stwie os\u00f3b z niepe\u0142nosprawno\u015bci\u0105 oraz na potrzebach ich opiekun\u00f3w. Chcieli\u015bmy zwr\u00f3ci\u0107 szczeg\u00f3ln\u0105 uwag\u0119 na rol\u0119 opiekun\u00f3w i wesprze\u0107 ich w radzeniu sobie z codziennymi wyzwaniami. W ramach spotkania przedstawili\u015bmy istotne informacje dotycz\u0105ce prawnych rozwi\u0105za\u0144 zwi\u0105zanych z opiek\u0105 nad osobami z niepe\u0142nosprawno\u015bci\u0105 oraz zagadnie\u0144 zwi\u0105zanych z ich bezpiecze\u0144stwem.<\/p>\n\n\n\n<p>Niezwykle zainteresowaniem cieszy\u0142 si\u0119 punkt informacyjny \u015bl\u0105skiego oddzia\u0142u PFRON oraz nasz w\u0142asny punkt, gdzie prezentowali\u015bmy nowoczesne sprz\u0119ty dedykowane osobom z niepe\u0142nosprawno\u015bci\u0105. Nasz zesp\u00f3\u0142 specjalist\u00f3w ch\u0119tnie udziela\u0142 informacji na temat dost\u0119pnych rozwi\u0105za\u0144 i technologii, kt\u00f3re mog\u0105 znacz\u0105co poprawi\u0107 jako\u015b\u0107 \u017cycia os\u00f3b z niepe\u0142nosprawno\u015bciami.<\/p>\n\n\n\n<p>Cieszymy si\u0119, \u017ce mogli\u015bmy by\u0107 cz\u0119\u015bci\u0105 tego wa\u017cnego wydarzenia i mamy nadziej\u0119, \u017ce nasza obecno\u015b\u0107 przyczyni\u0142a si\u0119 do zwi\u0119kszenia \u015bwiadomo\u015bci spo\u0142ecze\u0144stwa na temat potrzeb os\u00f3b z niepe\u0142nosprawno\u015bciami oraz roli ich niezast\u0105pionych opiekun\u00f3w. Wsp\u00f3lnie d\u0105\u017cymy do stworzenia bardziej przyjaznego i zrozumia\u0142ego \u015brodowiska dla wszystkich, niezale\u017cnie od ich indywidualnych potrzeb.<\/p>\n\n\n\n<figure class=\"wp-block-image size-large\"><img fetchpriority=\"high\" decoding=\"async\" width=\"1024\" height=\"768\" src=\"https:\/\/owitsosnowiec.pl\/wp-content\/uploads\/2023\/12\/PHOTO-2023-12-05-10-44-05-1024x768.jpg\" alt=\"\" class=\"wp-image-415\" srcset=\"http:\/\/owitsosnowiec.pl\/wp-content\/uploads\/2023\/12\/PHOTO-2023-12-05-10-44-05-1024x768.jpg 1024w, http:\/\/owitsosnowiec.pl\/wp-content\/uploads\/2023\/12\/PHOTO-2023-12-05-10-44-05-300x225.jpg 300w, http:\/\/owitsosnowiec.pl\/wp-content\/uploads\/2023\/12\/PHOTO-2023-12-05-10-44-05-768x576.jpg 768w, http:\/\/owitsosnowiec.pl\/wp-content\/uploads\/2023\/12\/PHOTO-2023-12-05-10-44-05-1536x1152.jpg 1536w, http:\/\/owitsosnowiec.pl\/wp-content\/uploads\/2023\/12\/PHOTO-2023-12-05-10-44-05.jpg 2048w\" sizes=\"(max-width: 1024px) 100vw, 1024px\" \/><\/figure>\n\n\n\n<figure class=\"wp-block-image size-large\"><img decoding=\"async\" width=\"1024\" height=\"768\" src=\"https:\/\/owitsosnowiec.pl\/wp-content\/uploads\/2023\/12\/PHOTO-2023-12-05-10-44-04-1024x768.jpg\" alt=\"\" class=\"wp-image-416\" srcset=\"http:\/\/owitsosnowiec.pl\/wp-content\/uploads\/2023\/12\/PHOTO-2023-12-05-10-44-04-1024x768.jpg 1024w, http:\/\/owitsosnowiec.pl\/wp-content\/uploads\/2023\/12\/PHOTO-2023-12-05-10-44-04-300x225.jpg 300w, http:\/\/owitsosnowiec.pl\/wp-content\/uploads\/2023\/12\/PHOTO-2023-12-05-10-44-04-768x576.jpg 768w, http:\/\/owitsosnowiec.pl\/wp-content\/uploads\/2023\/12\/PHOTO-2023-12-05-10-44-04-1536x1152.jpg 1536w, http:\/\/owitsosnowiec.pl\/wp-content\/uploads\/2023\/12\/PHOTO-2023-12-05-10-44-04.jpg 2048w\" sizes=\"(max-width: 1024px) 100vw, 1024px\" \/><\/figure>\n\n\n\n<figure class=\"wp-block-image size-large\"><img decoding=\"async\" width=\"1024\" height=\"768\" src=\"https:\/\/owitsosnowiec.pl\/wp-content\/uploads\/2023\/12\/PHOTO-2023-12-05-10-44-01-1024x768.jpg\" alt=\"\" class=\"wp-image-411\" srcset=\"http:\/\/owitsosnowiec.pl\/wp-content\/uploads\/2023\/12\/PHOTO-2023-12-05-10-44-01-1024x768.jpg 1024w, http:\/\/owitsosnowiec.pl\/wp-content\/uploads\/2023\/12\/PHOTO-2023-12-05-10-44-01-300x225.jpg 300w, http:\/\/owitsosnowiec.pl\/wp-content\/uploads\/2023\/12\/PHOTO-2023-12-05-10-44-01-768x576.jpg 768w, http:\/\/owitsosnowiec.pl\/wp-content\/uploads\/2023\/12\/PHOTO-2023-12-05-10-44-01-1536x1152.jpg 1536w, http:\/\/owitsosnowiec.pl\/wp-content\/uploads\/2023\/12\/PHOTO-2023-12-05-10-44-01.jpg 1600w\" sizes=\"(max-width: 1024px) 100vw, 1024px\" \/><\/figure>\n\n\n\n<figure class=\"wp-block-image size-large\"><img loading=\"lazy\" decoding=\"async\" width=\"1024\" height=\"768\" src=\"https:\/\/owitsosnowiec.pl\/wp-content\/uploads\/2023\/12\/PHOTO-2023-12-05-10-44-00-1024x768.jpg\" alt=\"\" class=\"wp-image-413\" srcset=\"http:\/\/owitsosnowiec.pl\/wp-content\/uploads\/2023\/12\/PHOTO-2023-12-05-10-44-00-1024x768.jpg 1024w, http:\/\/owitsosnowiec.pl\/wp-content\/uploads\/2023\/12\/PHOTO-2023-12-05-10-44-00-300x225.jpg 300w, http:\/\/owitsosnowiec.pl\/wp-content\/uploads\/2023\/12\/PHOTO-2023-12-05-10-44-00-768x576.jpg 768w, http:\/\/owitsosnowiec.pl\/wp-content\/uploads\/2023\/12\/PHOTO-2023-12-05-10-44-00-1536x1152.jpg 1536w, http:\/\/owitsosnowiec.pl\/wp-content\/uploads\/2023\/12\/PHOTO-2023-12-05-10-44-00.jpg 1600w\" sizes=\"(max-width: 1024px) 100vw, 1024px\" \/><\/figure>\n\n\n\n<figure class=\"wp-block-image size-large\"><img loading=\"lazy\" decoding=\"async\" width=\"1024\" height=\"768\" src=\"https:\/\/owitsosnowiec.pl\/wp-content\/uploads\/2023\/12\/PHOTO-2023-12-05-10-43-58-1024x768.jpg\" alt=\"\" class=\"wp-image-412\" srcset=\"http:\/\/owitsosnowiec.pl\/wp-content\/uploads\/2023\/12\/PHOTO-2023-12-05-10-43-58-1024x768.jpg 1024w, http:\/\/owitsosnowiec.pl\/wp-content\/uploads\/2023\/12\/PHOTO-2023-12-05-10-43-58-300x225.jpg 300w, http:\/\/owitsosnowiec.pl\/wp-content\/uploads\/2023\/12\/PHOTO-2023-12-05-10-43-58-768x576.jpg 768w, http:\/\/owitsosnowiec.pl\/wp-content\/uploads\/2023\/12\/PHOTO-2023-12-05-10-43-58-1536x1152.jpg 1536w, http:\/\/owitsosnowiec.pl\/wp-content\/uploads\/2023\/12\/PHOTO-2023-12-05-10-43-58.jpg 1600w\" sizes=\"(max-width: 1024px) 100vw, 1024px\" \/><\/figure>\n\n\n\n<figure class=\"wp-block-image size-large\"><img loading=\"lazy\" decoding=\"async\" width=\"1024\" height=\"768\" src=\"https:\/\/owitsosnowiec.pl\/wp-content\/uploads\/2023\/12\/PHOTO-2023-12-05-10-43-57-1024x768.jpg\" alt=\"\" class=\"wp-image-414\" srcset=\"http:\/\/owitsosnowiec.pl\/wp-content\/uploads\/2023\/12\/PHOTO-2023-12-05-10-43-57-1024x768.jpg 1024w, http:\/\/owitsosnowiec.pl\/wp-content\/uploads\/2023\/12\/PHOTO-2023-12-05-10-43-57-300x225.jpg 300w, http:\/\/owitsosnowiec.pl\/wp-content\/uploads\/2023\/12\/PHOTO-2023-12-05-10-43-57-768x576.jpg 768w, http:\/\/owitsosnowiec.pl\/wp-content\/uploads\/2023\/12\/PHOTO-2023-12-05-10-43-57-1536x1152.jpg 1536w, http:\/\/owitsosnowiec.pl\/wp-content\/uploads\/2023\/12\/PHOTO-2023-12-05-10-43-57.jpg 1600w\" sizes=\"(max-width: 1024px) 100vw, 1024px\" \/><\/figure>\n\n\n\n<p><\/p>\n","protected":false},"excerpt":{"rendered":"<p>Dzi\u015b mieli\u015bmy zaszczyt uczestniczy\u0107 w konferencji zorganizowanej z okazji Mi\u0119dzynarodowego Dnia Os\u00f3b Niepe\u0142nosprawnych w Starostwie Powiatowym w Pszczynie. Nasz O\u015brodek Wsparcia i Test\u00f3w anga\u017cuje si\u0119 ju\u017c po raz trzeci z rz\u0119du w to wa\u017cne wydarzenie, maj\u0105ce na celu podniesienie \u015bwiadomo\u015bci spo\u0142ecze\u0144stwa na temat potrzeb i wyzwa\u0144, z jakimi borykaj\u0105 si\u0119 [&hellip;]<\/p>\n","protected":false},"author":1,"featured_media":413,"comment_status":"open","ping_status":"open","sticky":false,"template":"","format":"standard","meta":{"footnotes":""},"categories":[1],"tags":[],"class_list":["post-223","post","type-post","status-publish","format-standard","has-post-thumbnail","hentry","category-bez-kategorii"],"yoast_head":"<!-- This site is optimized with the Yoast SEO plugin v27.2 - https:\/\/yoast.com\/product\/yoast-seo-wordpress\/ -->\n<title>Mi\u0119dzynarodowy Dzie\u0144 Os\u00f3b z Niepe\u0142nosprawno\u015bciami w Starostwie Powiatowym w Pszczynie - O\u015brodek Wsparcia i Test\u00f3w w Sosnowcu<\/title>\n<meta name=\"robots\" content=\"index, follow, max-snippet:-1, max-image-preview:large, max-video-preview:-1\" \/>\n<link rel=\"canonical\" href=\"https:\/\/owitsosnowiec.pl\/?p=223\" \/>\n<meta property=\"og:locale\" content=\"pl_PL\" \/>\n<meta property=\"og:type\" content=\"article\" \/>\n<meta property=\"og:title\" content=\"Mi\u0119dzynarodowy Dzie\u0144 Os\u00f3b z Niepe\u0142nosprawno\u015bciami w Starostwie Powiatowym w Pszczynie - O\u015brodek Wsparcia i Test\u00f3w w Sosnowcu\" \/>\n<meta property=\"og:description\" content=\"Dzi\u015b mieli\u015bmy zaszczyt uczestniczy\u0107 w konferencji zorganizowanej z okazji Mi\u0119dzynarodowego Dnia Os\u00f3b Niepe\u0142nosprawnych w Starostwie Powiatowym w Pszczynie. Nasz O\u015brodek Wsparcia i Test\u00f3w anga\u017cuje si\u0119 ju\u017c po raz trzeci z rz\u0119du w to wa\u017cne wydarzenie, maj\u0105ce na celu podniesienie \u015bwiadomo\u015bci spo\u0142ecze\u0144stwa na temat potrzeb i wyzwa\u0144, z jakimi borykaj\u0105 si\u0119 [&hellip;]\" \/>\n<meta property=\"og:url\" content=\"https:\/\/owitsosnowiec.pl\/?p=223\" \/>\n<meta property=\"og:site_name\" content=\"O\u015brodek Wsparcia i Test\u00f3w w Sosnowcu\" \/>\n<meta property=\"article:published_time\" content=\"2023-12-01T11:03:03+00:00\" \/>\n<meta property=\"article:modified_time\" content=\"2026-04-16T07:36:31+00:00\" \/>\n<meta property=\"og:image\" content=\"https:\/\/owitsosnowiec.pl\/wp-content\/uploads\/2023\/12\/PHOTO-2023-12-05-10-44-00.jpg\" \/>\n\t<meta property=\"og:image:width\" content=\"1600\" \/>\n\t<meta property=\"og:image:height\" content=\"1200\" \/>\n\t<meta property=\"og:image:type\" content=\"image\/jpeg\" \/>\n<meta name=\"author\" content=\"admin\" \/>\n<meta name=\"twitter:card\" content=\"summary_large_image\" \/>\n<meta name=\"twitter:label1\" content=\"Napisane przez\" \/>\n\t<meta name=\"twitter:data1\" content=\"admin\" \/>\n\t<meta name=\"twitter:label2\" content=\"Szacowany czas czytania\" \/>\n\t<meta name=\"twitter:data2\" content=\"3 minuty\" \/>\n<script type=\"application\/ld+json\" class=\"yoast-schema-graph\">{\"@context\":\"https:\/\/schema.org\",\"@graph\":[{\"@type\":\"Article\",\"@id\":\"https:\/\/owitsosnowiec.pl\/?p=223#article\",\"isPartOf\":{\"@id\":\"https:\/\/owitsosnowiec.pl\/?p=223\"},\"author\":{\"name\":\"admin\",\"@id\":\"http:\/\/owitsosnowiec.pl\/#\/schema\/person\/a89842fe862e6af003c5d0d36d630c7c\"},\"headline\":\"Mi\u0119dzynarodowy Dzie\u0144 Os\u00f3b z Niepe\u0142nosprawno\u015bciami w Starostwie Powiatowym w Pszczynie\",\"datePublished\":\"2023-12-01T11:03:03+00:00\",\"dateModified\":\"2026-04-16T07:36:31+00:00\",\"mainEntityOfPage\":{\"@id\":\"https:\/\/owitsosnowiec.pl\/?p=223\"},\"wordCount\":283,\"commentCount\":0,\"publisher\":{\"@id\":\"http:\/\/owitsosnowiec.pl\/#organization\"},\"image\":{\"@id\":\"https:\/\/owitsosnowiec.pl\/?p=223#primaryimage\"},\"thumbnailUrl\":\"http:\/\/owitsosnowiec.pl\/wp-content\/uploads\/2023\/12\/PHOTO-2023-12-05-10-44-00.jpg\",\"inLanguage\":\"pl-PL\",\"potentialAction\":[{\"@type\":\"CommentAction\",\"name\":\"Comment\",\"target\":[\"https:\/\/owitsosnowiec.pl\/?p=223#respond\"]}]},{\"@type\":\"WebPage\",\"@id\":\"https:\/\/owitsosnowiec.pl\/?p=223\",\"url\":\"https:\/\/owitsosnowiec.pl\/?p=223\",\"name\":\"Mi\u0119dzynarodowy Dzie\u0144 Os\u00f3b z Niepe\u0142nosprawno\u015bciami w Starostwie Powiatowym w Pszczynie - O\u015brodek Wsparcia i Test\u00f3w w Sosnowcu\",\"isPartOf\":{\"@id\":\"http:\/\/owitsosnowiec.pl\/#website\"},\"primaryImageOfPage\":{\"@id\":\"https:\/\/owitsosnowiec.pl\/?p=223#primaryimage\"},\"image\":{\"@id\":\"https:\/\/owitsosnowiec.pl\/?p=223#primaryimage\"},\"thumbnailUrl\":\"http:\/\/owitsosnowiec.pl\/wp-content\/uploads\/2023\/12\/PHOTO-2023-12-05-10-44-00.jpg\",\"datePublished\":\"2023-12-01T11:03:03+00:00\",\"dateModified\":\"2026-04-16T07:36:31+00:00\",\"breadcrumb\":{\"@id\":\"https:\/\/owitsosnowiec.pl\/?p=223#breadcrumb\"},\"inLanguage\":\"pl-PL\",\"potentialAction\":[{\"@type\":\"ReadAction\",\"target\":[\"https:\/\/owitsosnowiec.pl\/?p=223\"]}]},{\"@type\":\"ImageObject\",\"inLanguage\":\"pl-PL\",\"@id\":\"https:\/\/owitsosnowiec.pl\/?p=223#primaryimage\",\"url\":\"http:\/\/owitsosnowiec.pl\/wp-content\/uploads\/2023\/12\/PHOTO-2023-12-05-10-44-00.jpg\",\"contentUrl\":\"http:\/\/owitsosnowiec.pl\/wp-content\/uploads\/2023\/12\/PHOTO-2023-12-05-10-44-00.jpg\",\"width\":1600,\"height\":1200},{\"@type\":\"BreadcrumbList\",\"@id\":\"https:\/\/owitsosnowiec.pl\/?p=223#breadcrumb\",\"itemListElement\":[{\"@type\":\"ListItem\",\"position\":1,\"name\":\"Home\",\"item\":\"http:\/\/owitsosnowiec.pl\/\"},{\"@type\":\"ListItem\",\"position\":2,\"name\":\"Mi\u0119dzynarodowy Dzie\u0144 Os\u00f3b z Niepe\u0142nosprawno\u015bciami w Starostwie Powiatowym w Pszczynie\"}]},{\"@type\":\"WebSite\",\"@id\":\"http:\/\/owitsosnowiec.pl\/#website\",\"url\":\"http:\/\/owitsosnowiec.pl\/\",\"name\":\"O\u015brodek Wsparcia i Test\u00f3w w Sosnowcu\",\"description\":\"\",\"publisher\":{\"@id\":\"http:\/\/owitsosnowiec.pl\/#organization\"},\"potentialAction\":[{\"@type\":\"SearchAction\",\"target\":{\"@type\":\"EntryPoint\",\"urlTemplate\":\"http:\/\/owitsosnowiec.pl\/?s={search_term_string}\"},\"query-input\":{\"@type\":\"PropertyValueSpecification\",\"valueRequired\":true,\"valueName\":\"search_term_string\"}}],\"inLanguage\":\"pl-PL\"},{\"@type\":\"Organization\",\"@id\":\"http:\/\/owitsosnowiec.pl\/#organization\",\"name\":\"O\u015brodek Wsparcia i Test\u00f3w w Sosnowcu\",\"url\":\"http:\/\/owitsosnowiec.pl\/\",\"logo\":{\"@type\":\"ImageObject\",\"inLanguage\":\"pl-PL\",\"@id\":\"http:\/\/owitsosnowiec.pl\/#\/schema\/logo\/image\/\",\"url\":\"http:\/\/owitsosnowiec.pl\/wp-content\/uploads\/2026\/04\/Projekt-bez-nazwy.png\",\"contentUrl\":\"http:\/\/owitsosnowiec.pl\/wp-content\/uploads\/2026\/04\/Projekt-bez-nazwy.png\",\"width\":2017,\"height\":733,\"caption\":\"O\u015brodek Wsparcia i Test\u00f3w w Sosnowcu\"},\"image\":{\"@id\":\"http:\/\/owitsosnowiec.pl\/#\/schema\/logo\/image\/\"}},{\"@type\":\"Person\",\"@id\":\"http:\/\/owitsosnowiec.pl\/#\/schema\/person\/a89842fe862e6af003c5d0d36d630c7c\",\"name\":\"admin\",\"image\":{\"@type\":\"ImageObject\",\"inLanguage\":\"pl-PL\",\"@id\":\"https:\/\/secure.gravatar.com\/avatar\/5e4944fe247161ff26b33b416ef5c794327c5dc77e48a59d6fa95ae7d24c4ed6?s=96&d=mm&r=g\",\"url\":\"https:\/\/secure.gravatar.com\/avatar\/5e4944fe247161ff26b33b416ef5c794327c5dc77e48a59d6fa95ae7d24c4ed6?s=96&d=mm&r=g\",\"contentUrl\":\"https:\/\/secure.gravatar.com\/avatar\/5e4944fe247161ff26b33b416ef5c794327c5dc77e48a59d6fa95ae7d24c4ed6?s=96&d=mm&r=g\",\"caption\":\"admin\"},\"sameAs\":[\"https:\/\/example.com\"],\"url\":\"http:\/\/owitsosnowiec.pl\/?author=1\"}]}<\/script>\n<!-- \/ Yoast SEO plugin. -->","yoast_head_json":{"title":"Mi\u0119dzynarodowy Dzie\u0144 Os\u00f3b z Niepe\u0142nosprawno\u015bciami w Starostwie Powiatowym w Pszczynie - O\u015brodek Wsparcia i Test\u00f3w w Sosnowcu","robots":{"index":"index","follow":"follow","max-snippet":"max-snippet:-1","max-image-preview":"max-image-preview:large","max-video-preview":"max-video-preview:-1"},"canonical":"https:\/\/owitsosnowiec.pl\/?p=223","og_locale":"pl_PL","og_type":"article","og_title":"Mi\u0119dzynarodowy Dzie\u0144 Os\u00f3b z Niepe\u0142nosprawno\u015bciami w Starostwie Powiatowym w Pszczynie - O\u015brodek Wsparcia i Test\u00f3w w Sosnowcu","og_description":"Dzi\u015b mieli\u015bmy zaszczyt uczestniczy\u0107 w konferencji zorganizowanej z okazji Mi\u0119dzynarodowego Dnia Os\u00f3b Niepe\u0142nosprawnych w Starostwie Powiatowym w Pszczynie. Nasz O\u015brodek Wsparcia i Test\u00f3w anga\u017cuje si\u0119 ju\u017c po raz trzeci z rz\u0119du w to wa\u017cne wydarzenie, maj\u0105ce na celu podniesienie \u015bwiadomo\u015bci spo\u0142ecze\u0144stwa na temat potrzeb i wyzwa\u0144, z jakimi borykaj\u0105 si\u0119 [&hellip;]","og_url":"https:\/\/owitsosnowiec.pl\/?p=223","og_site_name":"O\u015brodek Wsparcia i Test\u00f3w w Sosnowcu","article_published_time":"2023-12-01T11:03:03+00:00","article_modified_time":"2026-04-16T07:36:31+00:00","og_image":[{"width":1600,"height":1200,"url":"https:\/\/owitsosnowiec.pl\/wp-content\/uploads\/2023\/12\/PHOTO-2023-12-05-10-44-00.jpg","type":"image\/jpeg"}],"author":"admin","twitter_card":"summary_large_image","twitter_misc":{"Napisane przez":"admin","Szacowany czas czytania":"3 minuty"},"schema":{"@context":"https:\/\/schema.org","@graph":[{"@type":"Article","@id":"https:\/\/owitsosnowiec.pl\/?p=223#article","isPartOf":{"@id":"https:\/\/owitsosnowiec.pl\/?p=223"},"author":{"name":"admin","@id":"http:\/\/owitsosnowiec.pl\/#\/schema\/person\/a89842fe862e6af003c5d0d36d630c7c"},"headline":"Mi\u0119dzynarodowy Dzie\u0144 Os\u00f3b z Niepe\u0142nosprawno\u015bciami w Starostwie Powiatowym w Pszczynie","datePublished":"2023-12-01T11:03:03+00:00","dateModified":"2026-04-16T07:36:31+00:00","mainEntityOfPage":{"@id":"https:\/\/owitsosnowiec.pl\/?p=223"},"wordCount":283,"commentCount":0,"publisher":{"@id":"http:\/\/owitsosnowiec.pl\/#organization"},"image":{"@id":"https:\/\/owitsosnowiec.pl\/?p=223#primaryimage"},"thumbnailUrl":"http:\/\/owitsosnowiec.pl\/wp-content\/uploads\/2023\/12\/PHOTO-2023-12-05-10-44-00.jpg","inLanguage":"pl-PL","potentialAction":[{"@type":"CommentAction","name":"Comment","target":["https:\/\/owitsosnowiec.pl\/?p=223#respond"]}]},{"@type":"WebPage","@id":"https:\/\/owitsosnowiec.pl\/?p=223","url":"https:\/\/owitsosnowiec.pl\/?p=223","name":"Mi\u0119dzynarodowy Dzie\u0144 Os\u00f3b z Niepe\u0142nosprawno\u015bciami w Starostwie Powiatowym w Pszczynie - O\u015brodek Wsparcia i Test\u00f3w w Sosnowcu","isPartOf":{"@id":"http:\/\/owitsosnowiec.pl\/#website"},"primaryImageOfPage":{"@id":"https:\/\/owitsosnowiec.pl\/?p=223#primaryimage"},"image":{"@id":"https:\/\/owitsosnowiec.pl\/?p=223#primaryimage"},"thumbnailUrl":"http:\/\/owitsosnowiec.pl\/wp-content\/uploads\/2023\/12\/PHOTO-2023-12-05-10-44-00.jpg","datePublished":"2023-12-01T11:03:03+00:00","dateModified":"2026-04-16T07:36:31+00:00","breadcrumb":{"@id":"https:\/\/owitsosnowiec.pl\/?p=223#breadcrumb"},"inLanguage":"pl-PL","potentialAction":[{"@type":"ReadAction","target":["https:\/\/owitsosnowiec.pl\/?p=223"]}]},{"@type":"ImageObject","inLanguage":"pl-PL","@id":"https:\/\/owitsosnowiec.pl\/?p=223#primaryimage","url":"http:\/\/owitsosnowiec.pl\/wp-content\/uploads\/2023\/12\/PHOTO-2023-12-05-10-44-00.jpg","contentUrl":"http:\/\/owitsosnowiec.pl\/wp-content\/uploads\/2023\/12\/PHOTO-2023-12-05-10-44-00.jpg","width":1600,"height":1200},{"@type":"BreadcrumbList","@id":"https:\/\/owitsosnowiec.pl\/?p=223#breadcrumb","itemListElement":[{"@type":"ListItem","position":1,"name":"Home","item":"http:\/\/owitsosnowiec.pl\/"},{"@type":"ListItem","position":2,"name":"Mi\u0119dzynarodowy Dzie\u0144 Os\u00f3b z Niepe\u0142nosprawno\u015bciami w Starostwie Powiatowym w Pszczynie"}]},{"@type":"WebSite","@id":"http:\/\/owitsosnowiec.pl\/#website","url":"http:\/\/owitsosnowiec.pl\/","name":"O\u015brodek Wsparcia i Test\u00f3w w Sosnowcu","description":"","publisher":{"@id":"http:\/\/owitsosnowiec.pl\/#organization"},"potentialAction":[{"@type":"SearchAction","target":{"@type":"EntryPoint","urlTemplate":"http:\/\/owitsosnowiec.pl\/?s={search_term_string}"},"query-input":{"@type":"PropertyValueSpecification","valueRequired":true,"valueName":"search_term_string"}}],"inLanguage":"pl-PL"},{"@type":"Organization","@id":"http:\/\/owitsosnowiec.pl\/#organization","name":"O\u015brodek Wsparcia i Test\u00f3w w Sosnowcu","url":"http:\/\/owitsosnowiec.pl\/","logo":{"@type":"ImageObject","inLanguage":"pl-PL","@id":"http:\/\/owitsosnowiec.pl\/#\/schema\/logo\/image\/","url":"http:\/\/owitsosnowiec.pl\/wp-content\/uploads\/2026\/04\/Projekt-bez-nazwy.png","contentUrl":"http:\/\/owitsosnowiec.pl\/wp-content\/uploads\/2026\/04\/Projekt-bez-nazwy.png","width":2017,"height":733,"caption":"O\u015brodek Wsparcia i Test\u00f3w w Sosnowcu"},"image":{"@id":"http:\/\/owitsosnowiec.pl\/#\/schema\/logo\/image\/"}},{"@type":"Person","@id":"http:\/\/owitsosnowiec.pl\/#\/schema\/person\/a89842fe862e6af003c5d0d36d630c7c","name":"admin","image":{"@type":"ImageObject","inLanguage":"pl-PL","@id":"https:\/\/secure.gravatar.com\/avatar\/5e4944fe247161ff26b33b416ef5c794327c5dc77e48a59d6fa95ae7d24c4ed6?s=96&d=mm&r=g","url":"https:\/\/secure.gravatar.com\/avatar\/5e4944fe247161ff26b33b416ef5c794327c5dc77e48a59d6fa95ae7d24c4ed6?s=96&d=mm&r=g","contentUrl":"https:\/\/secure.gravatar.com\/avatar\/5e4944fe247161ff26b33b416ef5c794327c5dc77e48a59d6fa95ae7d24c4ed6?s=96&d=mm&r=g","caption":"admin"},"sameAs":["https:\/\/example.com"],"url":"http:\/\/owitsosnowiec.pl\/?author=1"}]}},"_links":{"self":[{"href":"http:\/\/owitsosnowiec.pl\/index.php?rest_route=\/wp\/v2\/posts\/223","targetHints":{"allow":["GET"]}}],"collection":[{"href":"http:\/\/owitsosnowiec.pl\/index.php?rest_route=\/wp\/v2\/posts"}],"about":[{"href":"http:\/\/owitsosnowiec.pl\/index.php?rest_route=\/wp\/v2\/types\/post"}],"author":[{"embeddable":true,"href":"http:\/\/owitsosnowiec.pl\/index.php?rest_route=\/wp\/v2\/users\/1"}],"replies":[{"embeddable":true,"href":"http:\/\/owitsosnowiec.pl\/index.php?rest_route=%2Fwp%2Fv2%2Fcomments&post=223"}],"version-history":[{"count":1,"href":"http:\/\/owitsosnowiec.pl\/index.php?rest_route=\/wp\/v2\/posts\/223\/revisions"}],"predecessor-version":[{"id":418,"href":"http:\/\/owitsosnowiec.pl\/index.php?rest_route=\/wp\/v2\/posts\/223\/revisions\/418"}],"wp:featuredmedia":[{"embeddable":true,"href":"http:\/\/owitsosnowiec.pl\/index.php?rest_route=\/wp\/v2\/media\/413"}],"wp:attachment":[{"href":"http:\/\/owitsosnowiec.pl\/index.php?rest_route=%2Fwp%2Fv2%2Fmedia&parent=223"}],"wp:term":[{"taxonomy":"category","embeddable":true,"href":"http:\/\/owitsosnowiec.pl\/index.php?rest_route=%2Fwp%2Fv2%2Fcategories&post=223"},{"taxonomy":"post_tag","embeddable":true,"href":"http:\/\/owitsosnowiec.pl\/index.php?rest_route=%2Fwp%2Fv2%2Ftags&post=223"}],"curies":[{"name":"wp","href":"https:\/\/api.w.org\/{rel}","templated":true}]}}