{"id":200,"date":"2023-06-14T21:17:00","date_gmt":"2023-06-14T19:17:00","guid":{"rendered":"http:\/\/owit.sosnowiec.pl\/?p=200"},"modified":"2026-04-16T09:34:52","modified_gmt":"2026-04-16T07:34:52","slug":"spotkanie-13-06-2023","status":"publish","type":"post","link":"http:\/\/owitsosnowiec.pl\/?p=200","title":{"rendered":"Spotkanie 13.06.2023"},"content":{"rendered":"\n<p>Na dzisiejszym spotkaniu z Pa\u0144stwowym Funduszem Rehabilitacji Os\u00f3b Niepe\u0142nosprawnych (PFRON) mieli\u015bmy przyjemno\u015b\u0107 przedstawi\u0107 nasz\u0105 dzia\u0142alno\u015b\u0107. Maria Flanczewska-Wolny, kierownik O\u015brodka Wsparcia i Test\u00f3w w Sosnowcu, zaprezentowa\u0142a nasz o\u015brodek oraz dost\u0119pny w nim sprz\u0119t.<\/p>\n\n\n\n<p>Dzi\u0119kujemy PFRON za mo\u017cliwo\u015b\u0107 uczestniczenia w spotkaniu i za szans\u0119 podzielenia si\u0119 nasz\u0105 misj\u0105. To dla nas wa\u017cne, aby kontynuowa\u0107 prac\u0119 nad wsparciem os\u00f3b niepe\u0142nosprawnych.<\/p>\n\n\n\n<figure class=\"wp-block-image size-full\"><img fetchpriority=\"high\" decoding=\"async\" width=\"1024\" height=\"768\" src=\"https:\/\/owitsosnowiec.pl\/wp-content\/uploads\/2023\/06\/PHOTO-2023-06-13-10-37-02-3.jpg\" alt=\"\" class=\"wp-image-406\" srcset=\"http:\/\/owitsosnowiec.pl\/wp-content\/uploads\/2023\/06\/PHOTO-2023-06-13-10-37-02-3.jpg 1024w, http:\/\/owitsosnowiec.pl\/wp-content\/uploads\/2023\/06\/PHOTO-2023-06-13-10-37-02-3-300x225.jpg 300w, http:\/\/owitsosnowiec.pl\/wp-content\/uploads\/2023\/06\/PHOTO-2023-06-13-10-37-02-3-768x576.jpg 768w\" sizes=\"(max-width: 1024px) 100vw, 1024px\" \/><\/figure>\n\n\n\n<figure class=\"wp-block-image size-full\"><img decoding=\"async\" width=\"1024\" height=\"768\" src=\"https:\/\/owitsosnowiec.pl\/wp-content\/uploads\/2023\/06\/PHOTO-2023-06-13-10-37-02-2.jpg\" alt=\"\" class=\"wp-image-407\" srcset=\"http:\/\/owitsosnowiec.pl\/wp-content\/uploads\/2023\/06\/PHOTO-2023-06-13-10-37-02-2.jpg 1024w, http:\/\/owitsosnowiec.pl\/wp-content\/uploads\/2023\/06\/PHOTO-2023-06-13-10-37-02-2-300x225.jpg 300w, http:\/\/owitsosnowiec.pl\/wp-content\/uploads\/2023\/06\/PHOTO-2023-06-13-10-37-02-2-768x576.jpg 768w\" sizes=\"(max-width: 1024px) 100vw, 1024px\" \/><\/figure>\n\n\n\n<figure class=\"wp-block-image size-full\"><img decoding=\"async\" width=\"1024\" height=\"768\" src=\"https:\/\/owitsosnowiec.pl\/wp-content\/uploads\/2023\/06\/PHOTO-2023-06-13-10-37-02.jpg\" alt=\"\" class=\"wp-image-408\" srcset=\"http:\/\/owitsosnowiec.pl\/wp-content\/uploads\/2023\/06\/PHOTO-2023-06-13-10-37-02.jpg 1024w, http:\/\/owitsosnowiec.pl\/wp-content\/uploads\/2023\/06\/PHOTO-2023-06-13-10-37-02-300x225.jpg 300w, http:\/\/owitsosnowiec.pl\/wp-content\/uploads\/2023\/06\/PHOTO-2023-06-13-10-37-02-768x576.jpg 768w\" sizes=\"(max-width: 1024px) 100vw, 1024px\" \/><\/figure>\n","protected":false},"excerpt":{"rendered":"<p>Na dzisiejszym spotkaniu z Pa\u0144stwowym Funduszem Rehabilitacji Os\u00f3b Niepe\u0142nosprawnych (PFRON) mieli\u015bmy przyjemno\u015b\u0107 przedstawi\u0107 nasz\u0105 dzia\u0142alno\u015b\u0107. Maria Flanczewska-Wolny, kierownik O\u015brodka Wsparcia i Test\u00f3w w Sosnowcu, zaprezentowa\u0142a nasz o\u015brodek oraz dost\u0119pny w nim sprz\u0119t. Dzi\u0119kujemy PFRON za mo\u017cliwo\u015b\u0107 uczestniczenia w spotkaniu i za szans\u0119 podzielenia si\u0119 nasz\u0105 misj\u0105. To dla nas wa\u017cne, [&hellip;]<\/p>\n","protected":false},"author":1,"featured_media":406,"comment_status":"open","ping_status":"open","sticky":false,"template":"","format":"standard","meta":{"footnotes":""},"categories":[1],"tags":[],"class_list":["post-200","post","type-post","status-publish","format-standard","has-post-thumbnail","hentry","category-bez-kategorii"],"yoast_head":"<!-- This site is optimized with the Yoast SEO plugin v27.2 - https:\/\/yoast.com\/product\/yoast-seo-wordpress\/ -->\n<title>Spotkanie 13.06.2023 - O\u015brodek Wsparcia i Test\u00f3w w Sosnowcu<\/title>\n<meta name=\"robots\" content=\"index, follow, max-snippet:-1, max-image-preview:large, max-video-preview:-1\" \/>\n<link rel=\"canonical\" href=\"https:\/\/owitsosnowiec.pl\/?p=200\" \/>\n<meta property=\"og:locale\" content=\"pl_PL\" \/>\n<meta property=\"og:type\" content=\"article\" \/>\n<meta property=\"og:title\" content=\"Spotkanie 13.06.2023 - O\u015brodek Wsparcia i Test\u00f3w w Sosnowcu\" \/>\n<meta property=\"og:description\" content=\"Na dzisiejszym spotkaniu z Pa\u0144stwowym Funduszem Rehabilitacji Os\u00f3b Niepe\u0142nosprawnych (PFRON) mieli\u015bmy przyjemno\u015b\u0107 przedstawi\u0107 nasz\u0105 dzia\u0142alno\u015b\u0107. Maria Flanczewska-Wolny, kierownik O\u015brodka Wsparcia i Test\u00f3w w Sosnowcu, zaprezentowa\u0142a nasz o\u015brodek oraz dost\u0119pny w nim sprz\u0119t. Dzi\u0119kujemy PFRON za mo\u017cliwo\u015b\u0107 uczestniczenia w spotkaniu i za szans\u0119 podzielenia si\u0119 nasz\u0105 misj\u0105. To dla nas wa\u017cne, [&hellip;]\" \/>\n<meta property=\"og:url\" content=\"https:\/\/owitsosnowiec.pl\/?p=200\" \/>\n<meta property=\"og:site_name\" content=\"O\u015brodek Wsparcia i Test\u00f3w w Sosnowcu\" \/>\n<meta property=\"article:published_time\" content=\"2023-06-14T19:17:00+00:00\" \/>\n<meta property=\"article:modified_time\" content=\"2026-04-16T07:34:52+00:00\" \/>\n<meta property=\"og:image\" content=\"https:\/\/owitsosnowiec.pl\/wp-content\/uploads\/2023\/06\/PHOTO-2023-06-13-10-37-02-3.jpg\" \/>\n\t<meta property=\"og:image:width\" content=\"1024\" \/>\n\t<meta property=\"og:image:height\" content=\"768\" \/>\n\t<meta property=\"og:image:type\" content=\"image\/jpeg\" \/>\n<meta name=\"author\" content=\"admin\" \/>\n<meta name=\"twitter:card\" content=\"summary_large_image\" \/>\n<meta name=\"twitter:label1\" content=\"Napisane przez\" \/>\n\t<meta name=\"twitter:data1\" content=\"admin\" \/>\n\t<meta name=\"twitter:label2\" content=\"Szacowany czas czytania\" \/>\n\t<meta name=\"twitter:data2\" content=\"2 minuty\" \/>\n<script type=\"application\/ld+json\" class=\"yoast-schema-graph\">{\"@context\":\"https:\/\/schema.org\",\"@graph\":[{\"@type\":\"Article\",\"@id\":\"https:\/\/owitsosnowiec.pl\/?p=200#article\",\"isPartOf\":{\"@id\":\"https:\/\/owitsosnowiec.pl\/?p=200\"},\"author\":{\"name\":\"admin\",\"@id\":\"http:\/\/owitsosnowiec.pl\/#\/schema\/person\/a89842fe862e6af003c5d0d36d630c7c\"},\"headline\":\"Spotkanie 13.06.2023\",\"datePublished\":\"2023-06-14T19:17:00+00:00\",\"dateModified\":\"2026-04-16T07:34:52+00:00\",\"mainEntityOfPage\":{\"@id\":\"https:\/\/owitsosnowiec.pl\/?p=200\"},\"wordCount\":74,\"commentCount\":0,\"publisher\":{\"@id\":\"http:\/\/owitsosnowiec.pl\/#organization\"},\"image\":{\"@id\":\"https:\/\/owitsosnowiec.pl\/?p=200#primaryimage\"},\"thumbnailUrl\":\"http:\/\/owitsosnowiec.pl\/wp-content\/uploads\/2023\/06\/PHOTO-2023-06-13-10-37-02-3.jpg\",\"inLanguage\":\"pl-PL\",\"potentialAction\":[{\"@type\":\"CommentAction\",\"name\":\"Comment\",\"target\":[\"https:\/\/owitsosnowiec.pl\/?p=200#respond\"]}]},{\"@type\":\"WebPage\",\"@id\":\"https:\/\/owitsosnowiec.pl\/?p=200\",\"url\":\"https:\/\/owitsosnowiec.pl\/?p=200\",\"name\":\"Spotkanie 13.06.2023 - O\u015brodek Wsparcia i Test\u00f3w w Sosnowcu\",\"isPartOf\":{\"@id\":\"http:\/\/owitsosnowiec.pl\/#website\"},\"primaryImageOfPage\":{\"@id\":\"https:\/\/owitsosnowiec.pl\/?p=200#primaryimage\"},\"image\":{\"@id\":\"https:\/\/owitsosnowiec.pl\/?p=200#primaryimage\"},\"thumbnailUrl\":\"http:\/\/owitsosnowiec.pl\/wp-content\/uploads\/2023\/06\/PHOTO-2023-06-13-10-37-02-3.jpg\",\"datePublished\":\"2023-06-14T19:17:00+00:00\",\"dateModified\":\"2026-04-16T07:34:52+00:00\",\"breadcrumb\":{\"@id\":\"https:\/\/owitsosnowiec.pl\/?p=200#breadcrumb\"},\"inLanguage\":\"pl-PL\",\"potentialAction\":[{\"@type\":\"ReadAction\",\"target\":[\"https:\/\/owitsosnowiec.pl\/?p=200\"]}]},{\"@type\":\"ImageObject\",\"inLanguage\":\"pl-PL\",\"@id\":\"https:\/\/owitsosnowiec.pl\/?p=200#primaryimage\",\"url\":\"http:\/\/owitsosnowiec.pl\/wp-content\/uploads\/2023\/06\/PHOTO-2023-06-13-10-37-02-3.jpg\",\"contentUrl\":\"http:\/\/owitsosnowiec.pl\/wp-content\/uploads\/2023\/06\/PHOTO-2023-06-13-10-37-02-3.jpg\",\"width\":1024,\"height\":768},{\"@type\":\"BreadcrumbList\",\"@id\":\"https:\/\/owitsosnowiec.pl\/?p=200#breadcrumb\",\"itemListElement\":[{\"@type\":\"ListItem\",\"position\":1,\"name\":\"Home\",\"item\":\"http:\/\/owitsosnowiec.pl\/\"},{\"@type\":\"ListItem\",\"position\":2,\"name\":\"Spotkanie 13.06.2023\"}]},{\"@type\":\"WebSite\",\"@id\":\"http:\/\/owitsosnowiec.pl\/#website\",\"url\":\"http:\/\/owitsosnowiec.pl\/\",\"name\":\"O\u015brodek Wsparcia i Test\u00f3w w Sosnowcu\",\"description\":\"\",\"publisher\":{\"@id\":\"http:\/\/owitsosnowiec.pl\/#organization\"},\"potentialAction\":[{\"@type\":\"SearchAction\",\"target\":{\"@type\":\"EntryPoint\",\"urlTemplate\":\"http:\/\/owitsosnowiec.pl\/?s={search_term_string}\"},\"query-input\":{\"@type\":\"PropertyValueSpecification\",\"valueRequired\":true,\"valueName\":\"search_term_string\"}}],\"inLanguage\":\"pl-PL\"},{\"@type\":\"Organization\",\"@id\":\"http:\/\/owitsosnowiec.pl\/#organization\",\"name\":\"O\u015brodek Wsparcia i Test\u00f3w w Sosnowcu\",\"url\":\"http:\/\/owitsosnowiec.pl\/\",\"logo\":{\"@type\":\"ImageObject\",\"inLanguage\":\"pl-PL\",\"@id\":\"http:\/\/owitsosnowiec.pl\/#\/schema\/logo\/image\/\",\"url\":\"http:\/\/owitsosnowiec.pl\/wp-content\/uploads\/2026\/04\/Projekt-bez-nazwy.png\",\"contentUrl\":\"http:\/\/owitsosnowiec.pl\/wp-content\/uploads\/2026\/04\/Projekt-bez-nazwy.png\",\"width\":2017,\"height\":733,\"caption\":\"O\u015brodek Wsparcia i Test\u00f3w w Sosnowcu\"},\"image\":{\"@id\":\"http:\/\/owitsosnowiec.pl\/#\/schema\/logo\/image\/\"}},{\"@type\":\"Person\",\"@id\":\"http:\/\/owitsosnowiec.pl\/#\/schema\/person\/a89842fe862e6af003c5d0d36d630c7c\",\"name\":\"admin\",\"image\":{\"@type\":\"ImageObject\",\"inLanguage\":\"pl-PL\",\"@id\":\"https:\/\/secure.gravatar.com\/avatar\/5e4944fe247161ff26b33b416ef5c794327c5dc77e48a59d6fa95ae7d24c4ed6?s=96&d=mm&r=g\",\"url\":\"https:\/\/secure.gravatar.com\/avatar\/5e4944fe247161ff26b33b416ef5c794327c5dc77e48a59d6fa95ae7d24c4ed6?s=96&d=mm&r=g\",\"contentUrl\":\"https:\/\/secure.gravatar.com\/avatar\/5e4944fe247161ff26b33b416ef5c794327c5dc77e48a59d6fa95ae7d24c4ed6?s=96&d=mm&r=g\",\"caption\":\"admin\"},\"sameAs\":[\"https:\/\/example.com\"],\"url\":\"http:\/\/owitsosnowiec.pl\/?author=1\"}]}<\/script>\n<!-- \/ Yoast SEO plugin. -->","yoast_head_json":{"title":"Spotkanie 13.06.2023 - O\u015brodek Wsparcia i Test\u00f3w w Sosnowcu","robots":{"index":"index","follow":"follow","max-snippet":"max-snippet:-1","max-image-preview":"max-image-preview:large","max-video-preview":"max-video-preview:-1"},"canonical":"https:\/\/owitsosnowiec.pl\/?p=200","og_locale":"pl_PL","og_type":"article","og_title":"Spotkanie 13.06.2023 - O\u015brodek Wsparcia i Test\u00f3w w Sosnowcu","og_description":"Na dzisiejszym spotkaniu z Pa\u0144stwowym Funduszem Rehabilitacji Os\u00f3b Niepe\u0142nosprawnych (PFRON) mieli\u015bmy przyjemno\u015b\u0107 przedstawi\u0107 nasz\u0105 dzia\u0142alno\u015b\u0107. Maria Flanczewska-Wolny, kierownik O\u015brodka Wsparcia i Test\u00f3w w Sosnowcu, zaprezentowa\u0142a nasz o\u015brodek oraz dost\u0119pny w nim sprz\u0119t. Dzi\u0119kujemy PFRON za mo\u017cliwo\u015b\u0107 uczestniczenia w spotkaniu i za szans\u0119 podzielenia si\u0119 nasz\u0105 misj\u0105. To dla nas wa\u017cne, [&hellip;]","og_url":"https:\/\/owitsosnowiec.pl\/?p=200","og_site_name":"O\u015brodek Wsparcia i Test\u00f3w w Sosnowcu","article_published_time":"2023-06-14T19:17:00+00:00","article_modified_time":"2026-04-16T07:34:52+00:00","og_image":[{"width":1024,"height":768,"url":"https:\/\/owitsosnowiec.pl\/wp-content\/uploads\/2023\/06\/PHOTO-2023-06-13-10-37-02-3.jpg","type":"image\/jpeg"}],"author":"admin","twitter_card":"summary_large_image","twitter_misc":{"Napisane przez":"admin","Szacowany czas czytania":"2 minuty"},"schema":{"@context":"https:\/\/schema.org","@graph":[{"@type":"Article","@id":"https:\/\/owitsosnowiec.pl\/?p=200#article","isPartOf":{"@id":"https:\/\/owitsosnowiec.pl\/?p=200"},"author":{"name":"admin","@id":"http:\/\/owitsosnowiec.pl\/#\/schema\/person\/a89842fe862e6af003c5d0d36d630c7c"},"headline":"Spotkanie 13.06.2023","datePublished":"2023-06-14T19:17:00+00:00","dateModified":"2026-04-16T07:34:52+00:00","mainEntityOfPage":{"@id":"https:\/\/owitsosnowiec.pl\/?p=200"},"wordCount":74,"commentCount":0,"publisher":{"@id":"http:\/\/owitsosnowiec.pl\/#organization"},"image":{"@id":"https:\/\/owitsosnowiec.pl\/?p=200#primaryimage"},"thumbnailUrl":"http:\/\/owitsosnowiec.pl\/wp-content\/uploads\/2023\/06\/PHOTO-2023-06-13-10-37-02-3.jpg","inLanguage":"pl-PL","potentialAction":[{"@type":"CommentAction","name":"Comment","target":["https:\/\/owitsosnowiec.pl\/?p=200#respond"]}]},{"@type":"WebPage","@id":"https:\/\/owitsosnowiec.pl\/?p=200","url":"https:\/\/owitsosnowiec.pl\/?p=200","name":"Spotkanie 13.06.2023 - O\u015brodek Wsparcia i Test\u00f3w w Sosnowcu","isPartOf":{"@id":"http:\/\/owitsosnowiec.pl\/#website"},"primaryImageOfPage":{"@id":"https:\/\/owitsosnowiec.pl\/?p=200#primaryimage"},"image":{"@id":"https:\/\/owitsosnowiec.pl\/?p=200#primaryimage"},"thumbnailUrl":"http:\/\/owitsosnowiec.pl\/wp-content\/uploads\/2023\/06\/PHOTO-2023-06-13-10-37-02-3.jpg","datePublished":"2023-06-14T19:17:00+00:00","dateModified":"2026-04-16T07:34:52+00:00","breadcrumb":{"@id":"https:\/\/owitsosnowiec.pl\/?p=200#breadcrumb"},"inLanguage":"pl-PL","potentialAction":[{"@type":"ReadAction","target":["https:\/\/owitsosnowiec.pl\/?p=200"]}]},{"@type":"ImageObject","inLanguage":"pl-PL","@id":"https:\/\/owitsosnowiec.pl\/?p=200#primaryimage","url":"http:\/\/owitsosnowiec.pl\/wp-content\/uploads\/2023\/06\/PHOTO-2023-06-13-10-37-02-3.jpg","contentUrl":"http:\/\/owitsosnowiec.pl\/wp-content\/uploads\/2023\/06\/PHOTO-2023-06-13-10-37-02-3.jpg","width":1024,"height":768},{"@type":"BreadcrumbList","@id":"https:\/\/owitsosnowiec.pl\/?p=200#breadcrumb","itemListElement":[{"@type":"ListItem","position":1,"name":"Home","item":"http:\/\/owitsosnowiec.pl\/"},{"@type":"ListItem","position":2,"name":"Spotkanie 13.06.2023"}]},{"@type":"WebSite","@id":"http:\/\/owitsosnowiec.pl\/#website","url":"http:\/\/owitsosnowiec.pl\/","name":"O\u015brodek Wsparcia i Test\u00f3w w Sosnowcu","description":"","publisher":{"@id":"http:\/\/owitsosnowiec.pl\/#organization"},"potentialAction":[{"@type":"SearchAction","target":{"@type":"EntryPoint","urlTemplate":"http:\/\/owitsosnowiec.pl\/?s={search_term_string}"},"query-input":{"@type":"PropertyValueSpecification","valueRequired":true,"valueName":"search_term_string"}}],"inLanguage":"pl-PL"},{"@type":"Organization","@id":"http:\/\/owitsosnowiec.pl\/#organization","name":"O\u015brodek Wsparcia i Test\u00f3w w Sosnowcu","url":"http:\/\/owitsosnowiec.pl\/","logo":{"@type":"ImageObject","inLanguage":"pl-PL","@id":"http:\/\/owitsosnowiec.pl\/#\/schema\/logo\/image\/","url":"http:\/\/owitsosnowiec.pl\/wp-content\/uploads\/2026\/04\/Projekt-bez-nazwy.png","contentUrl":"http:\/\/owitsosnowiec.pl\/wp-content\/uploads\/2026\/04\/Projekt-bez-nazwy.png","width":2017,"height":733,"caption":"O\u015brodek Wsparcia i Test\u00f3w w Sosnowcu"},"image":{"@id":"http:\/\/owitsosnowiec.pl\/#\/schema\/logo\/image\/"}},{"@type":"Person","@id":"http:\/\/owitsosnowiec.pl\/#\/schema\/person\/a89842fe862e6af003c5d0d36d630c7c","name":"admin","image":{"@type":"ImageObject","inLanguage":"pl-PL","@id":"https:\/\/secure.gravatar.com\/avatar\/5e4944fe247161ff26b33b416ef5c794327c5dc77e48a59d6fa95ae7d24c4ed6?s=96&d=mm&r=g","url":"https:\/\/secure.gravatar.com\/avatar\/5e4944fe247161ff26b33b416ef5c794327c5dc77e48a59d6fa95ae7d24c4ed6?s=96&d=mm&r=g","contentUrl":"https:\/\/secure.gravatar.com\/avatar\/5e4944fe247161ff26b33b416ef5c794327c5dc77e48a59d6fa95ae7d24c4ed6?s=96&d=mm&r=g","caption":"admin"},"sameAs":["https:\/\/example.com"],"url":"http:\/\/owitsosnowiec.pl\/?author=1"}]}},"_links":{"self":[{"href":"http:\/\/owitsosnowiec.pl\/index.php?rest_route=\/wp\/v2\/posts\/200","targetHints":{"allow":["GET"]}}],"collection":[{"href":"http:\/\/owitsosnowiec.pl\/index.php?rest_route=\/wp\/v2\/posts"}],"about":[{"href":"http:\/\/owitsosnowiec.pl\/index.php?rest_route=\/wp\/v2\/types\/post"}],"author":[{"embeddable":true,"href":"http:\/\/owitsosnowiec.pl\/index.php?rest_route=\/wp\/v2\/users\/1"}],"replies":[{"embeddable":true,"href":"http:\/\/owitsosnowiec.pl\/index.php?rest_route=%2Fwp%2Fv2%2Fcomments&post=200"}],"version-history":[{"count":1,"href":"http:\/\/owitsosnowiec.pl\/index.php?rest_route=\/wp\/v2\/posts\/200\/revisions"}],"predecessor-version":[{"id":410,"href":"http:\/\/owitsosnowiec.pl\/index.php?rest_route=\/wp\/v2\/posts\/200\/revisions\/410"}],"wp:featuredmedia":[{"embeddable":true,"href":"http:\/\/owitsosnowiec.pl\/index.php?rest_route=\/wp\/v2\/media\/406"}],"wp:attachment":[{"href":"http:\/\/owitsosnowiec.pl\/index.php?rest_route=%2Fwp%2Fv2%2Fmedia&parent=200"}],"wp:term":[{"taxonomy":"category","embeddable":true,"href":"http:\/\/owitsosnowiec.pl\/index.php?rest_route=%2Fwp%2Fv2%2Fcategories&post=200"},{"taxonomy":"post_tag","embeddable":true,"href":"http:\/\/owitsosnowiec.pl\/index.php?rest_route=%2Fwp%2Fv2%2Ftags&post=200"}],"curies":[{"name":"wp","href":"https:\/\/api.w.org\/{rel}","templated":true}]}}