{"id":189,"date":"2022-12-06T14:04:37","date_gmt":"2022-12-06T13:04:37","guid":{"rendered":"http:\/\/owit.sosnowiec.pl\/?p=189"},"modified":"2026-04-16T09:33:41","modified_gmt":"2026-04-16T07:33:41","slug":"miedzynarodowe-dni-osob-niepelnosprawnych-i-wolontariatu","status":"publish","type":"post","link":"http:\/\/owitsosnowiec.pl\/?p=189","title":{"rendered":"Mi\u0119dzynarodowe Dni Os\u00f3b Niepe\u0142nosprawnych i Wolontariatu"},"content":{"rendered":"\n<p>W Zabrzu organizowane s\u0105 Mi\u0119dzynarodowe Dni Os\u00f3b Niepe\u0142nosprawnych i Wolontariatu!<\/p>\n\n\n\n<p>Dzisiaj jeste\u015bmy na konferencji pod nazw\u0105 \u201eDroga do niezale\u017cno\u015bci \u2013 formy wsparcia os\u00f3b z niepe\u0142nosprawno\u015bci\u0105 i ich rodzin.\u201d<\/p>\n\n\n\n<figure class=\"wp-block-gallery has-nested-images columns-default is-cropped wp-block-gallery-1 is-layout-flex wp-block-gallery-is-layout-flex\">\n<figure class=\"wp-block-image size-large\"><img fetchpriority=\"high\" decoding=\"async\" width=\"1024\" height=\"766\" data-id=\"399\" src=\"https:\/\/owitsosnowiec.pl\/wp-content\/uploads\/2022\/12\/PHOTO-2022-12-06-10-59-42-1024x766.jpg\" alt=\"\" class=\"wp-image-399\" srcset=\"http:\/\/owitsosnowiec.pl\/wp-content\/uploads\/2022\/12\/PHOTO-2022-12-06-10-59-42-1024x766.jpg 1024w, http:\/\/owitsosnowiec.pl\/wp-content\/uploads\/2022\/12\/PHOTO-2022-12-06-10-59-42-300x224.jpg 300w, http:\/\/owitsosnowiec.pl\/wp-content\/uploads\/2022\/12\/PHOTO-2022-12-06-10-59-42-768x575.jpg 768w, http:\/\/owitsosnowiec.pl\/wp-content\/uploads\/2022\/12\/PHOTO-2022-12-06-10-59-42-1536x1149.jpg 1536w, http:\/\/owitsosnowiec.pl\/wp-content\/uploads\/2022\/12\/PHOTO-2022-12-06-10-59-42.jpg 1600w\" sizes=\"(max-width: 1024px) 100vw, 1024px\" \/><\/figure>\n\n\n\n<figure class=\"wp-block-image size-large\"><img decoding=\"async\" width=\"1024\" height=\"768\" data-id=\"400\" src=\"https:\/\/owitsosnowiec.pl\/wp-content\/uploads\/2022\/12\/PHOTO-2022-12-06-10-15-02-2-1024x768.jpg\" alt=\"\" class=\"wp-image-400\" srcset=\"http:\/\/owitsosnowiec.pl\/wp-content\/uploads\/2022\/12\/PHOTO-2022-12-06-10-15-02-2-1024x768.jpg 1024w, http:\/\/owitsosnowiec.pl\/wp-content\/uploads\/2022\/12\/PHOTO-2022-12-06-10-15-02-2-300x225.jpg 300w, http:\/\/owitsosnowiec.pl\/wp-content\/uploads\/2022\/12\/PHOTO-2022-12-06-10-15-02-2-768x576.jpg 768w, http:\/\/owitsosnowiec.pl\/wp-content\/uploads\/2022\/12\/PHOTO-2022-12-06-10-15-02-2-1536x1152.jpg 1536w, http:\/\/owitsosnowiec.pl\/wp-content\/uploads\/2022\/12\/PHOTO-2022-12-06-10-15-02-2.jpg 1600w\" sizes=\"(max-width: 1024px) 100vw, 1024px\" \/><\/figure>\n\n\n\n<figure class=\"wp-block-image size-large\"><img decoding=\"async\" width=\"1024\" height=\"766\" data-id=\"404\" src=\"https:\/\/owitsosnowiec.pl\/wp-content\/uploads\/2022\/12\/PHOTO-2022-12-06-10-15-02-3-1024x766.jpg\" alt=\"\" class=\"wp-image-404\" srcset=\"http:\/\/owitsosnowiec.pl\/wp-content\/uploads\/2022\/12\/PHOTO-2022-12-06-10-15-02-3-1024x766.jpg 1024w, http:\/\/owitsosnowiec.pl\/wp-content\/uploads\/2022\/12\/PHOTO-2022-12-06-10-15-02-3-300x224.jpg 300w, http:\/\/owitsosnowiec.pl\/wp-content\/uploads\/2022\/12\/PHOTO-2022-12-06-10-15-02-3-768x575.jpg 768w, http:\/\/owitsosnowiec.pl\/wp-content\/uploads\/2022\/12\/PHOTO-2022-12-06-10-15-02-3-1536x1149.jpg 1536w, http:\/\/owitsosnowiec.pl\/wp-content\/uploads\/2022\/12\/PHOTO-2022-12-06-10-15-02-3.jpg 1600w\" sizes=\"(max-width: 1024px) 100vw, 1024px\" \/><\/figure>\n\n\n\n<figure class=\"wp-block-image size-large\"><img loading=\"lazy\" decoding=\"async\" width=\"1024\" height=\"768\" data-id=\"402\" src=\"https:\/\/owitsosnowiec.pl\/wp-content\/uploads\/2022\/12\/PHOTO-2022-12-06-10-15-02-1024x768.jpg\" alt=\"\" class=\"wp-image-402\" srcset=\"http:\/\/owitsosnowiec.pl\/wp-content\/uploads\/2022\/12\/PHOTO-2022-12-06-10-15-02-1024x768.jpg 1024w, http:\/\/owitsosnowiec.pl\/wp-content\/uploads\/2022\/12\/PHOTO-2022-12-06-10-15-02-300x225.jpg 300w, http:\/\/owitsosnowiec.pl\/wp-content\/uploads\/2022\/12\/PHOTO-2022-12-06-10-15-02-768x576.jpg 768w, http:\/\/owitsosnowiec.pl\/wp-content\/uploads\/2022\/12\/PHOTO-2022-12-06-10-15-02-1536x1152.jpg 1536w, http:\/\/owitsosnowiec.pl\/wp-content\/uploads\/2022\/12\/PHOTO-2022-12-06-10-15-02.jpg 1600w\" sizes=\"(max-width: 1024px) 100vw, 1024px\" \/><\/figure>\n\n\n\n<figure class=\"wp-block-image size-large\"><img loading=\"lazy\" decoding=\"async\" width=\"1024\" height=\"768\" data-id=\"401\" src=\"https:\/\/owitsosnowiec.pl\/wp-content\/uploads\/2022\/12\/PHOTO-2022-12-06-10-15-01-1024x768.jpg\" alt=\"\" class=\"wp-image-401\" srcset=\"http:\/\/owitsosnowiec.pl\/wp-content\/uploads\/2022\/12\/PHOTO-2022-12-06-10-15-01-1024x768.jpg 1024w, http:\/\/owitsosnowiec.pl\/wp-content\/uploads\/2022\/12\/PHOTO-2022-12-06-10-15-01-300x225.jpg 300w, http:\/\/owitsosnowiec.pl\/wp-content\/uploads\/2022\/12\/PHOTO-2022-12-06-10-15-01-768x576.jpg 768w, http:\/\/owitsosnowiec.pl\/wp-content\/uploads\/2022\/12\/PHOTO-2022-12-06-10-15-01-1536x1152.jpg 1536w, http:\/\/owitsosnowiec.pl\/wp-content\/uploads\/2022\/12\/PHOTO-2022-12-06-10-15-01.jpg 1600w\" sizes=\"(max-width: 1024px) 100vw, 1024px\" \/><\/figure>\n\n\n\n<figure class=\"wp-block-image size-large\"><img loading=\"lazy\" decoding=\"async\" width=\"1024\" height=\"766\" data-id=\"403\" src=\"https:\/\/owitsosnowiec.pl\/wp-content\/uploads\/2022\/12\/PHOTO-2022-12-06-10-02-22-1024x766.jpg\" alt=\"\" class=\"wp-image-403\" srcset=\"http:\/\/owitsosnowiec.pl\/wp-content\/uploads\/2022\/12\/PHOTO-2022-12-06-10-02-22-1024x766.jpg 1024w, http:\/\/owitsosnowiec.pl\/wp-content\/uploads\/2022\/12\/PHOTO-2022-12-06-10-02-22-300x224.jpg 300w, http:\/\/owitsosnowiec.pl\/wp-content\/uploads\/2022\/12\/PHOTO-2022-12-06-10-02-22-768x575.jpg 768w, http:\/\/owitsosnowiec.pl\/wp-content\/uploads\/2022\/12\/PHOTO-2022-12-06-10-02-22-1536x1149.jpg 1536w, http:\/\/owitsosnowiec.pl\/wp-content\/uploads\/2022\/12\/PHOTO-2022-12-06-10-02-22.jpg 1600w\" sizes=\"(max-width: 1024px) 100vw, 1024px\" \/><\/figure>\n<\/figure>\n","protected":false},"excerpt":{"rendered":"<p>W Zabrzu organizowane s\u0105 Mi\u0119dzynarodowe Dni Os\u00f3b Niepe\u0142nosprawnych i Wolontariatu! Dzisiaj jeste\u015bmy na konferencji pod nazw\u0105 \u201eDroga do niezale\u017cno\u015bci \u2013 formy wsparcia os\u00f3b z niepe\u0142nosprawno\u015bci\u0105 i ich rodzin.\u201d<\/p>\n","protected":false},"author":1,"featured_media":371,"comment_status":"open","ping_status":"open","sticky":false,"template":"","format":"standard","meta":{"footnotes":""},"categories":[1],"tags":[],"class_list":["post-189","post","type-post","status-publish","format-standard","has-post-thumbnail","hentry","category-bez-kategorii"],"yoast_head":"<!-- This site is optimized with the Yoast SEO plugin v27.2 - https:\/\/yoast.com\/product\/yoast-seo-wordpress\/ -->\n<title>Mi\u0119dzynarodowe Dni Os\u00f3b Niepe\u0142nosprawnych i Wolontariatu - O\u015brodek Wsparcia i Test\u00f3w w Sosnowcu<\/title>\n<meta name=\"robots\" content=\"index, follow, max-snippet:-1, max-image-preview:large, max-video-preview:-1\" \/>\n<link rel=\"canonical\" href=\"https:\/\/owitsosnowiec.pl\/?p=189\" \/>\n<meta property=\"og:locale\" content=\"pl_PL\" \/>\n<meta property=\"og:type\" content=\"article\" \/>\n<meta property=\"og:title\" content=\"Mi\u0119dzynarodowe Dni Os\u00f3b Niepe\u0142nosprawnych i Wolontariatu - O\u015brodek Wsparcia i Test\u00f3w w Sosnowcu\" \/>\n<meta property=\"og:description\" content=\"W Zabrzu organizowane s\u0105 Mi\u0119dzynarodowe Dni Os\u00f3b Niepe\u0142nosprawnych i Wolontariatu! Dzisiaj jeste\u015bmy na konferencji pod nazw\u0105 \u201eDroga do niezale\u017cno\u015bci \u2013 formy wsparcia os\u00f3b z niepe\u0142nosprawno\u015bci\u0105 i ich rodzin.\u201d\" \/>\n<meta property=\"og:url\" content=\"https:\/\/owitsosnowiec.pl\/?p=189\" \/>\n<meta property=\"og:site_name\" content=\"O\u015brodek Wsparcia i Test\u00f3w w Sosnowcu\" \/>\n<meta property=\"article:published_time\" content=\"2022-12-06T13:04:37+00:00\" \/>\n<meta property=\"article:modified_time\" content=\"2026-04-16T07:33:41+00:00\" \/>\n<meta property=\"og:image\" content=\"https:\/\/owitsosnowiec.pl\/wp-content\/uploads\/2022\/06\/10.jpg\" \/>\n\t<meta property=\"og:image:width\" content=\"1772\" \/>\n\t<meta property=\"og:image:height\" content=\"1181\" \/>\n\t<meta property=\"og:image:type\" content=\"image\/jpeg\" \/>\n<meta name=\"author\" content=\"admin\" \/>\n<meta name=\"twitter:card\" content=\"summary_large_image\" \/>\n<meta name=\"twitter:label1\" content=\"Napisane przez\" \/>\n\t<meta name=\"twitter:data1\" content=\"admin\" \/>\n\t<meta name=\"twitter:label2\" content=\"Szacowany czas czytania\" \/>\n\t<meta name=\"twitter:data2\" content=\"2 minuty\" \/>\n<script type=\"application\/ld+json\" class=\"yoast-schema-graph\">{\"@context\":\"https:\/\/schema.org\",\"@graph\":[{\"@type\":\"Article\",\"@id\":\"https:\/\/owitsosnowiec.pl\/?p=189#article\",\"isPartOf\":{\"@id\":\"https:\/\/owitsosnowiec.pl\/?p=189\"},\"author\":{\"name\":\"admin\",\"@id\":\"http:\/\/owitsosnowiec.pl\/#\/schema\/person\/a89842fe862e6af003c5d0d36d630c7c\"},\"headline\":\"Mi\u0119dzynarodowe Dni Os\u00f3b Niepe\u0142nosprawnych i Wolontariatu\",\"datePublished\":\"2022-12-06T13:04:37+00:00\",\"dateModified\":\"2026-04-16T07:33:41+00:00\",\"mainEntityOfPage\":{\"@id\":\"https:\/\/owitsosnowiec.pl\/?p=189\"},\"wordCount\":45,\"commentCount\":0,\"publisher\":{\"@id\":\"http:\/\/owitsosnowiec.pl\/#organization\"},\"image\":{\"@id\":\"https:\/\/owitsosnowiec.pl\/?p=189#primaryimage\"},\"thumbnailUrl\":\"http:\/\/owitsosnowiec.pl\/wp-content\/uploads\/2022\/06\/10.jpg\",\"inLanguage\":\"pl-PL\",\"potentialAction\":[{\"@type\":\"CommentAction\",\"name\":\"Comment\",\"target\":[\"https:\/\/owitsosnowiec.pl\/?p=189#respond\"]}]},{\"@type\":\"WebPage\",\"@id\":\"https:\/\/owitsosnowiec.pl\/?p=189\",\"url\":\"https:\/\/owitsosnowiec.pl\/?p=189\",\"name\":\"Mi\u0119dzynarodowe Dni Os\u00f3b Niepe\u0142nosprawnych i Wolontariatu - O\u015brodek Wsparcia i Test\u00f3w w Sosnowcu\",\"isPartOf\":{\"@id\":\"http:\/\/owitsosnowiec.pl\/#website\"},\"primaryImageOfPage\":{\"@id\":\"https:\/\/owitsosnowiec.pl\/?p=189#primaryimage\"},\"image\":{\"@id\":\"https:\/\/owitsosnowiec.pl\/?p=189#primaryimage\"},\"thumbnailUrl\":\"http:\/\/owitsosnowiec.pl\/wp-content\/uploads\/2022\/06\/10.jpg\",\"datePublished\":\"2022-12-06T13:04:37+00:00\",\"dateModified\":\"2026-04-16T07:33:41+00:00\",\"breadcrumb\":{\"@id\":\"https:\/\/owitsosnowiec.pl\/?p=189#breadcrumb\"},\"inLanguage\":\"pl-PL\",\"potentialAction\":[{\"@type\":\"ReadAction\",\"target\":[\"https:\/\/owitsosnowiec.pl\/?p=189\"]}]},{\"@type\":\"ImageObject\",\"inLanguage\":\"pl-PL\",\"@id\":\"https:\/\/owitsosnowiec.pl\/?p=189#primaryimage\",\"url\":\"http:\/\/owitsosnowiec.pl\/wp-content\/uploads\/2022\/06\/10.jpg\",\"contentUrl\":\"http:\/\/owitsosnowiec.pl\/wp-content\/uploads\/2022\/06\/10.jpg\",\"width\":1772,\"height\":1181},{\"@type\":\"BreadcrumbList\",\"@id\":\"https:\/\/owitsosnowiec.pl\/?p=189#breadcrumb\",\"itemListElement\":[{\"@type\":\"ListItem\",\"position\":1,\"name\":\"Home\",\"item\":\"http:\/\/owitsosnowiec.pl\/\"},{\"@type\":\"ListItem\",\"position\":2,\"name\":\"Mi\u0119dzynarodowe Dni Os\u00f3b Niepe\u0142nosprawnych i Wolontariatu\"}]},{\"@type\":\"WebSite\",\"@id\":\"http:\/\/owitsosnowiec.pl\/#website\",\"url\":\"http:\/\/owitsosnowiec.pl\/\",\"name\":\"O\u015brodek Wsparcia i Test\u00f3w w Sosnowcu\",\"description\":\"\",\"publisher\":{\"@id\":\"http:\/\/owitsosnowiec.pl\/#organization\"},\"potentialAction\":[{\"@type\":\"SearchAction\",\"target\":{\"@type\":\"EntryPoint\",\"urlTemplate\":\"http:\/\/owitsosnowiec.pl\/?s={search_term_string}\"},\"query-input\":{\"@type\":\"PropertyValueSpecification\",\"valueRequired\":true,\"valueName\":\"search_term_string\"}}],\"inLanguage\":\"pl-PL\"},{\"@type\":\"Organization\",\"@id\":\"http:\/\/owitsosnowiec.pl\/#organization\",\"name\":\"O\u015brodek Wsparcia i Test\u00f3w w Sosnowcu\",\"url\":\"http:\/\/owitsosnowiec.pl\/\",\"logo\":{\"@type\":\"ImageObject\",\"inLanguage\":\"pl-PL\",\"@id\":\"http:\/\/owitsosnowiec.pl\/#\/schema\/logo\/image\/\",\"url\":\"http:\/\/owitsosnowiec.pl\/wp-content\/uploads\/2026\/04\/Projekt-bez-nazwy.png\",\"contentUrl\":\"http:\/\/owitsosnowiec.pl\/wp-content\/uploads\/2026\/04\/Projekt-bez-nazwy.png\",\"width\":2017,\"height\":733,\"caption\":\"O\u015brodek Wsparcia i Test\u00f3w w Sosnowcu\"},\"image\":{\"@id\":\"http:\/\/owitsosnowiec.pl\/#\/schema\/logo\/image\/\"}},{\"@type\":\"Person\",\"@id\":\"http:\/\/owitsosnowiec.pl\/#\/schema\/person\/a89842fe862e6af003c5d0d36d630c7c\",\"name\":\"admin\",\"image\":{\"@type\":\"ImageObject\",\"inLanguage\":\"pl-PL\",\"@id\":\"https:\/\/secure.gravatar.com\/avatar\/5e4944fe247161ff26b33b416ef5c794327c5dc77e48a59d6fa95ae7d24c4ed6?s=96&d=mm&r=g\",\"url\":\"https:\/\/secure.gravatar.com\/avatar\/5e4944fe247161ff26b33b416ef5c794327c5dc77e48a59d6fa95ae7d24c4ed6?s=96&d=mm&r=g\",\"contentUrl\":\"https:\/\/secure.gravatar.com\/avatar\/5e4944fe247161ff26b33b416ef5c794327c5dc77e48a59d6fa95ae7d24c4ed6?s=96&d=mm&r=g\",\"caption\":\"admin\"},\"sameAs\":[\"https:\/\/example.com\"],\"url\":\"http:\/\/owitsosnowiec.pl\/?author=1\"}]}<\/script>\n<!-- \/ Yoast SEO plugin. -->","yoast_head_json":{"title":"Mi\u0119dzynarodowe Dni Os\u00f3b Niepe\u0142nosprawnych i Wolontariatu - O\u015brodek Wsparcia i Test\u00f3w w Sosnowcu","robots":{"index":"index","follow":"follow","max-snippet":"max-snippet:-1","max-image-preview":"max-image-preview:large","max-video-preview":"max-video-preview:-1"},"canonical":"https:\/\/owitsosnowiec.pl\/?p=189","og_locale":"pl_PL","og_type":"article","og_title":"Mi\u0119dzynarodowe Dni Os\u00f3b Niepe\u0142nosprawnych i Wolontariatu - O\u015brodek Wsparcia i Test\u00f3w w Sosnowcu","og_description":"W Zabrzu organizowane s\u0105 Mi\u0119dzynarodowe Dni Os\u00f3b Niepe\u0142nosprawnych i Wolontariatu! Dzisiaj jeste\u015bmy na konferencji pod nazw\u0105 \u201eDroga do niezale\u017cno\u015bci \u2013 formy wsparcia os\u00f3b z niepe\u0142nosprawno\u015bci\u0105 i ich rodzin.\u201d","og_url":"https:\/\/owitsosnowiec.pl\/?p=189","og_site_name":"O\u015brodek Wsparcia i Test\u00f3w w Sosnowcu","article_published_time":"2022-12-06T13:04:37+00:00","article_modified_time":"2026-04-16T07:33:41+00:00","og_image":[{"width":1772,"height":1181,"url":"https:\/\/owitsosnowiec.pl\/wp-content\/uploads\/2022\/06\/10.jpg","type":"image\/jpeg"}],"author":"admin","twitter_card":"summary_large_image","twitter_misc":{"Napisane przez":"admin","Szacowany czas czytania":"2 minuty"},"schema":{"@context":"https:\/\/schema.org","@graph":[{"@type":"Article","@id":"https:\/\/owitsosnowiec.pl\/?p=189#article","isPartOf":{"@id":"https:\/\/owitsosnowiec.pl\/?p=189"},"author":{"name":"admin","@id":"http:\/\/owitsosnowiec.pl\/#\/schema\/person\/a89842fe862e6af003c5d0d36d630c7c"},"headline":"Mi\u0119dzynarodowe Dni Os\u00f3b Niepe\u0142nosprawnych i Wolontariatu","datePublished":"2022-12-06T13:04:37+00:00","dateModified":"2026-04-16T07:33:41+00:00","mainEntityOfPage":{"@id":"https:\/\/owitsosnowiec.pl\/?p=189"},"wordCount":45,"commentCount":0,"publisher":{"@id":"http:\/\/owitsosnowiec.pl\/#organization"},"image":{"@id":"https:\/\/owitsosnowiec.pl\/?p=189#primaryimage"},"thumbnailUrl":"http:\/\/owitsosnowiec.pl\/wp-content\/uploads\/2022\/06\/10.jpg","inLanguage":"pl-PL","potentialAction":[{"@type":"CommentAction","name":"Comment","target":["https:\/\/owitsosnowiec.pl\/?p=189#respond"]}]},{"@type":"WebPage","@id":"https:\/\/owitsosnowiec.pl\/?p=189","url":"https:\/\/owitsosnowiec.pl\/?p=189","name":"Mi\u0119dzynarodowe Dni Os\u00f3b Niepe\u0142nosprawnych i Wolontariatu - O\u015brodek Wsparcia i Test\u00f3w w Sosnowcu","isPartOf":{"@id":"http:\/\/owitsosnowiec.pl\/#website"},"primaryImageOfPage":{"@id":"https:\/\/owitsosnowiec.pl\/?p=189#primaryimage"},"image":{"@id":"https:\/\/owitsosnowiec.pl\/?p=189#primaryimage"},"thumbnailUrl":"http:\/\/owitsosnowiec.pl\/wp-content\/uploads\/2022\/06\/10.jpg","datePublished":"2022-12-06T13:04:37+00:00","dateModified":"2026-04-16T07:33:41+00:00","breadcrumb":{"@id":"https:\/\/owitsosnowiec.pl\/?p=189#breadcrumb"},"inLanguage":"pl-PL","potentialAction":[{"@type":"ReadAction","target":["https:\/\/owitsosnowiec.pl\/?p=189"]}]},{"@type":"ImageObject","inLanguage":"pl-PL","@id":"https:\/\/owitsosnowiec.pl\/?p=189#primaryimage","url":"http:\/\/owitsosnowiec.pl\/wp-content\/uploads\/2022\/06\/10.jpg","contentUrl":"http:\/\/owitsosnowiec.pl\/wp-content\/uploads\/2022\/06\/10.jpg","width":1772,"height":1181},{"@type":"BreadcrumbList","@id":"https:\/\/owitsosnowiec.pl\/?p=189#breadcrumb","itemListElement":[{"@type":"ListItem","position":1,"name":"Home","item":"http:\/\/owitsosnowiec.pl\/"},{"@type":"ListItem","position":2,"name":"Mi\u0119dzynarodowe Dni Os\u00f3b Niepe\u0142nosprawnych i Wolontariatu"}]},{"@type":"WebSite","@id":"http:\/\/owitsosnowiec.pl\/#website","url":"http:\/\/owitsosnowiec.pl\/","name":"O\u015brodek Wsparcia i Test\u00f3w w Sosnowcu","description":"","publisher":{"@id":"http:\/\/owitsosnowiec.pl\/#organization"},"potentialAction":[{"@type":"SearchAction","target":{"@type":"EntryPoint","urlTemplate":"http:\/\/owitsosnowiec.pl\/?s={search_term_string}"},"query-input":{"@type":"PropertyValueSpecification","valueRequired":true,"valueName":"search_term_string"}}],"inLanguage":"pl-PL"},{"@type":"Organization","@id":"http:\/\/owitsosnowiec.pl\/#organization","name":"O\u015brodek Wsparcia i Test\u00f3w w Sosnowcu","url":"http:\/\/owitsosnowiec.pl\/","logo":{"@type":"ImageObject","inLanguage":"pl-PL","@id":"http:\/\/owitsosnowiec.pl\/#\/schema\/logo\/image\/","url":"http:\/\/owitsosnowiec.pl\/wp-content\/uploads\/2026\/04\/Projekt-bez-nazwy.png","contentUrl":"http:\/\/owitsosnowiec.pl\/wp-content\/uploads\/2026\/04\/Projekt-bez-nazwy.png","width":2017,"height":733,"caption":"O\u015brodek Wsparcia i Test\u00f3w w Sosnowcu"},"image":{"@id":"http:\/\/owitsosnowiec.pl\/#\/schema\/logo\/image\/"}},{"@type":"Person","@id":"http:\/\/owitsosnowiec.pl\/#\/schema\/person\/a89842fe862e6af003c5d0d36d630c7c","name":"admin","image":{"@type":"ImageObject","inLanguage":"pl-PL","@id":"https:\/\/secure.gravatar.com\/avatar\/5e4944fe247161ff26b33b416ef5c794327c5dc77e48a59d6fa95ae7d24c4ed6?s=96&d=mm&r=g","url":"https:\/\/secure.gravatar.com\/avatar\/5e4944fe247161ff26b33b416ef5c794327c5dc77e48a59d6fa95ae7d24c4ed6?s=96&d=mm&r=g","contentUrl":"https:\/\/secure.gravatar.com\/avatar\/5e4944fe247161ff26b33b416ef5c794327c5dc77e48a59d6fa95ae7d24c4ed6?s=96&d=mm&r=g","caption":"admin"},"sameAs":["https:\/\/example.com"],"url":"http:\/\/owitsosnowiec.pl\/?author=1"}]}},"_links":{"self":[{"href":"http:\/\/owitsosnowiec.pl\/index.php?rest_route=\/wp\/v2\/posts\/189","targetHints":{"allow":["GET"]}}],"collection":[{"href":"http:\/\/owitsosnowiec.pl\/index.php?rest_route=\/wp\/v2\/posts"}],"about":[{"href":"http:\/\/owitsosnowiec.pl\/index.php?rest_route=\/wp\/v2\/types\/post"}],"author":[{"embeddable":true,"href":"http:\/\/owitsosnowiec.pl\/index.php?rest_route=\/wp\/v2\/users\/1"}],"replies":[{"embeddable":true,"href":"http:\/\/owitsosnowiec.pl\/index.php?rest_route=%2Fwp%2Fv2%2Fcomments&post=189"}],"version-history":[{"count":1,"href":"http:\/\/owitsosnowiec.pl\/index.php?rest_route=\/wp\/v2\/posts\/189\/revisions"}],"predecessor-version":[{"id":405,"href":"http:\/\/owitsosnowiec.pl\/index.php?rest_route=\/wp\/v2\/posts\/189\/revisions\/405"}],"wp:featuredmedia":[{"embeddable":true,"href":"http:\/\/owitsosnowiec.pl\/index.php?rest_route=\/wp\/v2\/media\/371"}],"wp:attachment":[{"href":"http:\/\/owitsosnowiec.pl\/index.php?rest_route=%2Fwp%2Fv2%2Fmedia&parent=189"}],"wp:term":[{"taxonomy":"category","embeddable":true,"href":"http:\/\/owitsosnowiec.pl\/index.php?rest_route=%2Fwp%2Fv2%2Fcategories&post=189"},{"taxonomy":"post_tag","embeddable":true,"href":"http:\/\/owitsosnowiec.pl\/index.php?rest_route=%2Fwp%2Fv2%2Ftags&post=189"}],"curies":[{"name":"wp","href":"https:\/\/api.w.org\/{rel}","templated":true}]}}