{"id":136,"date":"2022-07-05T20:30:00","date_gmt":"2022-07-05T18:30:00","guid":{"rendered":"http:\/\/owit.sosnowiec.pl\/?p=135"},"modified":"2026-04-16T09:31:04","modified_gmt":"2026-04-16T07:31:04","slug":"radio-eska","status":"publish","type":"post","link":"http:\/\/owitsosnowiec.pl\/?p=136","title":{"rendered":"Krok os\u00f3b niepe\u0142nosprawnych w stron\u0119 niezale\u017cno\u015bci.-Radio Eska"},"content":{"rendered":"\n<p>W Sosnowcu powsta\u0142 jedyny w wojew\u00f3dztwie \u015bl\u0105skim O\u015brodek Wsparcia i Test\u00f3w<\/p>\n\n\n\n<div class=\"wp-block-group alignfull has-text-color has-background\" style=\"background-color:#ffffff;color:#000000\"><div class=\"wp-block-group__inner-container is-layout-flow wp-block-group-is-layout-flow\">\n<h2 class=\"has-text-align-center wp-block-heading\" id=\"schedule-a-visit\" style=\"font-size:59px;line-height:1.15\"><strong>Radio Eska<\/strong><\/h2>\n\n\n\n<div class=\"wp-block-buttons is-horizontal is-content-justification-center is-layout-flex wp-container-core-buttons-is-layout-03627597 wp-block-buttons-is-layout-flex\">\n<div class=\"wp-block-button has-custom-width wp-block-button__width-50\"><a class=\"wp-block-button__link has-text-color has-background\" href=\"https:\/\/www.eska.pl\/slaskie\/krok-osob-niepelnosprawnych-w-strone-niezaleznosci-w-sosnowcu-powstal-jedyny-w-wojewodztwie-slaskim-osrodek-wsparcia-i-testow-aa-B2Mk-784M-BdEu.html\" style=\"border-radius:50px;background-color:#000000;color:#ffffff\">PRZECZYTAJ<\/a><\/div>\n<\/div>\n\n\n\n<div style=\"height:64px\" aria-hidden=\"true\" class=\"wp-block-spacer\"><\/div>\n<\/div><\/div>\n\n\n\n<figure class=\"wp-block-image size-large\"><a href=\"http:\/\/owit.sosnowiec.pl\/?page_id=17\"><img decoding=\"async\" src=\"http:\/\/owit.sosnowiec.pl\/wp-content\/uploads\/2022\/07\/2-2-1024x576.png\" alt=\"\" class=\"wp-image-162\"\/><\/a><\/figure>\n","protected":false},"excerpt":{"rendered":"<p>W Sosnowcu powsta\u0142 jedyny w wojew\u00f3dztwie \u015bl\u0105skim O\u015brodek Wsparcia i Test\u00f3w Radio Eska<\/p>\n","protected":false},"author":1,"featured_media":377,"comment_status":"closed","ping_status":"open","sticky":false,"template":"","format":"standard","meta":{"footnotes":""},"categories":[1,2,3,4,5,6],"tags":[7,8,9,10,11,12],"class_list":["post-136","post","type-post","status-publish","format-standard","has-post-thumbnail","hentry","category-bez-kategorii","category-cidon","category-osrodek-wsparcia-i-testow","category-owit","category-pfron","category-sosnowiec","tag-cidon","tag-niepelnosprawnosc","tag-osrodek-wsparcia-i-testow","tag-owit","tag-pfron","tag-sosnowiec"],"yoast_head":"<!-- This site is optimized with the Yoast SEO plugin v27.2 - https:\/\/yoast.com\/product\/yoast-seo-wordpress\/ -->\n<title>Krok os\u00f3b niepe\u0142nosprawnych w stron\u0119 niezale\u017cno\u015bci.-Radio Eska<\/title>\n<meta name=\"description\" content=\"W Sosnowcu powsta\u0142 jedyny w wojew\u00f3dztwie \u015bl\u0105skim O\u015brodek Wsparcia i Test\u00f3w.Krok os\u00f3b niepe\u0142nosprawnych w stron\u0119 niezale\u017cno\u015bci.-Radio Eska.\" \/>\n<meta name=\"robots\" content=\"index, follow, max-snippet:-1, max-image-preview:large, max-video-preview:-1\" \/>\n<link rel=\"canonical\" href=\"https:\/\/owitsosnowiec.pl\/?p=136\" \/>\n<meta property=\"og:locale\" content=\"pl_PL\" \/>\n<meta property=\"og:type\" content=\"article\" \/>\n<meta property=\"og:title\" content=\"Krok os\u00f3b niepe\u0142nosprawnych w stron\u0119 niezale\u017cno\u015bci.-Radio Eska\" \/>\n<meta property=\"og:description\" content=\"W Sosnowcu powsta\u0142 jedyny w wojew\u00f3dztwie \u015bl\u0105skim O\u015brodek Wsparcia i Test\u00f3w.Krok os\u00f3b niepe\u0142nosprawnych w stron\u0119 niezale\u017cno\u015bci.-Radio Eska.\" \/>\n<meta property=\"og:url\" content=\"https:\/\/owitsosnowiec.pl\/?p=136\" \/>\n<meta property=\"og:site_name\" content=\"O\u015brodek Wsparcia i Test\u00f3w w Sosnowcu\" \/>\n<meta property=\"article:published_time\" content=\"2022-07-05T18:30:00+00:00\" \/>\n<meta property=\"article:modified_time\" content=\"2026-04-16T07:31:04+00:00\" \/>\n<meta property=\"og:image\" content=\"https:\/\/owitsosnowiec.pl\/wp-content\/uploads\/2022\/06\/15.jpg\" \/>\n\t<meta property=\"og:image:width\" content=\"1772\" \/>\n\t<meta property=\"og:image:height\" content=\"1181\" \/>\n\t<meta property=\"og:image:type\" content=\"image\/jpeg\" \/>\n<meta name=\"author\" content=\"admin\" \/>\n<meta name=\"twitter:card\" content=\"summary_large_image\" \/>\n<meta name=\"twitter:label1\" content=\"Napisane przez\" \/>\n\t<meta name=\"twitter:data1\" content=\"admin\" \/>\n\t<meta name=\"twitter:label2\" content=\"Szacowany czas czytania\" \/>\n\t<meta name=\"twitter:data2\" content=\"1 minuta\" \/>\n<script type=\"application\/ld+json\" class=\"yoast-schema-graph\">{\"@context\":\"https:\/\/schema.org\",\"@graph\":[{\"@type\":\"Article\",\"@id\":\"https:\/\/owitsosnowiec.pl\/?p=136#article\",\"isPartOf\":{\"@id\":\"https:\/\/owitsosnowiec.pl\/?p=136\"},\"author\":{\"name\":\"admin\",\"@id\":\"http:\/\/owitsosnowiec.pl\/#\/schema\/person\/a89842fe862e6af003c5d0d36d630c7c\"},\"headline\":\"Krok os\u00f3b niepe\u0142nosprawnych w stron\u0119 niezale\u017cno\u015bci.-Radio Eska\",\"datePublished\":\"2022-07-05T18:30:00+00:00\",\"dateModified\":\"2026-04-16T07:31:04+00:00\",\"mainEntityOfPage\":{\"@id\":\"https:\/\/owitsosnowiec.pl\/?p=136\"},\"wordCount\":30,\"publisher\":{\"@id\":\"http:\/\/owitsosnowiec.pl\/#organization\"},\"image\":{\"@id\":\"https:\/\/owitsosnowiec.pl\/?p=136#primaryimage\"},\"thumbnailUrl\":\"http:\/\/owitsosnowiec.pl\/wp-content\/uploads\/2022\/06\/15.jpg\",\"keywords\":[\"cidon\",\"niepe\u0142nosprawno\u015b\u0107\",\"O\u015brodek Wsparcia i Test\u00f3w\",\"OWIT\",\"Pfron\",\"Sosnowiec\"],\"articleSection\":{\"1\":\"Cidon\",\"2\":\"O\u015brodek Wsparcia i Test\u00f3w\",\"3\":\"OWIT\",\"4\":\"Pfron\",\"5\":\"Sosnowiec\"},\"inLanguage\":\"pl-PL\"},{\"@type\":\"WebPage\",\"@id\":\"https:\/\/owitsosnowiec.pl\/?p=136\",\"url\":\"https:\/\/owitsosnowiec.pl\/?p=136\",\"name\":\"Krok os\u00f3b niepe\u0142nosprawnych w stron\u0119 niezale\u017cno\u015bci.-Radio Eska\",\"isPartOf\":{\"@id\":\"http:\/\/owitsosnowiec.pl\/#website\"},\"primaryImageOfPage\":{\"@id\":\"https:\/\/owitsosnowiec.pl\/?p=136#primaryimage\"},\"image\":{\"@id\":\"https:\/\/owitsosnowiec.pl\/?p=136#primaryimage\"},\"thumbnailUrl\":\"http:\/\/owitsosnowiec.pl\/wp-content\/uploads\/2022\/06\/15.jpg\",\"datePublished\":\"2022-07-05T18:30:00+00:00\",\"dateModified\":\"2026-04-16T07:31:04+00:00\",\"description\":\"W Sosnowcu powsta\u0142 jedyny w wojew\u00f3dztwie \u015bl\u0105skim O\u015brodek Wsparcia i Test\u00f3w.Krok os\u00f3b niepe\u0142nosprawnych w stron\u0119 niezale\u017cno\u015bci.-Radio Eska.\",\"breadcrumb\":{\"@id\":\"https:\/\/owitsosnowiec.pl\/?p=136#breadcrumb\"},\"inLanguage\":\"pl-PL\",\"potentialAction\":[{\"@type\":\"ReadAction\",\"target\":[\"https:\/\/owitsosnowiec.pl\/?p=136\"]}]},{\"@type\":\"ImageObject\",\"inLanguage\":\"pl-PL\",\"@id\":\"https:\/\/owitsosnowiec.pl\/?p=136#primaryimage\",\"url\":\"http:\/\/owitsosnowiec.pl\/wp-content\/uploads\/2022\/06\/15.jpg\",\"contentUrl\":\"http:\/\/owitsosnowiec.pl\/wp-content\/uploads\/2022\/06\/15.jpg\",\"width\":1772,\"height\":1181},{\"@type\":\"BreadcrumbList\",\"@id\":\"https:\/\/owitsosnowiec.pl\/?p=136#breadcrumb\",\"itemListElement\":[{\"@type\":\"ListItem\",\"position\":1,\"name\":\"Home\",\"item\":\"http:\/\/owitsosnowiec.pl\/\"},{\"@type\":\"ListItem\",\"position\":2,\"name\":\"Krok os\u00f3b niepe\u0142nosprawnych w stron\u0119 niezale\u017cno\u015bci.-Radio Eska\"}]},{\"@type\":\"WebSite\",\"@id\":\"http:\/\/owitsosnowiec.pl\/#website\",\"url\":\"http:\/\/owitsosnowiec.pl\/\",\"name\":\"O\u015brodek Wsparcia i Test\u00f3w w Sosnowcu\",\"description\":\"\",\"publisher\":{\"@id\":\"http:\/\/owitsosnowiec.pl\/#organization\"},\"potentialAction\":[{\"@type\":\"SearchAction\",\"target\":{\"@type\":\"EntryPoint\",\"urlTemplate\":\"http:\/\/owitsosnowiec.pl\/?s={search_term_string}\"},\"query-input\":{\"@type\":\"PropertyValueSpecification\",\"valueRequired\":true,\"valueName\":\"search_term_string\"}}],\"inLanguage\":\"pl-PL\"},{\"@type\":\"Organization\",\"@id\":\"http:\/\/owitsosnowiec.pl\/#organization\",\"name\":\"O\u015brodek Wsparcia i Test\u00f3w w Sosnowcu\",\"url\":\"http:\/\/owitsosnowiec.pl\/\",\"logo\":{\"@type\":\"ImageObject\",\"inLanguage\":\"pl-PL\",\"@id\":\"http:\/\/owitsosnowiec.pl\/#\/schema\/logo\/image\/\",\"url\":\"http:\/\/owitsosnowiec.pl\/wp-content\/uploads\/2026\/04\/Projekt-bez-nazwy.png\",\"contentUrl\":\"http:\/\/owitsosnowiec.pl\/wp-content\/uploads\/2026\/04\/Projekt-bez-nazwy.png\",\"width\":2017,\"height\":733,\"caption\":\"O\u015brodek Wsparcia i Test\u00f3w w Sosnowcu\"},\"image\":{\"@id\":\"http:\/\/owitsosnowiec.pl\/#\/schema\/logo\/image\/\"}},{\"@type\":\"Person\",\"@id\":\"http:\/\/owitsosnowiec.pl\/#\/schema\/person\/a89842fe862e6af003c5d0d36d630c7c\",\"name\":\"admin\",\"image\":{\"@type\":\"ImageObject\",\"inLanguage\":\"pl-PL\",\"@id\":\"https:\/\/secure.gravatar.com\/avatar\/5e4944fe247161ff26b33b416ef5c794327c5dc77e48a59d6fa95ae7d24c4ed6?s=96&d=mm&r=g\",\"url\":\"https:\/\/secure.gravatar.com\/avatar\/5e4944fe247161ff26b33b416ef5c794327c5dc77e48a59d6fa95ae7d24c4ed6?s=96&d=mm&r=g\",\"contentUrl\":\"https:\/\/secure.gravatar.com\/avatar\/5e4944fe247161ff26b33b416ef5c794327c5dc77e48a59d6fa95ae7d24c4ed6?s=96&d=mm&r=g\",\"caption\":\"admin\"},\"sameAs\":[\"https:\/\/example.com\"],\"url\":\"http:\/\/owitsosnowiec.pl\/?author=1\"}]}<\/script>\n<!-- \/ Yoast SEO plugin. -->","yoast_head_json":{"title":"Krok os\u00f3b niepe\u0142nosprawnych w stron\u0119 niezale\u017cno\u015bci.-Radio Eska","description":"W Sosnowcu powsta\u0142 jedyny w wojew\u00f3dztwie \u015bl\u0105skim O\u015brodek Wsparcia i Test\u00f3w.Krok os\u00f3b niepe\u0142nosprawnych w stron\u0119 niezale\u017cno\u015bci.-Radio Eska.","robots":{"index":"index","follow":"follow","max-snippet":"max-snippet:-1","max-image-preview":"max-image-preview:large","max-video-preview":"max-video-preview:-1"},"canonical":"https:\/\/owitsosnowiec.pl\/?p=136","og_locale":"pl_PL","og_type":"article","og_title":"Krok os\u00f3b niepe\u0142nosprawnych w stron\u0119 niezale\u017cno\u015bci.-Radio Eska","og_description":"W Sosnowcu powsta\u0142 jedyny w wojew\u00f3dztwie \u015bl\u0105skim O\u015brodek Wsparcia i Test\u00f3w.Krok os\u00f3b niepe\u0142nosprawnych w stron\u0119 niezale\u017cno\u015bci.-Radio Eska.","og_url":"https:\/\/owitsosnowiec.pl\/?p=136","og_site_name":"O\u015brodek Wsparcia i Test\u00f3w w Sosnowcu","article_published_time":"2022-07-05T18:30:00+00:00","article_modified_time":"2026-04-16T07:31:04+00:00","og_image":[{"width":1772,"height":1181,"url":"https:\/\/owitsosnowiec.pl\/wp-content\/uploads\/2022\/06\/15.jpg","type":"image\/jpeg"}],"author":"admin","twitter_card":"summary_large_image","twitter_misc":{"Napisane przez":"admin","Szacowany czas czytania":"1 minuta"},"schema":{"@context":"https:\/\/schema.org","@graph":[{"@type":"Article","@id":"https:\/\/owitsosnowiec.pl\/?p=136#article","isPartOf":{"@id":"https:\/\/owitsosnowiec.pl\/?p=136"},"author":{"name":"admin","@id":"http:\/\/owitsosnowiec.pl\/#\/schema\/person\/a89842fe862e6af003c5d0d36d630c7c"},"headline":"Krok os\u00f3b niepe\u0142nosprawnych w stron\u0119 niezale\u017cno\u015bci.-Radio Eska","datePublished":"2022-07-05T18:30:00+00:00","dateModified":"2026-04-16T07:31:04+00:00","mainEntityOfPage":{"@id":"https:\/\/owitsosnowiec.pl\/?p=136"},"wordCount":30,"publisher":{"@id":"http:\/\/owitsosnowiec.pl\/#organization"},"image":{"@id":"https:\/\/owitsosnowiec.pl\/?p=136#primaryimage"},"thumbnailUrl":"http:\/\/owitsosnowiec.pl\/wp-content\/uploads\/2022\/06\/15.jpg","keywords":["cidon","niepe\u0142nosprawno\u015b\u0107","O\u015brodek Wsparcia i Test\u00f3w","OWIT","Pfron","Sosnowiec"],"articleSection":{"1":"Cidon","2":"O\u015brodek Wsparcia i Test\u00f3w","3":"OWIT","4":"Pfron","5":"Sosnowiec"},"inLanguage":"pl-PL"},{"@type":"WebPage","@id":"https:\/\/owitsosnowiec.pl\/?p=136","url":"https:\/\/owitsosnowiec.pl\/?p=136","name":"Krok os\u00f3b niepe\u0142nosprawnych w stron\u0119 niezale\u017cno\u015bci.-Radio Eska","isPartOf":{"@id":"http:\/\/owitsosnowiec.pl\/#website"},"primaryImageOfPage":{"@id":"https:\/\/owitsosnowiec.pl\/?p=136#primaryimage"},"image":{"@id":"https:\/\/owitsosnowiec.pl\/?p=136#primaryimage"},"thumbnailUrl":"http:\/\/owitsosnowiec.pl\/wp-content\/uploads\/2022\/06\/15.jpg","datePublished":"2022-07-05T18:30:00+00:00","dateModified":"2026-04-16T07:31:04+00:00","description":"W Sosnowcu powsta\u0142 jedyny w wojew\u00f3dztwie \u015bl\u0105skim O\u015brodek Wsparcia i Test\u00f3w.Krok os\u00f3b niepe\u0142nosprawnych w stron\u0119 niezale\u017cno\u015bci.-Radio Eska.","breadcrumb":{"@id":"https:\/\/owitsosnowiec.pl\/?p=136#breadcrumb"},"inLanguage":"pl-PL","potentialAction":[{"@type":"ReadAction","target":["https:\/\/owitsosnowiec.pl\/?p=136"]}]},{"@type":"ImageObject","inLanguage":"pl-PL","@id":"https:\/\/owitsosnowiec.pl\/?p=136#primaryimage","url":"http:\/\/owitsosnowiec.pl\/wp-content\/uploads\/2022\/06\/15.jpg","contentUrl":"http:\/\/owitsosnowiec.pl\/wp-content\/uploads\/2022\/06\/15.jpg","width":1772,"height":1181},{"@type":"BreadcrumbList","@id":"https:\/\/owitsosnowiec.pl\/?p=136#breadcrumb","itemListElement":[{"@type":"ListItem","position":1,"name":"Home","item":"http:\/\/owitsosnowiec.pl\/"},{"@type":"ListItem","position":2,"name":"Krok os\u00f3b niepe\u0142nosprawnych w stron\u0119 niezale\u017cno\u015bci.-Radio Eska"}]},{"@type":"WebSite","@id":"http:\/\/owitsosnowiec.pl\/#website","url":"http:\/\/owitsosnowiec.pl\/","name":"O\u015brodek Wsparcia i Test\u00f3w w Sosnowcu","description":"","publisher":{"@id":"http:\/\/owitsosnowiec.pl\/#organization"},"potentialAction":[{"@type":"SearchAction","target":{"@type":"EntryPoint","urlTemplate":"http:\/\/owitsosnowiec.pl\/?s={search_term_string}"},"query-input":{"@type":"PropertyValueSpecification","valueRequired":true,"valueName":"search_term_string"}}],"inLanguage":"pl-PL"},{"@type":"Organization","@id":"http:\/\/owitsosnowiec.pl\/#organization","name":"O\u015brodek Wsparcia i Test\u00f3w w Sosnowcu","url":"http:\/\/owitsosnowiec.pl\/","logo":{"@type":"ImageObject","inLanguage":"pl-PL","@id":"http:\/\/owitsosnowiec.pl\/#\/schema\/logo\/image\/","url":"http:\/\/owitsosnowiec.pl\/wp-content\/uploads\/2026\/04\/Projekt-bez-nazwy.png","contentUrl":"http:\/\/owitsosnowiec.pl\/wp-content\/uploads\/2026\/04\/Projekt-bez-nazwy.png","width":2017,"height":733,"caption":"O\u015brodek Wsparcia i Test\u00f3w w Sosnowcu"},"image":{"@id":"http:\/\/owitsosnowiec.pl\/#\/schema\/logo\/image\/"}},{"@type":"Person","@id":"http:\/\/owitsosnowiec.pl\/#\/schema\/person\/a89842fe862e6af003c5d0d36d630c7c","name":"admin","image":{"@type":"ImageObject","inLanguage":"pl-PL","@id":"https:\/\/secure.gravatar.com\/avatar\/5e4944fe247161ff26b33b416ef5c794327c5dc77e48a59d6fa95ae7d24c4ed6?s=96&d=mm&r=g","url":"https:\/\/secure.gravatar.com\/avatar\/5e4944fe247161ff26b33b416ef5c794327c5dc77e48a59d6fa95ae7d24c4ed6?s=96&d=mm&r=g","contentUrl":"https:\/\/secure.gravatar.com\/avatar\/5e4944fe247161ff26b33b416ef5c794327c5dc77e48a59d6fa95ae7d24c4ed6?s=96&d=mm&r=g","caption":"admin"},"sameAs":["https:\/\/example.com"],"url":"http:\/\/owitsosnowiec.pl\/?author=1"}]}},"_links":{"self":[{"href":"http:\/\/owitsosnowiec.pl\/index.php?rest_route=\/wp\/v2\/posts\/136","targetHints":{"allow":["GET"]}}],"collection":[{"href":"http:\/\/owitsosnowiec.pl\/index.php?rest_route=\/wp\/v2\/posts"}],"about":[{"href":"http:\/\/owitsosnowiec.pl\/index.php?rest_route=\/wp\/v2\/types\/post"}],"author":[{"embeddable":true,"href":"http:\/\/owitsosnowiec.pl\/index.php?rest_route=\/wp\/v2\/users\/1"}],"replies":[{"embeddable":true,"href":"http:\/\/owitsosnowiec.pl\/index.php?rest_route=%2Fwp%2Fv2%2Fcomments&post=136"}],"version-history":[{"count":1,"href":"http:\/\/owitsosnowiec.pl\/index.php?rest_route=\/wp\/v2\/posts\/136\/revisions"}],"predecessor-version":[{"id":396,"href":"http:\/\/owitsosnowiec.pl\/index.php?rest_route=\/wp\/v2\/posts\/136\/revisions\/396"}],"wp:featuredmedia":[{"embeddable":true,"href":"http:\/\/owitsosnowiec.pl\/index.php?rest_route=\/wp\/v2\/media\/377"}],"wp:attachment":[{"href":"http:\/\/owitsosnowiec.pl\/index.php?rest_route=%2Fwp%2Fv2%2Fmedia&parent=136"}],"wp:term":[{"taxonomy":"category","embeddable":true,"href":"http:\/\/owitsosnowiec.pl\/index.php?rest_route=%2Fwp%2Fv2%2Fcategories&post=136"},{"taxonomy":"post_tag","embeddable":true,"href":"http:\/\/owitsosnowiec.pl\/index.php?rest_route=%2Fwp%2Fv2%2Ftags&post=136"}],"curies":[{"name":"wp","href":"https:\/\/api.w.org\/{rel}","templated":true}]}}