{"id":101,"date":"2022-06-26T15:39:00","date_gmt":"2022-06-26T13:39:00","guid":{"rendered":"http:\/\/owit.sosnowiec.pl\/?p=101"},"modified":"2026-04-16T09:26:31","modified_gmt":"2026-04-16T07:26:31","slug":"oficjalne-otwarcie-owit","status":"publish","type":"post","link":"http:\/\/owitsosnowiec.pl\/?p=101","title":{"rendered":"Oficjalne otwarcie OWIT"},"content":{"rendered":"\n<p>W czwartek 23 czerwca o godz. 11.00, odby\u0142o si\u0119 oficjalne otwarcie O\u015brodka Wsparcia i Test\u00f3w w Sosnowcu.<\/p>\n\n\n\n<p>W trakcie wydarzenia odwiedzaj\u0105cy mieli mo\u017cliwo\u015b\u0107:<\/p>\n\n\n\n<ul class=\"wp-block-list\">\n<li>pozna\u0107 dzia\u0142alno\u015b\u0107 OWiT<\/li>\n\n\n\n<li>obejrze\u0107 prezentacje organizacji i stowarzysze\u0144 dzia\u0142aj\u0105cych na terenie woj. \u015bl\u0105skiego na rzecz os\u00f3b z niepe\u0142nosprawno\u015bciami (stoiska informacyjne);<\/li>\n\n\n\n<li>obejrze\u0107 wyst\u0119py artystyczne<\/li>\n\n\n\n<li>testowa\u0107 urz\u0105dzenia i nowe technologie \u2013 konsultacje z pracownikami OWiT;<\/li>\n\n\n\n<li>obejrze\u0107 pokaz gry dla os\u00f3b niewidomych &#8211; showdown ( jak i samemu zagra\u0107)<\/li>\n\n\n\n<li>tworzy\u0107 na warsztatach kreatywnych;<\/li>\n\n\n\n<li>porozmawia\u0107 w punktach informacyjnych Urz\u0119du Marsza\u0142kowskiego, NFZ,  ZUS Oddzia\u0142 w Sosnowcu.<\/li>\n<\/ul>\n\n\n\n<p><\/p>\n\n\n\n<p><br>Serdecznie zapraszamy wszystkich zainteresowanych testowaniem najnowszych technologii asystuj\u0105cych dla os\u00f3b z niepe\u0142nosprawno\u015bci\u0105!<br><\/p>\n\n\n\n<p>ul. Armii Krajowej 94, <\/p>\n\n\n\n<p>Sosnowiec (Amfiteatr Muszelka w Parku im. Jacka Kuronia)<\/p>\n\n\n\n<p><\/p>\n\n\n\n<figure class=\"wp-block-gallery has-nested-images columns-default is-cropped wp-block-gallery-1 is-layout-flex wp-block-gallery-is-layout-flex\">\n<figure class=\"wp-block-image size-large\"><img decoding=\"async\" data-id=\"102\" src=\"http:\/\/owit.sosnowiec.pl\/wp-content\/uploads\/2022\/07\/289039989_7632567223451719_3340190672008341901_n.jpeg\" alt=\"\" class=\"wp-image-102\"\/><figcaption class=\"wp-element-caption\">plakat wydarzenia<\/figcaption><\/figure>\n\n\n\n<figure class=\"wp-block-image size-large\"><img decoding=\"async\" data-id=\"106\" src=\"http:\/\/owit.sosnowiec.pl\/wp-content\/uploads\/2022\/07\/289594315_7632577586784016_6953316469930607174_n-1024x769.jpeg\" alt=\"\" class=\"wp-image-106\"\/><figcaption class=\"wp-element-caption\">stanowisko stowarzyszenia- st\u00f3\u0142 z wystawionymi kolorowymi obrazkami i dekoracjami<\/figcaption><\/figure>\n\n\n\n<figure class=\"wp-block-image size-large\"><img decoding=\"async\" data-id=\"104\" src=\"http:\/\/owit.sosnowiec.pl\/wp-content\/uploads\/2022\/07\/292369602_5523123804398698_8814144926140030600_n-768x1024.jpeg\" alt=\"\" class=\"wp-image-104\"\/><figcaption class=\"wp-element-caption\">prezentacja dzia\u0142alno\u015bci OWIT- zdj\u0119cie widowni i prelegenta stoj\u0105cego przed nimi, w tle prezentacja<\/figcaption><\/figure>\n\n\n\n<figure class=\"wp-block-image size-large\"><img decoding=\"async\" data-id=\"103\" src=\"http:\/\/owit.sosnowiec.pl\/wp-content\/uploads\/2022\/07\/292401419_5523123601065385_5438064507146579426_n-1024x768.jpeg\" alt=\"\" class=\"wp-image-103\"\/><figcaption class=\"wp-element-caption\">Uroczyste przeci\u0119cie czerwonej wst\u0119gi<\/figcaption><\/figure>\n\n\n\n<figure class=\"wp-block-image size-large\"><img decoding=\"async\" data-id=\"107\" src=\"http:\/\/owit.sosnowiec.pl\/wp-content\/uploads\/2022\/07\/292413410_5523124101065335_4470263004923787684_n-1024x768.jpeg\" alt=\"\" class=\"wp-image-107\"\/><figcaption class=\"wp-element-caption\">pokaz karate- 4 osoby w bia\u0142ych kimonach (jedna z nich na w\u00f3zku)<\/figcaption><\/figure>\n\n\n\n<figure class=\"wp-block-image size-large\"><img decoding=\"async\" data-id=\"105\" src=\"http:\/\/owit.sosnowiec.pl\/wp-content\/uploads\/2022\/07\/292498400_5523123941065351_1070534942375968245_n-768x1024.jpeg\" alt=\"\" class=\"wp-image-105\"\/><figcaption class=\"wp-element-caption\">pokaz jazdy na w\u00f3zku<\/figcaption><\/figure>\n<\/figure>\n","protected":false},"excerpt":{"rendered":"<p>W czwartek 23 czerwca o godz. 11.00, odby\u0142o si\u0119 oficjalne otwarcie O\u015brodka Wsparcia i Test\u00f3w w Sosnowcu. W trakcie wydarzenia odwiedzaj\u0105cy mieli mo\u017cliwo\u015b\u0107: Serdecznie zapraszamy wszystkich zainteresowanych testowaniem najnowszych technologii asystuj\u0105cych dla os\u00f3b z niepe\u0142nosprawno\u015bci\u0105! ul. Armii Krajowej 94, Sosnowiec (Amfiteatr Muszelka w Parku im. Jacka Kuronia)<\/p>\n","protected":false},"author":1,"featured_media":360,"comment_status":"closed","ping_status":"open","sticky":false,"template":"","format":"standard","meta":{"footnotes":""},"categories":[1,2,3,4,5,6],"tags":[7,8,9,10,11,12],"class_list":["post-101","post","type-post","status-publish","format-standard","has-post-thumbnail","hentry","category-bez-kategorii","category-cidon","category-osrodek-wsparcia-i-testow","category-owit","category-pfron","category-sosnowiec","tag-cidon","tag-niepelnosprawnosc","tag-osrodek-wsparcia-i-testow","tag-owit","tag-pfron","tag-sosnowiec"],"yoast_head":"<!-- This site is optimized with the Yoast SEO plugin v27.2 - https:\/\/yoast.com\/product\/yoast-seo-wordpress\/ -->\n<title>Oficjalne otwarcie OWIT - O\u015brodek Wsparcia i Test\u00f3w w Sosnowcu<\/title>\n<meta name=\"robots\" content=\"index, follow, max-snippet:-1, max-image-preview:large, max-video-preview:-1\" \/>\n<link rel=\"canonical\" href=\"https:\/\/owitsosnowiec.pl\/?p=101\" \/>\n<meta property=\"og:locale\" content=\"pl_PL\" \/>\n<meta property=\"og:type\" content=\"article\" \/>\n<meta property=\"og:title\" content=\"Oficjalne otwarcie OWIT - O\u015brodek Wsparcia i Test\u00f3w w Sosnowcu\" \/>\n<meta property=\"og:description\" content=\"W czwartek 23 czerwca o godz. 11.00, odby\u0142o si\u0119 oficjalne otwarcie O\u015brodka Wsparcia i Test\u00f3w w Sosnowcu. W trakcie wydarzenia odwiedzaj\u0105cy mieli mo\u017cliwo\u015b\u0107: Serdecznie zapraszamy wszystkich zainteresowanych testowaniem najnowszych technologii asystuj\u0105cych dla os\u00f3b z niepe\u0142nosprawno\u015bci\u0105! ul. Armii Krajowej 94, Sosnowiec (Amfiteatr Muszelka w Parku im. Jacka Kuronia)\" \/>\n<meta property=\"og:url\" content=\"https:\/\/owitsosnowiec.pl\/?p=101\" \/>\n<meta property=\"og:site_name\" content=\"O\u015brodek Wsparcia i Test\u00f3w w Sosnowcu\" \/>\n<meta property=\"article:published_time\" content=\"2022-06-26T13:39:00+00:00\" \/>\n<meta property=\"article:modified_time\" content=\"2026-04-16T07:26:31+00:00\" \/>\n<meta property=\"og:image\" content=\"https:\/\/owitsosnowiec.pl\/wp-content\/uploads\/2022\/06\/13.jpg\" \/>\n\t<meta property=\"og:image:width\" content=\"1772\" \/>\n\t<meta property=\"og:image:height\" content=\"1181\" \/>\n\t<meta property=\"og:image:type\" content=\"image\/jpeg\" \/>\n<meta name=\"author\" content=\"admin\" \/>\n<meta name=\"twitter:card\" content=\"summary_large_image\" \/>\n<meta name=\"twitter:label1\" content=\"Napisane przez\" \/>\n\t<meta name=\"twitter:data1\" content=\"admin\" \/>\n\t<meta name=\"twitter:label2\" content=\"Szacowany czas czytania\" \/>\n\t<meta name=\"twitter:data2\" content=\"3 minuty\" \/>\n<script type=\"application\/ld+json\" class=\"yoast-schema-graph\">{\"@context\":\"https:\/\/schema.org\",\"@graph\":[{\"@type\":\"Article\",\"@id\":\"https:\/\/owitsosnowiec.pl\/?p=101#article\",\"isPartOf\":{\"@id\":\"https:\/\/owitsosnowiec.pl\/?p=101\"},\"author\":{\"name\":\"admin\",\"@id\":\"http:\/\/owitsosnowiec.pl\/#\/schema\/person\/a89842fe862e6af003c5d0d36d630c7c\"},\"headline\":\"Oficjalne otwarcie OWIT\",\"datePublished\":\"2022-06-26T13:39:00+00:00\",\"dateModified\":\"2026-04-16T07:26:31+00:00\",\"mainEntityOfPage\":{\"@id\":\"https:\/\/owitsosnowiec.pl\/?p=101\"},\"wordCount\":179,\"publisher\":{\"@id\":\"http:\/\/owitsosnowiec.pl\/#organization\"},\"image\":{\"@id\":\"https:\/\/owitsosnowiec.pl\/?p=101#primaryimage\"},\"thumbnailUrl\":\"http:\/\/owitsosnowiec.pl\/wp-content\/uploads\/2022\/06\/13.jpg\",\"keywords\":[\"cidon\",\"niepe\u0142nosprawno\u015b\u0107\",\"O\u015brodek Wsparcia i Test\u00f3w\",\"OWIT\",\"Pfron\",\"Sosnowiec\"],\"articleSection\":{\"1\":\"Cidon\",\"2\":\"O\u015brodek Wsparcia i Test\u00f3w\",\"3\":\"OWIT\",\"4\":\"Pfron\",\"5\":\"Sosnowiec\"},\"inLanguage\":\"pl-PL\"},{\"@type\":\"WebPage\",\"@id\":\"https:\/\/owitsosnowiec.pl\/?p=101\",\"url\":\"https:\/\/owitsosnowiec.pl\/?p=101\",\"name\":\"Oficjalne otwarcie OWIT - O\u015brodek Wsparcia i Test\u00f3w w Sosnowcu\",\"isPartOf\":{\"@id\":\"http:\/\/owitsosnowiec.pl\/#website\"},\"primaryImageOfPage\":{\"@id\":\"https:\/\/owitsosnowiec.pl\/?p=101#primaryimage\"},\"image\":{\"@id\":\"https:\/\/owitsosnowiec.pl\/?p=101#primaryimage\"},\"thumbnailUrl\":\"http:\/\/owitsosnowiec.pl\/wp-content\/uploads\/2022\/06\/13.jpg\",\"datePublished\":\"2022-06-26T13:39:00+00:00\",\"dateModified\":\"2026-04-16T07:26:31+00:00\",\"breadcrumb\":{\"@id\":\"https:\/\/owitsosnowiec.pl\/?p=101#breadcrumb\"},\"inLanguage\":\"pl-PL\",\"potentialAction\":[{\"@type\":\"ReadAction\",\"target\":[\"https:\/\/owitsosnowiec.pl\/?p=101\"]}]},{\"@type\":\"ImageObject\",\"inLanguage\":\"pl-PL\",\"@id\":\"https:\/\/owitsosnowiec.pl\/?p=101#primaryimage\",\"url\":\"http:\/\/owitsosnowiec.pl\/wp-content\/uploads\/2022\/06\/13.jpg\",\"contentUrl\":\"http:\/\/owitsosnowiec.pl\/wp-content\/uploads\/2022\/06\/13.jpg\",\"width\":1772,\"height\":1181},{\"@type\":\"BreadcrumbList\",\"@id\":\"https:\/\/owitsosnowiec.pl\/?p=101#breadcrumb\",\"itemListElement\":[{\"@type\":\"ListItem\",\"position\":1,\"name\":\"Home\",\"item\":\"http:\/\/owitsosnowiec.pl\/\"},{\"@type\":\"ListItem\",\"position\":2,\"name\":\"Oficjalne otwarcie OWIT\"}]},{\"@type\":\"WebSite\",\"@id\":\"http:\/\/owitsosnowiec.pl\/#website\",\"url\":\"http:\/\/owitsosnowiec.pl\/\",\"name\":\"O\u015brodek Wsparcia i Test\u00f3w w Sosnowcu\",\"description\":\"\",\"publisher\":{\"@id\":\"http:\/\/owitsosnowiec.pl\/#organization\"},\"potentialAction\":[{\"@type\":\"SearchAction\",\"target\":{\"@type\":\"EntryPoint\",\"urlTemplate\":\"http:\/\/owitsosnowiec.pl\/?s={search_term_string}\"},\"query-input\":{\"@type\":\"PropertyValueSpecification\",\"valueRequired\":true,\"valueName\":\"search_term_string\"}}],\"inLanguage\":\"pl-PL\"},{\"@type\":\"Organization\",\"@id\":\"http:\/\/owitsosnowiec.pl\/#organization\",\"name\":\"O\u015brodek Wsparcia i Test\u00f3w w Sosnowcu\",\"url\":\"http:\/\/owitsosnowiec.pl\/\",\"logo\":{\"@type\":\"ImageObject\",\"inLanguage\":\"pl-PL\",\"@id\":\"http:\/\/owitsosnowiec.pl\/#\/schema\/logo\/image\/\",\"url\":\"http:\/\/owitsosnowiec.pl\/wp-content\/uploads\/2026\/04\/Projekt-bez-nazwy.png\",\"contentUrl\":\"http:\/\/owitsosnowiec.pl\/wp-content\/uploads\/2026\/04\/Projekt-bez-nazwy.png\",\"width\":2017,\"height\":733,\"caption\":\"O\u015brodek Wsparcia i Test\u00f3w w Sosnowcu\"},\"image\":{\"@id\":\"http:\/\/owitsosnowiec.pl\/#\/schema\/logo\/image\/\"}},{\"@type\":\"Person\",\"@id\":\"http:\/\/owitsosnowiec.pl\/#\/schema\/person\/a89842fe862e6af003c5d0d36d630c7c\",\"name\":\"admin\",\"image\":{\"@type\":\"ImageObject\",\"inLanguage\":\"pl-PL\",\"@id\":\"https:\/\/secure.gravatar.com\/avatar\/5e4944fe247161ff26b33b416ef5c794327c5dc77e48a59d6fa95ae7d24c4ed6?s=96&d=mm&r=g\",\"url\":\"https:\/\/secure.gravatar.com\/avatar\/5e4944fe247161ff26b33b416ef5c794327c5dc77e48a59d6fa95ae7d24c4ed6?s=96&d=mm&r=g\",\"contentUrl\":\"https:\/\/secure.gravatar.com\/avatar\/5e4944fe247161ff26b33b416ef5c794327c5dc77e48a59d6fa95ae7d24c4ed6?s=96&d=mm&r=g\",\"caption\":\"admin\"},\"sameAs\":[\"https:\/\/example.com\"],\"url\":\"http:\/\/owitsosnowiec.pl\/?author=1\"}]}<\/script>\n<!-- \/ Yoast SEO plugin. -->","yoast_head_json":{"title":"Oficjalne otwarcie OWIT - O\u015brodek Wsparcia i Test\u00f3w w Sosnowcu","robots":{"index":"index","follow":"follow","max-snippet":"max-snippet:-1","max-image-preview":"max-image-preview:large","max-video-preview":"max-video-preview:-1"},"canonical":"https:\/\/owitsosnowiec.pl\/?p=101","og_locale":"pl_PL","og_type":"article","og_title":"Oficjalne otwarcie OWIT - O\u015brodek Wsparcia i Test\u00f3w w Sosnowcu","og_description":"W czwartek 23 czerwca o godz. 11.00, odby\u0142o si\u0119 oficjalne otwarcie O\u015brodka Wsparcia i Test\u00f3w w Sosnowcu. W trakcie wydarzenia odwiedzaj\u0105cy mieli mo\u017cliwo\u015b\u0107: Serdecznie zapraszamy wszystkich zainteresowanych testowaniem najnowszych technologii asystuj\u0105cych dla os\u00f3b z niepe\u0142nosprawno\u015bci\u0105! ul. Armii Krajowej 94, Sosnowiec (Amfiteatr Muszelka w Parku im. Jacka Kuronia)","og_url":"https:\/\/owitsosnowiec.pl\/?p=101","og_site_name":"O\u015brodek Wsparcia i Test\u00f3w w Sosnowcu","article_published_time":"2022-06-26T13:39:00+00:00","article_modified_time":"2026-04-16T07:26:31+00:00","og_image":[{"width":1772,"height":1181,"url":"https:\/\/owitsosnowiec.pl\/wp-content\/uploads\/2022\/06\/13.jpg","type":"image\/jpeg"}],"author":"admin","twitter_card":"summary_large_image","twitter_misc":{"Napisane przez":"admin","Szacowany czas czytania":"3 minuty"},"schema":{"@context":"https:\/\/schema.org","@graph":[{"@type":"Article","@id":"https:\/\/owitsosnowiec.pl\/?p=101#article","isPartOf":{"@id":"https:\/\/owitsosnowiec.pl\/?p=101"},"author":{"name":"admin","@id":"http:\/\/owitsosnowiec.pl\/#\/schema\/person\/a89842fe862e6af003c5d0d36d630c7c"},"headline":"Oficjalne otwarcie OWIT","datePublished":"2022-06-26T13:39:00+00:00","dateModified":"2026-04-16T07:26:31+00:00","mainEntityOfPage":{"@id":"https:\/\/owitsosnowiec.pl\/?p=101"},"wordCount":179,"publisher":{"@id":"http:\/\/owitsosnowiec.pl\/#organization"},"image":{"@id":"https:\/\/owitsosnowiec.pl\/?p=101#primaryimage"},"thumbnailUrl":"http:\/\/owitsosnowiec.pl\/wp-content\/uploads\/2022\/06\/13.jpg","keywords":["cidon","niepe\u0142nosprawno\u015b\u0107","O\u015brodek Wsparcia i Test\u00f3w","OWIT","Pfron","Sosnowiec"],"articleSection":{"1":"Cidon","2":"O\u015brodek Wsparcia i Test\u00f3w","3":"OWIT","4":"Pfron","5":"Sosnowiec"},"inLanguage":"pl-PL"},{"@type":"WebPage","@id":"https:\/\/owitsosnowiec.pl\/?p=101","url":"https:\/\/owitsosnowiec.pl\/?p=101","name":"Oficjalne otwarcie OWIT - O\u015brodek Wsparcia i Test\u00f3w w Sosnowcu","isPartOf":{"@id":"http:\/\/owitsosnowiec.pl\/#website"},"primaryImageOfPage":{"@id":"https:\/\/owitsosnowiec.pl\/?p=101#primaryimage"},"image":{"@id":"https:\/\/owitsosnowiec.pl\/?p=101#primaryimage"},"thumbnailUrl":"http:\/\/owitsosnowiec.pl\/wp-content\/uploads\/2022\/06\/13.jpg","datePublished":"2022-06-26T13:39:00+00:00","dateModified":"2026-04-16T07:26:31+00:00","breadcrumb":{"@id":"https:\/\/owitsosnowiec.pl\/?p=101#breadcrumb"},"inLanguage":"pl-PL","potentialAction":[{"@type":"ReadAction","target":["https:\/\/owitsosnowiec.pl\/?p=101"]}]},{"@type":"ImageObject","inLanguage":"pl-PL","@id":"https:\/\/owitsosnowiec.pl\/?p=101#primaryimage","url":"http:\/\/owitsosnowiec.pl\/wp-content\/uploads\/2022\/06\/13.jpg","contentUrl":"http:\/\/owitsosnowiec.pl\/wp-content\/uploads\/2022\/06\/13.jpg","width":1772,"height":1181},{"@type":"BreadcrumbList","@id":"https:\/\/owitsosnowiec.pl\/?p=101#breadcrumb","itemListElement":[{"@type":"ListItem","position":1,"name":"Home","item":"http:\/\/owitsosnowiec.pl\/"},{"@type":"ListItem","position":2,"name":"Oficjalne otwarcie OWIT"}]},{"@type":"WebSite","@id":"http:\/\/owitsosnowiec.pl\/#website","url":"http:\/\/owitsosnowiec.pl\/","name":"O\u015brodek Wsparcia i Test\u00f3w w Sosnowcu","description":"","publisher":{"@id":"http:\/\/owitsosnowiec.pl\/#organization"},"potentialAction":[{"@type":"SearchAction","target":{"@type":"EntryPoint","urlTemplate":"http:\/\/owitsosnowiec.pl\/?s={search_term_string}"},"query-input":{"@type":"PropertyValueSpecification","valueRequired":true,"valueName":"search_term_string"}}],"inLanguage":"pl-PL"},{"@type":"Organization","@id":"http:\/\/owitsosnowiec.pl\/#organization","name":"O\u015brodek Wsparcia i Test\u00f3w w Sosnowcu","url":"http:\/\/owitsosnowiec.pl\/","logo":{"@type":"ImageObject","inLanguage":"pl-PL","@id":"http:\/\/owitsosnowiec.pl\/#\/schema\/logo\/image\/","url":"http:\/\/owitsosnowiec.pl\/wp-content\/uploads\/2026\/04\/Projekt-bez-nazwy.png","contentUrl":"http:\/\/owitsosnowiec.pl\/wp-content\/uploads\/2026\/04\/Projekt-bez-nazwy.png","width":2017,"height":733,"caption":"O\u015brodek Wsparcia i Test\u00f3w w Sosnowcu"},"image":{"@id":"http:\/\/owitsosnowiec.pl\/#\/schema\/logo\/image\/"}},{"@type":"Person","@id":"http:\/\/owitsosnowiec.pl\/#\/schema\/person\/a89842fe862e6af003c5d0d36d630c7c","name":"admin","image":{"@type":"ImageObject","inLanguage":"pl-PL","@id":"https:\/\/secure.gravatar.com\/avatar\/5e4944fe247161ff26b33b416ef5c794327c5dc77e48a59d6fa95ae7d24c4ed6?s=96&d=mm&r=g","url":"https:\/\/secure.gravatar.com\/avatar\/5e4944fe247161ff26b33b416ef5c794327c5dc77e48a59d6fa95ae7d24c4ed6?s=96&d=mm&r=g","contentUrl":"https:\/\/secure.gravatar.com\/avatar\/5e4944fe247161ff26b33b416ef5c794327c5dc77e48a59d6fa95ae7d24c4ed6?s=96&d=mm&r=g","caption":"admin"},"sameAs":["https:\/\/example.com"],"url":"http:\/\/owitsosnowiec.pl\/?author=1"}]}},"_links":{"self":[{"href":"http:\/\/owitsosnowiec.pl\/index.php?rest_route=\/wp\/v2\/posts\/101","targetHints":{"allow":["GET"]}}],"collection":[{"href":"http:\/\/owitsosnowiec.pl\/index.php?rest_route=\/wp\/v2\/posts"}],"about":[{"href":"http:\/\/owitsosnowiec.pl\/index.php?rest_route=\/wp\/v2\/types\/post"}],"author":[{"embeddable":true,"href":"http:\/\/owitsosnowiec.pl\/index.php?rest_route=\/wp\/v2\/users\/1"}],"replies":[{"embeddable":true,"href":"http:\/\/owitsosnowiec.pl\/index.php?rest_route=%2Fwp%2Fv2%2Fcomments&post=101"}],"version-history":[{"count":1,"href":"http:\/\/owitsosnowiec.pl\/index.php?rest_route=\/wp\/v2\/posts\/101\/revisions"}],"predecessor-version":[{"id":361,"href":"http:\/\/owitsosnowiec.pl\/index.php?rest_route=\/wp\/v2\/posts\/101\/revisions\/361"}],"wp:featuredmedia":[{"embeddable":true,"href":"http:\/\/owitsosnowiec.pl\/index.php?rest_route=\/wp\/v2\/media\/360"}],"wp:attachment":[{"href":"http:\/\/owitsosnowiec.pl\/index.php?rest_route=%2Fwp%2Fv2%2Fmedia&parent=101"}],"wp:term":[{"taxonomy":"category","embeddable":true,"href":"http:\/\/owitsosnowiec.pl\/index.php?rest_route=%2Fwp%2Fv2%2Fcategories&post=101"},{"taxonomy":"post_tag","embeddable":true,"href":"http:\/\/owitsosnowiec.pl\/index.php?rest_route=%2Fwp%2Fv2%2Ftags&post=101"}],"curies":[{"name":"wp","href":"https:\/\/api.w.org\/{rel}","templated":true}]}}